{"id":38259,"date":"2015-08-10T16:17:29","date_gmt":"2015-08-10T22:17:29","guid":{"rendered":"http:\/\/www.eloriente.net\/home\/?p=38259"},"modified":"2015-08-10T16:17:29","modified_gmt":"2015-08-10T22:17:29","slug":"en-oaxaca-egresan-primeros-licenciados-en-humanidades-de-la-historia","status":"publish","type":"post","link":"http:\/\/www.eloriente.net\/home\/2015\/08\/10\/en-oaxaca-egresan-primeros-licenciados-en-humanidades-de-la-historia\/","title":{"rendered":"En Oaxaca, egresan primeros licenciados en Humanidades de la historia"},"content":{"rendered":"<p><script src=\"\/\/pagead2.googlesyndication.com\/pagead\/js\/adsbygoogle.js\" async=\"\"><\/script><!-- BANNER ELORIENTE INCRUSTADO NOTAS --> <ins class=\"adsbygoogle\" style=\"display: inline-block; width: 300px; height: 250px;\" data-ad-client=\"ca-pub-1136171134853753\" data-ad-slot=\"7974633627\"><\/ins><script>\/\/ <![CDATA[\n(adsbygoogle = window.adsbygoogle || []).push({});\n\/\/ ]]><\/script><\/p>\n<p>&nbsp;<\/p>\n<p>&nbsp;<\/p>\n<p>&nbsp;<\/p>\n<p>eloriente.net\/UABJO<\/p>\n<p>10 de agosto de 2015<\/p>\n<p>Estudiantes de la Licenciatura en Humanidades en las \u00e1reas de filosof\u00eda, historia y literatura, del Instituto de Investigaciones en Humanidades de la Universidad Aut\u00f3noma Benito Ju\u00e1rez de Oaxaca (IIHUABJO) celebraron en compa\u00f1\u00eda de autoridades universitarias, maestros y familiares, la ceremonia de graduaci\u00f3n por haber concluido sus estudios en la generaci\u00f3n 2011 \u2013 2015.<\/p>\n<p>El evento tuvo lugar en el hist\u00f3rico Paraninfo del Edificio Central de la Facultad de Derecho y Ciencias Sociales de la UABJO y cont\u00f3 con la presencia del Rector, Eduardo Mart\u00ednez Helmes; el Director del IIHUABJO, Francisco Ru\u00edz Cervantes, el maestro Alfonso Gazga Flores; Secretario Acad\u00e9mico del IIHUABJO y la maestra Margarita Salazar Canseco, \u00a0Coordinadora Acad\u00e9mica de la instituci\u00f3n.<\/p>\n<p>En su mensaje, Ru\u00edz Cervantes reconoci\u00f3 el esfuerzo de los 27 estudiantes que culminaron satisfactoriamente los ocho semestres que componen la licenciatura. Asimismo, se\u00f1al\u00f3 que la apertura de esta licenciatura signific\u00f3 todo un desaf\u00edo institucional; sin embargo, el esfuerzo invertido ha dado sus primeros frutos con esta primera generaci\u00f3n.<\/p>\n<p><a href=\"http:\/\/www.eloriente.net\/home\/wp-content\/uploads\/2015\/08\/Primera-generaci\u00f3n-de-licenciados-en-Humanidades-UABJO-agosto-2015.jpg\"><img loading=\"lazy\" decoding=\"async\" class=\"alignnone  wp-image-38262\" src=\"http:\/\/www.eloriente.net\/home\/wp-content\/uploads\/2015\/08\/Primera-generaci\u00f3n-de-licenciados-en-Humanidades-UABJO-agosto-2015.jpg\" alt=\"Primera generaci\u00f3n de licenciados en Humanidades UABJO agosto 2015\" width=\"500\" height=\"333\" srcset=\"http:\/\/www.eloriente.net\/home\/wp-content\/uploads\/2015\/08\/Primera-generaci\u00f3n-de-licenciados-en-Humanidades-UABJO-agosto-2015.jpg 1000w, http:\/\/www.eloriente.net\/home\/wp-content\/uploads\/2015\/08\/Primera-generaci\u00f3n-de-licenciados-en-Humanidades-UABJO-agosto-2015-300x200.jpg 300w, http:\/\/www.eloriente.net\/home\/wp-content\/uploads\/2015\/08\/Primera-generaci\u00f3n-de-licenciados-en-Humanidades-UABJO-agosto-2015-900x600.jpg 900w\" sizes=\"(max-width: 500px) 100vw, 500px\" \/><\/a><\/p>\n<p>A continuaci\u00f3n, el estudiante Jos\u00e9 P\u00e9rez Ordiano, emiti\u00f3 un mensaje a nombre de sus dem\u00e1s compa\u00f1eros, en el que destac\u00f3 la importancia social de los estudiantes en humanidades y record\u00f3 algunas an\u00e9cdotas de su paso por las aulas.<\/p>\n<p>Posteriormente, Mart\u00ednez Helmes dirigi\u00f3 a los reci\u00e9n graduados un mensaje en el que destac\u00f3 el trabajo coordinado entre las autoridades universitarias, los maestros y los estudiantes para lograr el adecuado desarrollo de esta licenciatura y que las ense\u00f1anzas generadas y compartidas en el aula, puedan traducirse en el campo laboral.<\/p>\n<p>\u201cUstedes, en su calidad de universitarios egresados, no solamente tendr\u00e1n puesta la camiseta, tendr\u00e1n tatuado en su coraz\u00f3n el escudo de nuestra universidad\u201d se\u00f1al\u00f3 el Rector.<\/p>\n<p>El egresado de la licenciatura est\u00e1 capacitado para investigar problem\u00e1ticas relacionadas con los \u00e1mbitos, filos\u00f3fico, hist\u00f3rico y literario, aplicando diversas teor\u00edas y metodolog\u00edas del campo de las humanidades que generen saberes que conduzcan al conocimiento, comprensi\u00f3n y transformaci\u00f3n de la realidad dentro de un marco \u00e9tico, cr\u00edtico y reflexivo.<\/p>\n<p><strong>OTRAS ENTRADAS:<\/strong><\/p>\n<div class=\"featuredpost\">\n<h2 class=\"posttitle bigposttitle\"><a title=\"Enlace Permanente a Pueblos ind\u00edgenas: defensa de la naci\u00f3n multicultural\" href=\"http:\/\/www.eloriente.net\/home\/2015\/08\/10\/pueblos-indigenas-defensa-de-la-nacion-multicultural\/\" rel=\"bookmark\">Pueblos ind\u00edgenas: defensa de la naci\u00f3n multicultural<\/a><\/h2>\n<p>(www.eloriente.net, M\u00e9xico, 10 de agosto de 2015. Por: V\u00edctor Leonel Juan).- M\u00e9xico es un pa\u00eds multicultural. As\u00ed lo se\u00f1ala nuestra Constituci\u00f3n\u2026<\/p>\n<p class=\"postmeta\"><span class=\"meta_date\">agosto 10, 2015<\/span><\/p>\n<div class=\"toolbar-social\">\n<div class=\"social-widget\">\n<div id=\"sharing-widget\"><a class=\"button icon-share\">Compartir<\/a><span class=\"share-count\">0<\/span><\/div>\n<\/div>\n<\/div>\n<\/div>\n<div class=\"featuredpost\">\n<p><a href=\"http:\/\/www.eloriente.net\/home\/2015\/08\/08\/unite4heritage-abre-concurso-fotografico-sobre-patrimonio-cultural\/\" rel=\"bookmark\"><img decoding=\"async\" class=\"alignleft\" title=\"Unite4heritage abre Concurso Fotogr\u00e1fico sobre Patrimonio Cultural\" src=\"http:\/\/www.eloriente.net\/home\/wp-content\/themes\/city-desk\/timthumb.php?src=http%3A%2F%2Fwww.eloriente.net%2Fhome%2Fwp-content%2Fuploads%2F2015%2F08%2FPOSTER-UNIT4HERITAGE.png&amp;q=90&amp;w=90&amp;h=83&amp;zc=1\" alt=\"Unite4heritage abre Concurso Fotogr\u00e1fico sobre Patrimonio Cultural\" \/><\/a><\/p>\n<h2 class=\"posttitle \"><a title=\"Enlace Permanente a Unite4heritage abre Concurso Fotogr\u00e1fico sobre Patrimonio Cultural\" href=\"http:\/\/www.eloriente.net\/home\/2015\/08\/08\/unite4heritage-abre-concurso-fotografico-sobre-patrimonio-cultural\/\" rel=\"bookmark\">Unite4heritage abre Concurso Fotogr\u00e1fico sobre Patrimonio Cultural<\/a><\/h2>\n<p>(www.eloriente.net, M\u00e9xico, 8 de agosto de 2015. Por: Fernando Vital).- La mec\u00e1nica es muy sencilla: toma una fotograf\u00eda de un elemento\u2026<\/p>\n<p class=\"postmeta\"><span class=\"meta_date\">agosto 8, 2015<\/span><\/p>\n<div class=\"toolbar-social\">\n<div class=\"social-widget\">\n<div id=\"sharing-widget\"><a class=\"button icon-share\">Compartir<\/a><span class=\"share-count\">2<\/span><\/div>\n<\/div>\n<\/div>\n<\/div>\n<div class=\"featuredpost\">\n<p><a href=\"http:\/\/www.eloriente.net\/home\/2015\/08\/06\/oaxaca-un-continente-fomento-a-la-gastronomia\/\" rel=\"bookmark\"><img decoding=\"async\" class=\"alignleft\" title=\"Oaxaca, un continente: Fomento a la gastronom\u00eda\" src=\"http:\/\/www.eloriente.net\/home\/wp-content\/themes\/city-desk\/timthumb.php?src=http%3A%2F%2Fwww.eloriente.net%2Fhome%2Fwp-content%2Fuploads%2F2015%2F08%2FGASTRONOMIA-senderosoax.png&amp;q=90&amp;w=90&amp;h=83&amp;zc=1\" alt=\"Oaxaca, un continente: Fomento a la gastronom\u00eda\" \/><\/a><\/p>\n<h2 class=\"posttitle \"><a title=\"Enlace Permanente a Oaxaca, un continente: Fomento a la gastronom\u00eda\" href=\"http:\/\/www.eloriente.net\/home\/2015\/08\/06\/oaxaca-un-continente-fomento-a-la-gastronomia\/\" rel=\"bookmark\">Oaxaca, un continente: Fomento a la gastronom\u00eda<\/a><\/h2>\n<p>Oaxaca, un continente. Oportunidad con sabor a mole: la Pol\u00edtica de Fomento a la Gastronom\u00eda Nacional y Oaxaca. (www.eloriente.net, M\u00e9xico, 6 de agosto\u2026<\/p>\n<p class=\"postmeta\"><span class=\"meta_date\">agosto 6, 2015<\/span><\/p>\n<div class=\"toolbar-social\">\n<div class=\"social-widget\">\n<div id=\"sharing-widget\"><a class=\"button icon-share\">Compartir<\/a><span class=\"share-count\">6<\/span><\/div>\n<\/div>\n<\/div>\n<\/div>\n\n\t\t\t  <div \n\t\t\t  \tclass = \"fb-comments\" \n\t\t\t  \tdata-href = \"http:\/\/www.eloriente.net\/home\/2015\/08\/10\/en-oaxaca-egresan-primeros-licenciados-en-humanidades-de-la-historia\/\"\n\t\t\t  \tdata-numposts = \"10\"\n\t\t\t\tdata-colorscheme = \"dark\"\n\t\t\t\tdata-order-by = \"social\"\n\t\t\t\tdata-mobile=true>\n\t\t\t  <\/div>\n\t\t  <style>\n\t\t\t.fb_iframe_widget_fluid_desktop iframe {\n\t\t\t    width: 100% !important;\n\t\t\t}\n\t\t  <\/style>\n\t\t  ","protected":false},"excerpt":{"rendered":"<p>&nbsp; &nbsp; &nbsp; eloriente.net\/UABJO 10 de agosto de 2015 Estudiantes de la Licenciatura en Humanidades en las \u00e1reas de filosof\u00eda, historia y literatura, del Instituto de Investigaciones en Humanidades de la Universidad Aut\u00f3noma Benito Ju\u00e1rez de Oaxaca (IIHUABJO) celebraron en compa\u00f1\u00eda de autoridades universitarias, maestros y familiares, la ceremonia de graduaci\u00f3n por haber concluido sus [&hellip;]<\/p>\n","protected":false},"author":1,"featured_media":38262,"comment_status":"open","ping_status":"open","sticky":false,"template":"","format":"standard","meta":{"_jetpack_memberships_contains_paid_content":false,"footnotes":""},"categories":[1588,32,63,464,31],"tags":[3846,3950,3905],"class_list":["post-38259","post","type-post","status-publish","format-standard","has-post-thumbnail","hentry","category-comunicados-y-boletines","category-entradas","category-estados","category-oaxaca-estados","category-principal","tag-educacion-oaxaca","tag-humanidades-uabjo","tag-universidades-oaxaca"],"jetpack_featured_media_url":"http:\/\/www.eloriente.net\/home\/wp-content\/uploads\/2015\/08\/Primera-generaci\u00f3n-de-licenciados-en-Humanidades-UABJO-agosto-2015.jpg","jetpack_sharing_enabled":true,"_links":{"self":[{"href":"http:\/\/www.eloriente.net\/home\/wp-json\/wp\/v2\/posts\/38259"}],"collection":[{"href":"http:\/\/www.eloriente.net\/home\/wp-json\/wp\/v2\/posts"}],"about":[{"href":"http:\/\/www.eloriente.net\/home\/wp-json\/wp\/v2\/types\/post"}],"author":[{"embeddable":true,"href":"http:\/\/www.eloriente.net\/home\/wp-json\/wp\/v2\/users\/1"}],"replies":[{"embeddable":true,"href":"http:\/\/www.eloriente.net\/home\/wp-json\/wp\/v2\/comments?post=38259"}],"version-history":[{"count":1,"href":"http:\/\/www.eloriente.net\/home\/wp-json\/wp\/v2\/posts\/38259\/revisions"}],"predecessor-version":[{"id":38263,"href":"http:\/\/www.eloriente.net\/home\/wp-json\/wp\/v2\/posts\/38259\/revisions\/38263"}],"wp:featuredmedia":[{"embeddable":true,"href":"http:\/\/www.eloriente.net\/home\/wp-json\/wp\/v2\/media\/38262"}],"wp:attachment":[{"href":"http:\/\/www.eloriente.net\/home\/wp-json\/wp\/v2\/media?parent=38259"}],"wp:term":[{"taxonomy":"category","embeddable":true,"href":"http:\/\/www.eloriente.net\/home\/wp-json\/wp\/v2\/categories?post=38259"},{"taxonomy":"post_tag","embeddable":true,"href":"http:\/\/www.eloriente.net\/home\/wp-json\/wp\/v2\/tags?post=38259"}],"curies":[{"name":"wp","href":"https:\/\/api.w.org\/{rel}","templated":true}]}}