{"id":38334,"date":"2015-08-13T15:40:05","date_gmt":"2015-08-13T21:40:05","guid":{"rendered":"http:\/\/www.eloriente.net\/home\/?p=38334"},"modified":"2015-08-13T15:59:07","modified_gmt":"2015-08-13T21:59:07","slug":"turbonada-sorprende-en-costa-de-oaxaca","status":"publish","type":"post","link":"http:\/\/www.eloriente.net\/home\/2015\/08\/13\/turbonada-sorprende-en-costa-de-oaxaca\/","title":{"rendered":"Turbonada sorprende en costa de Oaxaca"},"content":{"rendered":"<p><script src=\"\/\/pagead2.googlesyndication.com\/pagead\/js\/adsbygoogle.js\" async=\"\"><\/script><!-- BANNER ELORIENTE INCRUSTADO NOTAS --> <ins class=\"adsbygoogle\" style=\"display: inline-block; width: 300px; height: 250px;\" data-ad-client=\"ca-pub-1136171134853753\" data-ad-slot=\"7974633627\"><\/ins><script>\/\/ <![CDATA[\n(adsbygoogle = window.adsbygoogle || []).push({});\n\/\/ ]]><\/script><\/p>\n<p>&nbsp;<\/p>\n<p>&nbsp;<\/p>\n<p>(www.eloriente.net, M\u00e9xico, 13 de agosto de 2015 por Valery L\u00f3pez).- \u00a0El Gobierno de Oaxaca a trav\u00e9s de la Coordinaci\u00f3n Estatal de Protecci\u00f3n Civil de Oaxaca (CEPCO) inform\u00f3 que alrededor de las 10 de la ma\u00f1ana de este jueves pobladores de las playas de Mazunte, Ventanilla, San Agustillo y Zipolite, pertenecientes al municipio de Santa Mar\u00eda Tonameca, reportaron la aparici\u00f3n de un fen\u00f3meno conocido como \u00abTurbonada\u00bb.<\/p>\n<p>Cabe se\u00f1alar que varios pobladores de las zonas donde se pudo apreciar este fen\u00f3meno se dieron a la tarea de dar fe del mismo a trav\u00e9s de redes sociales, donde compartieron fotos y v\u00eddeos del supuesto \u00abTornado\u00bb.<\/p>\n<p>&nbsp;<\/p>\n<div id=\"fb-root\"><\/div>\n<p><script>\/\/ <![CDATA[\n(function(d, s, id) {  var js, fjs = d.getElementsByTagName(s)[0];  if (d.getElementById(id)) return;  js = d.createElement(s); js.id = id;  js.src = \"\/\/connect.facebook.net\/es_LA\/sdk.js#xfbml=1&#038;version=v2.3\";  fjs.parentNode.insertBefore(js, fjs);}(document, 'script', 'facebook-jssdk'));\n\/\/ ]]><\/script><\/p>\n<div class=\"fb-video\" data-allowfullscreen=\"1\" data-href=\"\/gabytodi\/videos\/vb.1076763729\/10205754654480384\/?type=1\">\n<div class=\"fb-xfbml-parse-ignore\">\n<blockquote cite=\"https:\/\/www.facebook.com\/gabytodi\/videos\/10205754654480384\/\"><p>No ma vieron lo que yo vi? S\u00f3lo ignoren los comentarios jajajajaja 13\/08\/2015 10:19am..<\/p>\n<p>Posted by <a href=\"https:\/\/www.facebook.com\/gabytodi\">Gaby Toscano<\/a> on Jueves, 13 de agosto de 2015<\/p><\/blockquote>\n<\/div>\n<\/div>\n<p>&nbsp;<\/p>\n<blockquote class=\"twitter-tweet\" lang=\"es\">\n<p dir=\"ltr\" lang=\"es\">Mazunte Oax. Hoy por la ma\u00f1ana. <a href=\"http:\/\/t.co\/xICpBRK16t\">pic.twitter.com\/xICpBRK16t<\/a><\/p>\n<p>\u2014 Octavio Del R\u00eco A. (@octaviodelrio) <a href=\"https:\/\/twitter.com\/octaviodelrio\/status\/631935918610382849\">agosto 13, 2015<\/a><\/p><\/blockquote>\n<p><script src=\"\/\/platform.twitter.com\/widgets.js\" async=\"\" charset=\"utf-8\"><\/script>Anteriormente el Servicio Meteorol\u00f3gico Nacional (SMN) hab\u00eda informado mediante comunicado que existe una zona de inestabilidad asociada a la Onda Tropical N\u00famero 27, y que dicha condici\u00f3n ten\u00eda probabilidades de desarrollo cicl\u00f3nico, sin embargo, no se ten\u00eda previsto la aparici\u00f3n de un fen\u00f3meno de este tipo.<\/p>\n<p>De acuerdo con el informe de Protecci\u00f3n Civil, las dependencias de Santa Mar\u00eda Huatulco y Puerto Escondido reportan s\u00f3lo da\u00f1os menores a palapas, ca\u00eddas de ramas de \u00e1rboles y basura diseminada por la zona. Debido a ello las autoridades municipales de Santa Mar\u00eda Tonameca en coordinaci\u00f3n con Protecci\u00f3n Civil Estatal, la Comisi\u00f3n Nacional del Agua (CONAGUA) y la Secretar\u00eda de Turismo y Desarrollo Econ\u00f3mico (STyDE), realizan recorridos de verificaci\u00f3n y evaluaci\u00f3n de posibles da\u00f1os. \u00a0<\/p>\n<blockquote class=\"twitter-tweet\" lang=\"es\"><p>\nRealizamos recorridos de seguridad y vigilancia en Mazunte <a href=\"https:\/\/twitter.com\/hashtag\/Oaxaca?src=hash\">#Oaxaca<\/a> <a href=\"https:\/\/twitter.com\/GabinoCue\">@GabinoCue<\/a> <a href=\"https:\/\/twitter.com\/VictorAlonso13\">@VictorAlonso13<\/a> <a href=\"https:\/\/twitter.com\/Policia_Vial\">@Policia_Vial<\/a> <a href=\"http:\/\/t.co\/wl3G9WiyYn\">pic.twitter.com\/wl3G9WiyYn<\/a> \u2014 Polic\u00eda Vial Estatal (@PolVial_GobOax) <a href=\"https:\/\/twitter.com\/PolVial_GobOax\/status\/631898515892011008\">agosto 13, 2015<\/a>\n<\/p><\/blockquote>\n<p><script src=\"\/\/platform.twitter.com\/widgets.js\" async=\"\" charset=\"utf-8\"><\/script><\/p>\n<p>La Secretar\u00eda de Marina-Armada de M\u00e9xico (SEMAR) se\u00f1ala que la \u00abTurbonada\u00bb es un fen\u00f3meno que se caracteriza por sus cambios muy marcados en la velocidad del viento. Aparece bruscamente y dura s\u00f3lo unos minutos antes de ir debilit\u00e1ndose\u00a0con rapidez. Por lo general se acompa\u00f1a por chubascos y tormentas.<\/p>\n<p><a href=\"http:\/\/www.eloriente.net\/home\/wp-content\/uploads\/2015\/08\/Turbonada-mazunte-@cruzrojaoaxaca.jpg\"><img loading=\"lazy\" decoding=\"async\" class=\"alignnone size-medium wp-image-38335\" src=\"http:\/\/www.eloriente.net\/home\/wp-content\/uploads\/2015\/08\/Turbonada-mazunte-@cruzrojaoaxaca-300x224.jpg\" alt=\"Turbonada mazunte @cruzrojaoaxaca\" width=\"300\" height=\"224\" \/><\/a><\/p>\n<p>&nbsp;<\/p>\n<p>Imagen tomada de la cuenta de Twitter @cruzrojaoaxaca<\/p>\n<p><iframe loading=\"lazy\" src=\"https:\/\/www.youtube.com\/embed\/YnKPQwOmjZQ\" width=\"560\" height=\"420\" frameborder=\"0\" allowfullscreen=\"allowfullscreen\"><\/iframe><\/p>\n<p>OTRAS\u00a0ENTRADAS<\/p>\n<div class=\"featuredpost\">\n<div class=\"flow_hide\">\n<h2 class=\"posttitle bigposttitle\"><a title=\"Enlace Permanente a Llega segunda edici\u00f3n del Festival de Gui\u00f3n Cinematogr\u00e1fico\" href=\"http:\/\/www.eloriente.net\/home\/2015\/08\/13\/llega-segunda-edicion-del-festival-de-guion-cinematografico\/\" rel=\"bookmark\">Llega segunda edici\u00f3n del Festival de Gui\u00f3n Cinematogr\u00e1fico<\/a><\/h2>\n<\/div>\n<p>(www.eloriente.net, M\u00e9xico, 12 de agosto de 2015, por Valery L\u00f3pez).- Por segundo a\u00f1o consecutivo Escribe Cine A.C. realizar\u00e1 el Festival de Gui\u00f3n Cinematogr\u00e1fico que se llevar\u00e1\u2026<\/p>\n<p class=\"postmeta\"><span class=\"meta_date\">agosto 13, 2015<\/span><\/p>\n<\/div>\n<div class=\"featuredpost\">\n<div class=\"flow_hide\">\n<h2 class=\"posttitle \"><a title=\"Enlace Permanente a American Graffit: Antes de la fuerza espacial, Lucas retrat\u00f3 la fuerza de la juventud\" href=\"http:\/\/www.eloriente.net\/home\/2015\/08\/13\/american-graffit-antes-de-la-fuerza-espacial-lucas-retrato-la-fuerza-de-la-juventud\/\" rel=\"bookmark\">American Graffit: Antes de la fuerza espacial, Lucas retrat\u00f3 la fuerza de la juventud<\/a><\/h2>\n<\/div>\n<p>Hace mucho tiempo\u2026 en una galaxia en la que habitamos la mayor\u00eda de los mortales, un joven cineasta que buscaba la aprobaci\u00f3n de los grandes estudios consigui\u00f3\u2026<\/p>\n<p class=\"postmeta\"><span class=\"meta_date\">agosto 13, 2015<\/span><\/p>\n<\/div>\n<div class=\"featuredpost\">\n<div class=\"flow_hide\"><a href=\"http:\/\/www.eloriente.net\/home\/2015\/08\/12\/si-estoy-interesado-en-dirigir-el-prd-rios-piter\/\" rel=\"bookmark\"><img decoding=\"async\" class=\"alignleft\" title=\"S\u00ed estoy interesado en dirigir el PRD: R\u00edos Piter\" src=\"http:\/\/www.eloriente.net\/home\/wp-content\/themes\/city-desk\/timthumb.php?src=http%3A%2F%2Fwww.eloriente.net%2Fhome%2Fwp-content%2Fuploads%2F2015%2F08%2F2015Junlio16-SegundaComisio%CC%81n-Rios-4.jpg&amp;q=90&amp;w=70&amp;h=45&amp;zc=1\" alt=\"S\u00ed estoy interesado en dirigir el PRD: R\u00edos Piter\" \/><\/a><\/p>\n<h2 class=\"posttitle \"><a title=\"Enlace Permanente a S\u00ed estoy interesado en dirigir el PRD: R\u00edos Piter\" href=\"http:\/\/www.eloriente.net\/home\/2015\/08\/12\/si-estoy-interesado-en-dirigir-el-prd-rios-piter\/\" rel=\"bookmark\">S\u00ed estoy interesado en dirigir el PRD: R\u00edos Piter<\/a><\/h2>\n<\/div>\n<p>(www.eloriente.net, M\u00e9xico, 12 de agosto de 2015).- \u201cSin duda alguna\u201d, fue la expresi\u00f3n que el senador por el estado de Guerrero, Armando R\u00edos Piter, utiliz\u00f3 para\u2026<\/p>\n<p class=\"postmeta\"><span class=\"meta_date\">agosto 12, 2015<\/span><\/p>\n<\/div>\n\n\t\t\t  <div \n\t\t\t  \tclass = \"fb-comments\" \n\t\t\t  \tdata-href = \"http:\/\/www.eloriente.net\/home\/2015\/08\/13\/turbonada-sorprende-en-costa-de-oaxaca\/\"\n\t\t\t  \tdata-numposts = \"10\"\n\t\t\t\tdata-colorscheme = \"dark\"\n\t\t\t\tdata-order-by = \"social\"\n\t\t\t\tdata-mobile=true>\n\t\t\t  <\/div>\n\t\t  <style>\n\t\t\t.fb_iframe_widget_fluid_desktop iframe {\n\t\t\t    width: 100% !important;\n\t\t\t}\n\t\t  <\/style>\n\t\t  ","protected":false},"excerpt":{"rendered":"<p>&nbsp; &nbsp; (www.eloriente.net, M\u00e9xico, 13 de agosto de 2015 por Valery L\u00f3pez).- \u00a0El Gobierno de Oaxaca a trav\u00e9s de la Coordinaci\u00f3n Estatal de Protecci\u00f3n Civil de Oaxaca (CEPCO) inform\u00f3 que alrededor de las 10 de la ma\u00f1ana de este jueves pobladores de las playas de Mazunte, Ventanilla, San Agustillo y Zipolite, pertenecientes al municipio de [&hellip;]<\/p>\n","protected":false},"author":44,"featured_media":38335,"comment_status":"open","ping_status":"open","sticky":false,"template":"","format":"standard","meta":{"_jetpack_memberships_contains_paid_content":false,"footnotes":""},"categories":[63,3719,20,23,464,31,19],"tags":[3984,2729,1466,3982,3983,3980,3981],"class_list":["post-38334","post","type-post","status-publish","format-standard","has-post-thumbnail","hentry","category-estados","category-huatulco-municipios","category-medio-ambiente","category-municipios","category-oaxaca-estados","category-principal","category-turismo-y-negocios","tag-fenomeno-meteorologico","tag-mazunte","tag-proteccion-civil","tag-semar","tag-tornado","tag-turbonada","tag-zipolite"],"jetpack_featured_media_url":"http:\/\/www.eloriente.net\/home\/wp-content\/uploads\/2015\/08\/Turbonada-mazunte-@cruzrojaoaxaca-e1439501985199.jpg","jetpack_sharing_enabled":true,"_links":{"self":[{"href":"http:\/\/www.eloriente.net\/home\/wp-json\/wp\/v2\/posts\/38334"}],"collection":[{"href":"http:\/\/www.eloriente.net\/home\/wp-json\/wp\/v2\/posts"}],"about":[{"href":"http:\/\/www.eloriente.net\/home\/wp-json\/wp\/v2\/types\/post"}],"author":[{"embeddable":true,"href":"http:\/\/www.eloriente.net\/home\/wp-json\/wp\/v2\/users\/44"}],"replies":[{"embeddable":true,"href":"http:\/\/www.eloriente.net\/home\/wp-json\/wp\/v2\/comments?post=38334"}],"version-history":[{"count":9,"href":"http:\/\/www.eloriente.net\/home\/wp-json\/wp\/v2\/posts\/38334\/revisions"}],"predecessor-version":[{"id":38347,"href":"http:\/\/www.eloriente.net\/home\/wp-json\/wp\/v2\/posts\/38334\/revisions\/38347"}],"wp:featuredmedia":[{"embeddable":true,"href":"http:\/\/www.eloriente.net\/home\/wp-json\/wp\/v2\/media\/38335"}],"wp:attachment":[{"href":"http:\/\/www.eloriente.net\/home\/wp-json\/wp\/v2\/media?parent=38334"}],"wp:term":[{"taxonomy":"category","embeddable":true,"href":"http:\/\/www.eloriente.net\/home\/wp-json\/wp\/v2\/categories?post=38334"},{"taxonomy":"post_tag","embeddable":true,"href":"http:\/\/www.eloriente.net\/home\/wp-json\/wp\/v2\/tags?post=38334"}],"curies":[{"name":"wp","href":"https:\/\/api.w.org\/{rel}","templated":true}]}}