{"id":38383,"date":"2015-08-15T09:56:34","date_gmt":"2015-08-15T15:56:34","guid":{"rendered":"http:\/\/www.eloriente.net\/home\/?p=38383"},"modified":"2015-08-15T09:56:34","modified_gmt":"2015-08-15T15:56:34","slug":"registro-para-cedula-de-identidad-ciudadana-debio-comenzar-en-2011-que-ha-pasado","status":"publish","type":"post","link":"http:\/\/www.eloriente.net\/home\/2015\/08\/15\/registro-para-cedula-de-identidad-ciudadana-debio-comenzar-en-2011-que-ha-pasado\/","title":{"rendered":"Registro para C\u00e9dula de Identidad Ciudadana debi\u00f3 comenzar en 2011; \u00bfqu\u00e9 ha pasado?"},"content":{"rendered":"<p><script src=\"\/\/pagead2.googlesyndication.com\/pagead\/js\/adsbygoogle.js\" async=\"\"><\/script><!-- BANNER ELORIENTE INCRUSTADO NOTAS --> <ins class=\"adsbygoogle\" style=\"display: inline-block; width: 300px; height: 250px;\" data-ad-client=\"ca-pub-1136171134853753\" data-ad-slot=\"7974633627\"><\/ins><script>\/\/ <![CDATA[\n(adsbygoogle = window.adsbygoogle || []).push({});\n\/\/ ]]><\/script><br \/>\n&nbsp;<\/p>\n<p>eloriente.net\/Senado<\/p>\n<p>15 de agosto de 2015<\/p>\n<ul>\n<li><strong>En el gobierno de Felipe Calder\u00f3n se logr\u00f3 el registro aproximado de 18.1 por ciento de los ni\u00f1os y ni\u00f1as del pa\u00eds, detalla el dictamen.<\/strong><\/li>\n<li><strong>C\u00e9dula garantiza derecho a la entidad ciudadana y facilitar\u00e1 tr\u00e1mites y servicios.<\/strong><\/li>\n<\/ul>\n<p>La Secretar\u00eda de Gobernaci\u00f3n (Segob) deber\u00e1 remitir a la Comisi\u00f3n Permanente, en un plazo de 15 d\u00edas, un informe acerca del estado que guarda el proceso de registro y expedici\u00f3n de la C\u00e9dula de Identidad Ciudadana.<\/p>\n<p>As\u00ed lo dispuso el Pleno de la Comisi\u00f3n Permanente, al aprobar el dictamen en el que se recuerda que, en enero de 2011, dicha dependencia inform\u00f3 que iniciar\u00eda el registro de poco m\u00e1s de 25 millones de ni\u00f1os y j\u00f3venes de cuatro a 17 a\u00f1os de edad en todo el pa\u00eds, a fin de emitir las C\u00e9dulas de Identificaci\u00f3n Personal para menores de edad.<\/p>\n<p>La primera etapa, seg\u00fan especifica el texto, iniciar\u00eda en Baja California, Colima, Chiapas, Guanajuato, Jalisco y Nuevo Le\u00f3n, mediante la recolecci\u00f3n de datos para el documento y de acuerdo con estimaciones de la propia Secretar\u00eda, el registro de los menores de edad concluir\u00eda a finales de 2012 para, posteriormente dar paso a la expedici\u00f3n de c\u00e9dulas a mayores de edad.<\/p>\n<p>No obstante en 2011, el Instituto Federal Electoral, ahora Instituto Nacional Electoral (INE), rechaz\u00f3 dicho procedimiento porque consider\u00f3 que ante el proceso electoral federal, la emisi\u00f3n de dicho documento podr\u00eda perjudicar la participaci\u00f3n ciudadana en las urnas.<\/p>\n<p>En el gobierno de Felipe Calder\u00f3n se logr\u00f3 el registro aproximado de 18.1 por ciento de los ni\u00f1os y ni\u00f1as del pa\u00eds, detalla el dictamen.<\/p>\n<p>Por otra parte, se precisa que en uno de los acuerdos del \u201cPacto por M\u00e9xico\u201d se plante\u00f3 retomar la emisi\u00f3n de la c\u00e9dula de identidad, y \u201ccon el objetivo de garantizar el derecho a la entidad ciudadana, se analizar\u00e1 la necesidad de establecer los cambios jur\u00eddicos e institucionales para crear la C\u00e9dula de Identidad Ciudadana y el Registro Nacional de Poblaci\u00f3n, asegurando que no se utilice con motivos pol\u00edticos o electorales\u201d.<\/p>\n<p>Los legisladores tambi\u00e9n resaltaron que uno de los compromisos del presidente Enrique Pe\u00f1a Nieto es retomar el tema, con el objeto de facilitar tr\u00e1mites y servicios; adem\u00e1s, contar con informaci\u00f3n para su empleo en materia de seguridad p\u00fablica.<\/p>\n<p>Sin embargo, reconocen que en opini\u00f3n de diversas organizaciones civiles y organismos aut\u00f3nomos, la propuesta duplicar\u00eda las opciones de identificaci\u00f3n para los mexicanos. No obstante, el IFAI, ahora Instituto Nacional de Transparencia, Acceso a la Informaci\u00f3n y Protecci\u00f3n de Datos Personales (INAI) ha subrayado que, de acuerdo con la experiencia de otras c\u00e9dulas expedidas en el mundo, incluir las huellas dactilares el documento le dar\u00eda una confiabilidad de 99 por ciento.<\/p>\n<p><a href=\"http:\/\/www.eloriente.net\/home\/wp-content\/uploads\/2015\/08\/Huellas-en-la-arena-cc-casaseneleste.jpg\"><img loading=\"lazy\" decoding=\"async\" class=\"alignnone size-large wp-image-38384\" src=\"http:\/\/www.eloriente.net\/home\/wp-content\/uploads\/2015\/08\/Huellas-en-la-arena-cc-casaseneleste-1024x682.jpg\" alt=\"Huellas en la arena cc casaseneleste\" width=\"1024\" height=\"682\" srcset=\"http:\/\/www.eloriente.net\/home\/wp-content\/uploads\/2015\/08\/Huellas-en-la-arena-cc-casaseneleste-1024x682.jpg 1024w, http:\/\/www.eloriente.net\/home\/wp-content\/uploads\/2015\/08\/Huellas-en-la-arena-cc-casaseneleste-300x199.jpg 300w, http:\/\/www.eloriente.net\/home\/wp-content\/uploads\/2015\/08\/Huellas-en-la-arena-cc-casaseneleste-900x599.jpg 900w, http:\/\/www.eloriente.net\/home\/wp-content\/uploads\/2015\/08\/Huellas-en-la-arena-cc-casaseneleste.jpg 2048w\" sizes=\"(max-width: 1024px) 100vw, 1024px\" \/><\/a><\/p>\n<p><strong>OTRAS ENTRADAS:<\/strong><\/p>\n<div class=\"featuredpost\">\n<h2 class=\"posttitle bigposttitle\"><a title=\"Enlace Permanente a 9 ciudadanos integrar\u00e1n nuevo Consejo Consultivo IEEPO; aqu\u00ed convocatoria \u00edntegra\" href=\"http:\/\/www.eloriente.net\/home\/2015\/08\/11\/9-ciudadanos-integraran-nuevo-consejo-consultivo-ieepo-estamos-listos-gabino-cue\/\" rel=\"bookmark\">9 ciudadanos integrar\u00e1n nuevo Consejo Consultivo IEEPO; aqu\u00ed convocatoria \u00edntegra<\/a><\/h2>\n<p>Actualizaci\u00f3n: (www.eloriente.net, M\u00e9xico, 12 de agosto de 2015).- Hoy se puso a disposici\u00f3n para consulta p\u00fablica y adem\u00e1s abri\u00f3 para\u2026<\/p>\n<p class=\"postmeta\"><span class=\"meta_date\">agosto 11, 2015<\/span><\/p>\n<div class=\"toolbar-social\">\n<div class=\"social-widget\">\n<div id=\"sharing-widget\"><a class=\"button icon-share\">Compartir<\/a><span class=\"share-count\">25<\/span><\/div>\n<\/div>\n<\/div>\n<\/div>\n<div class=\"featuredpost\">\n<p><a href=\"http:\/\/www.eloriente.net\/home\/2015\/08\/10\/pueblos-indigenas-defensa-de-la-nacion-multicultural\/\" rel=\"bookmark\"><img decoding=\"async\" class=\"alignleft\" title=\"Pueblos ind\u00edgenas: defensa de la naci\u00f3n multicultural\" src=\"http:\/\/www.eloriente.net\/home\/wp-content\/themes\/city-desk\/timthumb.php?src=http%3A%2F%2Fwww.eloriente.net%2Fhome%2Fwp-content%2Fuploads%2F2012%2F08%2Ffoto-ind%C3%ADgena.jpeg&amp;q=90&amp;w=90&amp;h=83&amp;zc=1\" alt=\"Pueblos ind\u00edgenas: defensa de la naci\u00f3n multicultural\" \/><\/a><\/p>\n<h2 class=\"posttitle \"><a title=\"Enlace Permanente a Pueblos ind\u00edgenas: defensa de la naci\u00f3n multicultural\" href=\"http:\/\/www.eloriente.net\/home\/2015\/08\/10\/pueblos-indigenas-defensa-de-la-nacion-multicultural\/\" rel=\"bookmark\">Pueblos ind\u00edgenas: defensa de la naci\u00f3n multicultural<\/a><\/h2>\n<p>(www.eloriente.net, M\u00e9xico, 10 de agosto de 2015. Por: V\u00edctor Leonel Juan).- M\u00e9xico es un pa\u00eds multicultural. As\u00ed lo se\u00f1ala nuestra Constituci\u00f3n\u2026<\/p>\n<p class=\"postmeta\"><span class=\"meta_date\">agosto 10, 2015<\/span><\/p>\n<div class=\"toolbar-social\">\n<div class=\"social-widget\">\n<div id=\"sharing-widget\"><a class=\"button icon-share\">Compartir<\/a><span class=\"share-count\">3<\/span><\/div>\n<\/div>\n<\/div>\n<\/div>\n<div class=\"featuredpost\">\n<p><a href=\"http:\/\/www.eloriente.net\/home\/2015\/08\/08\/unite4heritage-abre-concurso-fotografico-sobre-patrimonio-cultural\/\" rel=\"bookmark\"><img decoding=\"async\" class=\"alignleft\" title=\"Unite4heritage abre Concurso Fotogr\u00e1fico sobre Patrimonio Cultural\" src=\"http:\/\/www.eloriente.net\/home\/wp-content\/themes\/city-desk\/timthumb.php?src=http%3A%2F%2Fwww.eloriente.net%2Fhome%2Fwp-content%2Fuploads%2F2015%2F08%2FPOSTER-UNIT4HERITAGE.png&amp;q=90&amp;w=90&amp;h=83&amp;zc=1\" alt=\"Unite4heritage abre Concurso Fotogr\u00e1fico sobre Patrimonio Cultural\" \/><\/a><\/p>\n<h2 class=\"posttitle \"><a title=\"Enlace Permanente a Unite4heritage abre Concurso Fotogr\u00e1fico sobre Patrimonio Cultural\" href=\"http:\/\/www.eloriente.net\/home\/2015\/08\/08\/unite4heritage-abre-concurso-fotografico-sobre-patrimonio-cultural\/\" rel=\"bookmark\">Unite4heritage abre Concurso Fotogr\u00e1fico sobre Patrimonio Cultural<\/a><\/h2>\n<p>(www.eloriente.net, M\u00e9xico, 8 de agosto de 2015. Por: Fernando Vital).- La mec\u00e1nica es muy sencilla: toma una fotograf\u00eda de un elemento\u2026<\/p>\n<p class=\"postmeta\"><span class=\"meta_date\">agosto 8, 2015<\/span><\/p>\n<div class=\"toolbar-social\">\n<div class=\"social-widget\">\n<div id=\"sharing-widget\"><a class=\"button icon-share\">Compartir<\/a><span class=\"share-count\">8<\/span><\/div>\n<\/div>\n<\/div>\n<\/div>\n\n\t\t\t  <div \n\t\t\t  \tclass = \"fb-comments\" \n\t\t\t  \tdata-href = \"http:\/\/www.eloriente.net\/home\/2015\/08\/15\/registro-para-cedula-de-identidad-ciudadana-debio-comenzar-en-2011-que-ha-pasado\/\"\n\t\t\t  \tdata-numposts = \"10\"\n\t\t\t\tdata-colorscheme = \"dark\"\n\t\t\t\tdata-order-by = \"social\"\n\t\t\t\tdata-mobile=true>\n\t\t\t  <\/div>\n\t\t  <style>\n\t\t\t.fb_iframe_widget_fluid_desktop iframe {\n\t\t\t    width: 100% !important;\n\t\t\t}\n\t\t  <\/style>\n\t\t  ","protected":false},"excerpt":{"rendered":"<p>&nbsp; eloriente.net\/Senado 15 de agosto de 2015 En el gobierno de Felipe Calder\u00f3n se logr\u00f3 el registro aproximado de 18.1 por ciento de los ni\u00f1os y ni\u00f1as del pa\u00eds, detalla el dictamen. C\u00e9dula garantiza derecho a la entidad ciudadana y facilitar\u00e1 tr\u00e1mites y servicios. La Secretar\u00eda de Gobernaci\u00f3n (Segob) deber\u00e1 remitir a la Comisi\u00f3n Permanente, [&hellip;]<\/p>\n","protected":false},"author":1,"featured_media":38384,"comment_status":"open","ping_status":"open","sticky":false,"template":"","format":"standard","meta":{"_jetpack_memberships_contains_paid_content":false,"footnotes":""},"categories":[1588,91,22,32,10,24,21],"tags":[657,3997,261],"class_list":["post-38383","post","type-post","status-publish","format-standard","has-post-thumbnail","hentry","category-comunicados-y-boletines","category-congreso-y-justicia","category-derechos-humanos","category-entradas","category-lo-mas-reciente","category-mexico-y-el-mundo","category-politica-y-gobierno","tag-identidad","tag-registro-civil","tag-senado"],"jetpack_featured_media_url":"http:\/\/www.eloriente.net\/home\/wp-content\/uploads\/2015\/08\/Huellas-en-la-arena-cc-casaseneleste.jpg","jetpack_sharing_enabled":true,"_links":{"self":[{"href":"http:\/\/www.eloriente.net\/home\/wp-json\/wp\/v2\/posts\/38383"}],"collection":[{"href":"http:\/\/www.eloriente.net\/home\/wp-json\/wp\/v2\/posts"}],"about":[{"href":"http:\/\/www.eloriente.net\/home\/wp-json\/wp\/v2\/types\/post"}],"author":[{"embeddable":true,"href":"http:\/\/www.eloriente.net\/home\/wp-json\/wp\/v2\/users\/1"}],"replies":[{"embeddable":true,"href":"http:\/\/www.eloriente.net\/home\/wp-json\/wp\/v2\/comments?post=38383"}],"version-history":[{"count":1,"href":"http:\/\/www.eloriente.net\/home\/wp-json\/wp\/v2\/posts\/38383\/revisions"}],"predecessor-version":[{"id":38385,"href":"http:\/\/www.eloriente.net\/home\/wp-json\/wp\/v2\/posts\/38383\/revisions\/38385"}],"wp:featuredmedia":[{"embeddable":true,"href":"http:\/\/www.eloriente.net\/home\/wp-json\/wp\/v2\/media\/38384"}],"wp:attachment":[{"href":"http:\/\/www.eloriente.net\/home\/wp-json\/wp\/v2\/media?parent=38383"}],"wp:term":[{"taxonomy":"category","embeddable":true,"href":"http:\/\/www.eloriente.net\/home\/wp-json\/wp\/v2\/categories?post=38383"},{"taxonomy":"post_tag","embeddable":true,"href":"http:\/\/www.eloriente.net\/home\/wp-json\/wp\/v2\/tags?post=38383"}],"curies":[{"name":"wp","href":"https:\/\/api.w.org\/{rel}","templated":true}]}}