{"id":38387,"date":"2015-08-16T11:52:49","date_gmt":"2015-08-16T17:52:49","guid":{"rendered":"http:\/\/www.eloriente.net\/home\/?p=38387"},"modified":"2015-08-16T11:52:49","modified_gmt":"2015-08-16T17:52:49","slug":"10-festivales-culturales-en-mexico-para-terminar-el-ano","status":"publish","type":"post","link":"http:\/\/www.eloriente.net\/home\/2015\/08\/16\/10-festivales-culturales-en-mexico-para-terminar-el-ano\/","title":{"rendered":"10 Festivales Culturales en M\u00e9xico para terminar el a\u00f1o"},"content":{"rendered":"<p><script src=\"\/\/pagead2.googlesyndication.com\/pagead\/js\/adsbygoogle.js\" async=\"\"><\/script><!-- BANNER ELORIENTE INCRUSTADO NOTAS --> <ins class=\"adsbygoogle\" style=\"display: inline-block; width: 300px; height: 250px;\" data-ad-client=\"ca-pub-1136171134853753\" data-ad-slot=\"7974633627\"><\/ins><script>\/\/ <![CDATA[\n(adsbygoogle = window.adsbygoogle || []).push({});\n\/\/ ]]><\/script><\/p>\n<p>&nbsp;<\/p>\n<p>&nbsp;<\/p>\n<p>(www.eloriente.net, M\u00e9xico, 15 de agosto de 2015, por Valery L\u00f3pez).- M\u00e9xico es rico en diversidad cultural y, por eso, a lo largo y ancho de toda la rep\u00fablica se realizan\u00a0una\u00a0gran cantidad de ferias, festivales y eventos culturales, cuya programaci\u00f3n se encuentra al mejor nivel del mundo.<\/p>\n<p>En <a href=\"ELORIENTE.NET\" target=\"_blank\">ELORIENTE.NET<\/a> estamos comprometidos con la difusi\u00f3n cultural de estos sucesos, m\u00e1s a\u00fan si es buen tiempo todav\u00eda para que te dispongas a acudir a alguno de ellos. As\u00ed que te compartimos\u00a010 festivales importantes a realizarse en lo que resta del 2015. Para mayor informaci\u00f3n sobre los eventos tan s\u00f3lo da click sobre el t\u00edtulo de cada festival.<\/p>\n<p><strong>1.- <a href=\"http:\/\/sic.conaculta.gob.mx\/ficha.php?table=festival&amp;table_id=847\" target=\"_blank\">Festival de la Diversidad Cultural 2015<\/a><\/strong>: Se realiza desde el primero de mayo y concluir\u00e1 el 31 de diciembre de 2015.<\/p>\n<p>El objetivo de este festival es acercar a las comunidades alejadas de Hidalgo diversas muestras culturales. Desde su primera edici\u00f3n en 2007, el Festival de la Diversidad Cultural ha tenido como sede a 13 municipios de dicha entidad: San Bartolo Tutotepec, Chapantongo, Tianguistengo, Atlapexco, Nicol\u00e1s Flores, Tepetitl\u00e1n, Omitl\u00e1n de Ju\u00e1rez, Tepeapulco, Pisaflores, Xochicoatl\u00e1n, Huasca de Ocampo, Jaltoc\u00e1n y Pachuca.<\/p>\n<p><a href=\"http:\/\/www.eloriente.net\/home\/wp-content\/uploads\/2015\/08\/Festival-de-la-Diversidad-Cultural-e1439664746870.jpg\"><img loading=\"lazy\" decoding=\"async\" class=\"alignnone size-full wp-image-38392\" src=\"http:\/\/www.eloriente.net\/home\/wp-content\/uploads\/2015\/08\/Festival-de-la-Diversidad-Cultural-e1439664746870.jpg\" alt=\"Festival de la Diversidad Cultural\" width=\"560\" height=\"560\" \/><\/a><\/p>\n<p>&nbsp;<\/p>\n<p><strong>2.- <a href=\"http:\/\/moreliafilmfest.com\/\" target=\"_blank\">Festival Internacional de Cine de Morelia<\/a><\/strong>: En su 13a edici\u00f3n, el Festival Internacional de Cine de Morelia se ha consolidado como uno de los mejores espacios en M\u00e9xico para la promoci\u00f3n de nuevos talentos del cine mexicano, as\u00ed como para promover la oferta cinematogr\u00e1fica en el pa\u00eds y en el exterior.<\/p>\n<p>&nbsp;<\/p>\n<p><iframe loading=\"lazy\" src=\"https:\/\/www.youtube.com\/embed\/sVyB6Jq94kc\" width=\"560\" height=\"315\" frameborder=\"0\" allowfullscreen=\"allowfullscreen\"><\/iframe><\/p>\n<p>Aqu\u00ed en ELORIENTE.NET le damos un seguimiento puntual durante su realizaci\u00f3n, incluido dentro de nuestro #JuevesdeCine:<\/p>\n<p class=\"entry_title\"><a title=\"Enlace Permanente a Revive aqu\u00ed el Hangout con Alfonso Cuar\u00f3n desde Festival de Cine de Morelia\" href=\"http:\/\/www.eloriente.net\/home\/2013\/10\/21\/revive-aqui-el-hangout-con-alfonso-cuaron-desde-festival-de-cine-de-morelia\/\" rel=\"bookmark\">Revive aqu\u00ed el Hangout con Alfonso Cuar\u00f3n desde Festival de Cine de Morelia<\/a><\/p>\n<p class=\"entry_title\"><a title=\"Enlace Permanente a \u00bfQu\u00e9 esperar para Festival Internacional de Cine de Morelia?; nominados 2013\" href=\"http:\/\/www.eloriente.net\/home\/2013\/08\/11\/que-esperar-para-festival-internacional-de-cine-de-morelia-nominados-2013\/\" rel=\"bookmark\">\u00bfQu\u00e9 esperar para Festival Internacional de Cine de Morelia?; nominados 2013<\/a><\/p>\n<p>&nbsp;<\/p>\n<p><strong>3.-<a href=\"http:\/\/mexico.gastronomia.com\/evento\/feria-nacional-del-mole-2015\" target=\"_blank\">Feria Nacional del Mole<\/a><\/strong>: El Distrito Federal, en la comunidad de San Pedro Actopan, Milpa Alta, llevar\u00e1 a cabo la XXXIX Feria Nacional del Mole, del 3 al 25 de octubre.<\/p>\n<p>En este evento se re\u00fanen alrededor de 40 restaurantes que ofrecen gran diversidad de platillos t\u00edpicos basados en el mole y sus variedades.<\/p>\n<p><a href=\"http:\/\/www.eloriente.net\/home\/wp-content\/uploads\/2015\/08\/Feria-Nacional-del-mole-e1439664798141.jpg\"><img loading=\"lazy\" decoding=\"async\" class=\"alignnone size-full wp-image-38393\" src=\"http:\/\/www.eloriente.net\/home\/wp-content\/uploads\/2015\/08\/Feria-Nacional-del-mole-e1439664798141.jpg\" alt=\"Feria Nacional del mole\" width=\"560\" height=\"384\" \/><\/a><\/p>\n<p>&nbsp;<\/p>\n<p><strong>4.-<a href=\"https:\/\/www.facebook.com\/festivalchihuahua\" target=\"_blank\"> Festival Internacional Chihuahua<\/a><\/strong>: La 11a. edici\u00f3n del Festival Internacional de Chihuahua tiene lugar del 1 al 23 de agosto en las ciudades de Ciudad Ju\u00e1rez y Chihuahua.<\/p>\n<p>En este gran evento multicultural se podr\u00e1n ver los mejores exponentes regionales, estatales y nacionales de todas las disciplinas art\u00edsticas importantes, as\u00ed como tambi\u00e9n se recibir\u00e1n a importantes artistas del \u00e1mbito internacional para vivir uno de los festivales m\u00e1s importantes de todo M\u00e9xico.<\/p>\n<p><iframe loading=\"lazy\" src=\"https:\/\/www.youtube.com\/embed\/LBG3Z8-1Rug\" width=\"560\" height=\"315\" frameborder=\"0\" allowfullscreen=\"allowfullscreen\"><\/iframe><\/p>\n<p>&nbsp;<\/p>\n<p><strong>5.-<a href=\"http:\/\/www.filem.mx\/\" target=\"_blank\"> Primera Feria Internacional del Libro del Estado de M\u00e9xico<\/a><\/strong>: Esta feria se llevar\u00e1 a cabo en la Plaza de los M\u00e1rtires, en Toluca, Estado de M\u00e9xico, del 21 al 30 de agosto.<\/p>\n<p>A trav\u00e9s de actividades como presentaciones de libros y revistas, conferencias, talleres, encuentros profesionales, conciertos y obras de teatro, se busca establecer un espacio para todos los involucrados en la industria del libro, desde los lectores, hasta las editoriales, y escritores.<\/p>\n<div id=\"fb-root\"><\/div>\n<p><script>\/\/ <![CDATA[\n(function(d, s, id) {  var js, fjs = d.getElementsByTagName(s)[0];  if (d.getElementById(id)) return;  js = d.createElement(s); js.id = id;  js.src = \"\/\/connect.facebook.net\/es_LA\/sdk.js#xfbml=1&#038;version=v2.3\";  fjs.parentNode.insertBefore(js, fjs);}(document, 'script', 'facebook-jssdk'));\n\/\/ ]]><\/script><\/p>\n<div class=\"fb-video\" data-allowfullscreen=\"1\" data-href=\"https:\/\/www.facebook.com\/Filemmx\/videos\/1679508572285287\/\">\n<div class=\"fb-xfbml-parse-ignore\">\n<blockquote cite=\"https:\/\/www.facebook.com\/Filemmx\/videos\/1679508572285287\/\"><p>\u00a1La Plaza de los M\u00e1rtires de Toluca se convertir\u00e1 en un territorio maravilloso!<\/p>\n<p>Posted by <a href=\"https:\/\/www.facebook.com\/Filemmx\">FilemMx<\/a> on Viernes, 14 de agosto de 2015<\/p><\/blockquote>\n<\/div>\n<\/div>\n<p>&nbsp;<\/p>\n<p><strong>6.-<a href=\"http:\/\/www.conaculta.gob.mx\/estados\/actividades_detalle.php?id=119520#.Vc95HFN_NBc\" target=\"_blank\">Festival Nacional del Mariachi, su charrer\u00eda y danza<\/a><\/strong>: Desfile de carros aleg\u00f3ricos, galas de mariachis, palenque, son algunas de las actividades que conforman la Fiesta Nacional del Mariachi, su churrer\u00eda y su danza, que en esta ocasi\u00f3n tendr\u00e1 lugar del 23 al 27 de septiembre en la ciudad de Durango.<\/p>\n<p><iframe loading=\"lazy\" src=\"https:\/\/www.youtube.com\/embed\/Ka_fzpIgsF4\" width=\"560\" height=\"315\" frameborder=\"0\" allowfullscreen=\"allowfullscreen\"><\/iframe><\/p>\n<p>&nbsp;<\/p>\n<p><strong>7.-<a href=\"https:\/\/www.fil.com.mx\/\" target=\"_blank\">Feria Internacional del Libro, Guadalajara<\/a><\/strong>: La Feria Internacional del Libro de Guadalajara es la reuni\u00f3n editorial m\u00e1s importante de Iberoam\u00e9rica y un extraordinario festival cultural.<\/p>\n<p>En esta edici\u00f3n el pa\u00eds invitado es Reino Unido, la cita es del 28 de noviembre al 6 de diciembre de 2015.<\/p>\n<p><iframe loading=\"lazy\" src=\"https:\/\/www.youtube.com\/embed\/CcE7JkTOwrI\" width=\"560\" height=\"315\" frameborder=\"0\" allowfullscreen=\"allowfullscreen\"><\/iframe><\/p>\n<p><strong>8.-<a href=\"http:\/\/www.conaculta.gob.mx\/estados\/actividades_detalle.php?id=135506#.Vc96tFN_NBc\" target=\"_blank\">3er Festival Internacional CCMB Texcoco<\/a><\/strong>: El 3er Festival Internacional en el Centro Cultural Mexiquense Bicentenario (CCMB) se realizar\u00e1 del 7 al 30 de agosto y tendr\u00e1 participaci\u00f3n de pa\u00edses como India, Rusia, Taiw\u00e1n, Cuba, Espa\u00f1a y Chile.<\/p>\n<p><a href=\"http:\/\/www.eloriente.net\/home\/wp-content\/uploads\/2015\/08\/Festival-Internacional-CCMB-Texcoco-e1439664843541.jpg\"><img loading=\"lazy\" decoding=\"async\" class=\"alignnone size-full wp-image-38394\" src=\"http:\/\/www.eloriente.net\/home\/wp-content\/uploads\/2015\/08\/Festival-Internacional-CCMB-Texcoco-e1439664843541.jpg\" alt=\"Festival Internacional CCMB Texcoco\" width=\"560\" height=\"362\" \/><\/a><\/p>\n<p><strong>9.-<a href=\"http:\/\/bienalcartel.org\/\" target=\"_blank\">13a. Bienal Internacional del Cartel en M\u00e9xico<\/a><\/strong>: Como una de las tres principales bienales de dise\u00f1o a nivel mundial, la BCIM en su 13a. edici\u00f3n se lleva a cabo desde el 24 de abril hasta el 27 de agosto de 2015.<\/p>\n<p>En esta ocasi\u00f3n el pa\u00eds invitado es Canada.<\/p>\n<p><iframe loading=\"lazy\" src=\"https:\/\/www.youtube.com\/embed\/Mf-WsCtrLvE\" width=\"560\" height=\"315\" frameborder=\"0\" allowfullscreen=\"allowfullscreen\"><\/iframe><\/p>\n<p><strong>10.-<a href=\"http:\/\/fenaza.com.mx\/\" target=\"_blank\">Feria Nacional de Zacatecas<\/a><\/strong>: La FENAZA se realizar\u00e1 del 3 al 21 de septiembre de 2015 y contar\u00e1 con una gran cantidad de espect\u00e1culos gratuitos para toda la familia, as\u00ed como varias actividades de pago como peleas de gallos.<\/p>\n<p><iframe loading=\"lazy\" src=\"https:\/\/www.youtube.com\/embed\/rlv4lEahlNA\" width=\"560\" height=\"315\" frameborder=\"0\" allowfullscreen=\"allowfullscreen\"><\/iframe><\/p>\n<p>Imagen: @Festival Internacional Chihuahua<\/p>\n<p><a href=\"http:\/\/www.eloriente.net\/home\/wp-content\/uploads\/2015\/08\/@Festival-Internacional-Chihuahua-danza.jpg\"><img loading=\"lazy\" decoding=\"async\" class=\"alignnone  wp-image-38401\" src=\"http:\/\/www.eloriente.net\/home\/wp-content\/uploads\/2015\/08\/@Festival-Internacional-Chihuahua-danza.jpg\" alt=\"@Festival Internacional Chihuahua danza\" width=\"491\" height=\"326\" srcset=\"http:\/\/www.eloriente.net\/home\/wp-content\/uploads\/2015\/08\/@Festival-Internacional-Chihuahua-danza.jpg 960w, http:\/\/www.eloriente.net\/home\/wp-content\/uploads\/2015\/08\/@Festival-Internacional-Chihuahua-danza-300x199.jpg 300w, http:\/\/www.eloriente.net\/home\/wp-content\/uploads\/2015\/08\/@Festival-Internacional-Chihuahua-danza-900x598.jpg 900w\" sizes=\"(max-width: 491px) 100vw, 491px\" \/><\/a><\/p>\n<p><strong>OTRAS ENTRADAS<\/strong><\/p>\n<div class=\"featuredpost\">\n<div class=\"flow_hide\">\n<h2 class=\"posttitle bigposttitle\"><a title=\"Enlace Permanente a Registro para C\u00e9dula de Identidad Ciudadana debi\u00f3 comenzar en 2011; \u00bfqu\u00e9 ha pasado?\" href=\"http:\/\/www.eloriente.net\/home\/2015\/08\/15\/registro-para-cedula-de-identidad-ciudadana-debio-comenzar-en-2011-que-ha-pasado\/\" rel=\"bookmark\">Registro para C\u00e9dula de Identidad Ciudadana debi\u00f3 comenzar en 2011; \u00bfqu\u00e9 ha pasado?<\/a><\/h2>\n<\/div>\n<p>eloriente.net\/Senado 15 de agosto de 2015 En el gobierno de Felipe Calder\u00f3n se logr\u00f3 el registro aproximado de 18.1 por ciento de los ni\u00f1os y ni\u00f1as del\u2026<\/p>\n<p class=\"postmeta\"><span class=\"meta_date\">agosto 15, 2015<\/span><\/p>\n<\/div>\n<div class=\"featuredpost\">\n<div class=\"flow_hide\">\n<h2 class=\"posttitle \"><a title=\"Enlace Permanente a Guerreros de Oaxaca pasan a Play-Offs!\" href=\"http:\/\/www.eloriente.net\/home\/2015\/08\/14\/guerreros-de-oaxaca-pasan-a-play-offs\/\" rel=\"bookmark\">Guerreros de Oaxaca pasan a Play-Offs!<\/a><\/h2>\n<\/div>\n<p>Actualizaci\u00f3n: Est\u00e1 confirmado que el rival de los Guerreros ser\u00e1n los Tigres de Quintana Roo! El primer partido de esta serie EN OAXACA es el pr\u00f3ximo 21\u2026<\/p>\n<p class=\"postmeta\"><span class=\"meta_date\">agosto 14, 2015<\/span><\/p>\n<div class=\"toolbar-social\"><\/div>\n<\/div>\n<div class=\"featuredpost\">\n<div class=\"flow_hide\">\n<p><a href=\"http:\/\/www.eloriente.net\/home\/2015\/08\/13\/oaxaca-un-continente-nuevas-tecnologias-de-la-informacion-y-turismo\/\" rel=\"bookmark\"><img decoding=\"async\" class=\"alignleft\" title=\"Oaxaca, un continente: Nuevas tecnolog\u00edas de la Informaci\u00f3n y turismo\" src=\"http:\/\/www.eloriente.net\/home\/wp-content\/themes\/city-desk\/timthumb.php?src=http%3A%2F%2Fwww.eloriente.net%2Fhome%2Fwp-content%2Fuploads%2F2013%2F01%2FAlgunos-derechos-reservados-por-Luis-Pe%CC%81rez-ecoturismo.jpg&amp;q=90&amp;w=70&amp;h=45&amp;zc=1\" alt=\"Oaxaca, un continente: Nuevas tecnolog\u00edas de la Informaci\u00f3n y turismo\" \/><\/a><\/p>\n<h2 class=\"posttitle \"><a title=\"Enlace Permanente a Oaxaca, un continente: Nuevas tecnolog\u00edas de la Informaci\u00f3n y turismo\" href=\"http:\/\/www.eloriente.net\/home\/2015\/08\/13\/oaxaca-un-continente-nuevas-tecnologias-de-la-informacion-y-turismo\/\" rel=\"bookmark\">Oaxaca, un continente: Nuevas tecnolog\u00edas de la Informaci\u00f3n y turismo<\/a><\/h2>\n<\/div>\n<p>(www.eloriente.net, M\u00e9xico, 13 de agosto de 2015. Por \u00c1ngel Osorio @senderosoax).- La web 2.0 ha modificado muchos h\u00e1bitos de comunicaci\u00f3n y de consumo, afectando pr\u00e1cticamente todos\u2026<\/p>\n<p class=\"postmeta\"><span class=\"meta_date\">agosto 13, 2015<\/span><\/p>\n<\/div>\n\n\t\t\t  <div \n\t\t\t  \tclass = \"fb-comments\" \n\t\t\t  \tdata-href = \"http:\/\/www.eloriente.net\/home\/2015\/08\/16\/10-festivales-culturales-en-mexico-para-terminar-el-ano\/\"\n\t\t\t  \tdata-numposts = \"10\"\n\t\t\t\tdata-colorscheme = \"dark\"\n\t\t\t\tdata-order-by = \"social\"\n\t\t\t\tdata-mobile=true>\n\t\t\t  <\/div>\n\t\t  <style>\n\t\t\t.fb_iframe_widget_fluid_desktop iframe {\n\t\t\t    width: 100% !important;\n\t\t\t}\n\t\t  <\/style>\n\t\t  ","protected":false},"excerpt":{"rendered":"<p>&nbsp; &nbsp; (www.eloriente.net, M\u00e9xico, 15 de agosto de 2015, por Valery L\u00f3pez).- M\u00e9xico es rico en diversidad cultural y, por eso, a lo largo y ancho de toda la rep\u00fablica se realizan\u00a0una\u00a0gran cantidad de ferias, festivales y eventos culturales, cuya programaci\u00f3n se encuentra al mejor nivel del mundo. En ELORIENTE.NET estamos comprometidos con la difusi\u00f3n [&hellip;]<\/p>\n","protected":false},"author":44,"featured_media":38401,"comment_status":"open","ping_status":"open","sticky":false,"template":"","format":"standard","meta":{"_jetpack_memberships_contains_paid_content":false,"footnotes":""},"categories":[8,56,32,13,63,24,31,19],"tags":[4004,4003,4002,4000,4005,3998,3999,4001,2485],"class_list":["post-38387","post","type-post","status-publish","format-standard","has-post-thumbnail","hentry","category-agenda","category-cine","category-entradas","category-especiales","category-estados","category-mexico-y-el-mundo","category-principal","category-turismo-y-negocios","tag-bienal-internacional-del-cartel","tag-ccmb-texcoco","tag-feria-internacional-del-libro","tag-feria-internacional-del-libro-del-estado-de-mexico","tag-feria-nacional-de-zacatecas","tag-festival-de-la-diversidad-cultural","tag-festival-internacional-de-cine-de-morelia","tag-festival-nacional-del-mariachi","tag-guadalajara"],"jetpack_featured_media_url":"http:\/\/www.eloriente.net\/home\/wp-content\/uploads\/2015\/08\/@Festival-Internacional-Chihuahua-danza.jpg","jetpack_sharing_enabled":true,"_links":{"self":[{"href":"http:\/\/www.eloriente.net\/home\/wp-json\/wp\/v2\/posts\/38387"}],"collection":[{"href":"http:\/\/www.eloriente.net\/home\/wp-json\/wp\/v2\/posts"}],"about":[{"href":"http:\/\/www.eloriente.net\/home\/wp-json\/wp\/v2\/types\/post"}],"author":[{"embeddable":true,"href":"http:\/\/www.eloriente.net\/home\/wp-json\/wp\/v2\/users\/44"}],"replies":[{"embeddable":true,"href":"http:\/\/www.eloriente.net\/home\/wp-json\/wp\/v2\/comments?post=38387"}],"version-history":[{"count":10,"href":"http:\/\/www.eloriente.net\/home\/wp-json\/wp\/v2\/posts\/38387\/revisions"}],"predecessor-version":[{"id":38402,"href":"http:\/\/www.eloriente.net\/home\/wp-json\/wp\/v2\/posts\/38387\/revisions\/38402"}],"wp:featuredmedia":[{"embeddable":true,"href":"http:\/\/www.eloriente.net\/home\/wp-json\/wp\/v2\/media\/38401"}],"wp:attachment":[{"href":"http:\/\/www.eloriente.net\/home\/wp-json\/wp\/v2\/media?parent=38387"}],"wp:term":[{"taxonomy":"category","embeddable":true,"href":"http:\/\/www.eloriente.net\/home\/wp-json\/wp\/v2\/categories?post=38387"},{"taxonomy":"post_tag","embeddable":true,"href":"http:\/\/www.eloriente.net\/home\/wp-json\/wp\/v2\/tags?post=38387"}],"curies":[{"name":"wp","href":"https:\/\/api.w.org\/{rel}","templated":true}]}}