{"id":384,"date":"2012-07-03T19:07:47","date_gmt":"2012-07-03T19:07:47","guid":{"rendered":"http:\/\/www.eloriente.net\/home\/?p=384"},"modified":"2015-11-10T12:28:37","modified_gmt":"2015-11-10T18:28:37","slug":"elecciones-2012","status":"publish","type":"post","link":"http:\/\/www.eloriente.net\/home\/2012\/07\/03\/elecciones-2012\/","title":{"rendered":"Elecciones 2012"},"content":{"rendered":"<p><script src=\"\/\/pagead2.googlesyndication.com\/pagead\/js\/adsbygoogle.js\" async=\"\"><\/script><!-- BANNER ELORIENTE INCRUSTADO NOTAS --> <ins class=\"adsbygoogle\" style=\"display: inline-block; width: 300px; height: 250px;\" data-ad-client=\"ca-pub-1136171134853753\" data-ad-slot=\"7974633627\"><\/ins><script>\/\/ <![CDATA[\n(adsbygoogle = window.adsbygoogle || []).push({});\n\/\/ ]]><\/script><\/p>\n<div><\/div>\n<div><\/div>\n<div><\/div>\n<div>Hace 12 a\u00f1os trasmit\u00ed las elecciones del 2000 desde una cabina de radio. Los s\u00e1bados en la ma\u00f1ana compart\u00eda el programa\u00a0<em>Libros letras y palabras<\/em>con Mario Vel\u00e1zquez y Christian Obreg\u00f3n, donde entrevist\u00e1bamos a m\u00fasicos, actrices, cineastas, editores, pero sobre todo a escritores. El 2 de julio, los titulares de cada programa estuvimos transmitiendo en vivo, en roles de cuatro horas por equipo. A nosotros nos toc\u00f3 a las 8 de la noche y debimos de haber dejado el micr\u00f3fono pasada la medianoche, sin embargo, alguien no lleg\u00f3 y nos pidieron cubrir otro turno. En esas largas horas nuestros reporteros nos llamaban desde las calles de la Ciudad de M\u00e9xico, nos transmit\u00edan el pulso de las casillas, de la gente que poco a poco llegaba al \u00c1ngel de la Independencia, iban a celebrar un triunfo despu\u00e9s de casi 100 a\u00f1os: la democracia.<\/div>\n<div><\/div>\n<div>Por tel\u00e9fono entrevistamos a Elena Poniatowska, a Carlos Montemayor y otros escritores que ten\u00edamos en el directorio de dos a\u00f1os de programa. A nosotros nos toc\u00f3 dar paso a la transmisi\u00f3n del presidente Zedillo, anunciando a Fox como virtual ganador. Sac\u00e1bamos al PRI de Los Pinos luego de 71 a\u00f1os de dictadura. Caf\u00e9 tras caf\u00e9 Mario, Christian y yo estabamos seguros que lleg\u00e1bamos al final de una Era y de nuestra transmisi\u00f3n, pero poco antes de concluir el segundo turno, como si fuera la desesperanza de otra reelecci\u00f3n,\u00a0 Mario Vel\u00e1zquez me dijo: habl\u00f3 el jefe, que nos quedemos hasta las 6 de la ma\u00f1ana.<\/div>\n<div><\/div>\n<div><\/div>\n<p><script src=\"\/\/pagead2.googlesyndication.com\/pagead\/js\/adsbygoogle.js\" async=\"\"><\/script><!-- BANNER PEQUE\u00d1O PARA ENTRENOTAS EL ORIENTE --> <ins class=\"adsbygoogle\" style=\"display: inline-block; width: 468px; height: 60px;\" data-ad-client=\"ca-pub-1136171134853753\" data-ad-slot=\"4953536424\"><\/ins><script>\/\/ <![CDATA[\n(adsbygoogle = window.adsbygoogle || []).push({});\n\/\/ ]]><\/script><\/p>\n<div><\/div>\n<div>Nos conformamos con unas tortas. Fue una jornada marat\u00f3nica de 12 horas en directo. Al final de la trasnmici\u00f3n terminamos recostados en la mesa de trabajo y el micr\u00f3fono apenas al alcance de la voz. Parec\u00eda que todo hab\u00eda valido la pena, la democracia triunf\u00f3 y aunque el presidente que result\u00f3 de ella m\u00e1s que un \u201cAlto vac\u00edo\u201d, fue el contenido echado a perder del<em>tupperware<\/em>\u00a0nacional. Ahora espero que no repitamos aquel error y este d\u00eda s\u00ed acertemos nuestra elecci\u00f3n.<\/div>\n<div><\/div>\n<div>____________________<\/div>\n<div>\n<div>Rodolfo Nar\u00f3, Tequila, Jalisco, 1967. Poeta y narrador.\u00a0<em>C\u00e1llate ni\u00f1a<\/em>\u00a0es su nueva novela y Ediciones B su nueva casa Editorial\u00a0|\u00a0\u00a0<a href=\"http:\/\/www.rodolfonaro.com\/\" target=\"_blank\">www.rodolfonaro.com<\/a><\/div>\n<div><\/div>\n<\/div>\n\n\t\t\t  <div \n\t\t\t  \tclass = \"fb-comments\" \n\t\t\t  \tdata-href = \"http:\/\/www.eloriente.net\/home\/2012\/07\/03\/elecciones-2012\/\"\n\t\t\t  \tdata-numposts = \"10\"\n\t\t\t\tdata-colorscheme = \"dark\"\n\t\t\t\tdata-order-by = \"social\"\n\t\t\t\tdata-mobile=true>\n\t\t\t  <\/div>\n\t\t  <style>\n\t\t\t.fb_iframe_widget_fluid_desktop iframe {\n\t\t\t    width: 100% !important;\n\t\t\t}\n\t\t  <\/style>\n\t\t  ","protected":false},"excerpt":{"rendered":"<p>Hace 12 a\u00f1os trasmit\u00ed las elecciones del 2000 desde una cabina de radio. Los s\u00e1bados en la ma\u00f1ana compart\u00eda el programa\u00a0Libros letras y palabrascon Mario Vel\u00e1zquez y Christian Obreg\u00f3n, donde entrevist\u00e1bamos a m\u00fasicos, actrices, cineastas, editores, pero sobre todo a escritores. El 2 de julio, los titulares de cada programa estuvimos transmitiendo en vivo, en [&hellip;]<\/p>\n","protected":false},"author":4,"featured_media":0,"comment_status":"open","ping_status":"open","sticky":false,"template":"","format":"standard","meta":{"_jetpack_memberships_contains_paid_content":false,"footnotes":""},"categories":[40],"tags":[],"class_list":["post-384","post","type-post","status-publish","format-standard","hentry","category-rodolfo-naro"],"jetpack_featured_media_url":"","jetpack_sharing_enabled":true,"_links":{"self":[{"href":"http:\/\/www.eloriente.net\/home\/wp-json\/wp\/v2\/posts\/384"}],"collection":[{"href":"http:\/\/www.eloriente.net\/home\/wp-json\/wp\/v2\/posts"}],"about":[{"href":"http:\/\/www.eloriente.net\/home\/wp-json\/wp\/v2\/types\/post"}],"author":[{"embeddable":true,"href":"http:\/\/www.eloriente.net\/home\/wp-json\/wp\/v2\/users\/4"}],"replies":[{"embeddable":true,"href":"http:\/\/www.eloriente.net\/home\/wp-json\/wp\/v2\/comments?post=384"}],"version-history":[{"count":3,"href":"http:\/\/www.eloriente.net\/home\/wp-json\/wp\/v2\/posts\/384\/revisions"}],"predecessor-version":[{"id":40353,"href":"http:\/\/www.eloriente.net\/home\/wp-json\/wp\/v2\/posts\/384\/revisions\/40353"}],"wp:attachment":[{"href":"http:\/\/www.eloriente.net\/home\/wp-json\/wp\/v2\/media?parent=384"}],"wp:term":[{"taxonomy":"category","embeddable":true,"href":"http:\/\/www.eloriente.net\/home\/wp-json\/wp\/v2\/categories?post=384"},{"taxonomy":"post_tag","embeddable":true,"href":"http:\/\/www.eloriente.net\/home\/wp-json\/wp\/v2\/tags?post=384"}],"curies":[{"name":"wp","href":"https:\/\/api.w.org\/{rel}","templated":true}]}}