{"id":38526,"date":"2015-08-21T01:00:06","date_gmt":"2015-08-21T07:00:06","guid":{"rendered":"http:\/\/www.eloriente.net\/home\/?p=38526"},"modified":"2015-08-21T09:55:13","modified_gmt":"2015-08-21T15:55:13","slug":"a-99-anos-del-natalicio-de-consuelo-velazquez","status":"publish","type":"post","link":"http:\/\/www.eloriente.net\/home\/2015\/08\/21\/a-99-anos-del-natalicio-de-consuelo-velazquez\/","title":{"rendered":"A 99 a\u00f1os del natalicio de Consuelo Vel\u00e1zquez"},"content":{"rendered":"<p><script src=\"\/\/pagead2.googlesyndication.com\/pagead\/js\/adsbygoogle.js\" async=\"\"><\/script><!-- BANNER ELORIENTE INCRUSTADO NOTAS --> <ins class=\"adsbygoogle\" style=\"display: inline-block; width: 300px; height: 250px;\" data-ad-client=\"ca-pub-1136171134853753\" data-ad-slot=\"7974633627\"><\/ins><script>\/\/ <![CDATA[\n(adsbygoogle = window.adsbygoogle || []).push({});\n\/\/ ]]><\/script><\/p>\n<p>(www.eloriente.net, a 21 de agosto de 2015, por Valery L\u00f3pez).- Un d\u00eda como hoy pero de 1916 nace en Ciudad Guzm\u00e1n, Jalisco, la pianista y compositora mexicana Consuelo Vel\u00e1zquez, conocida por ser la creadora del tema en espa\u00f1ol m\u00e1s famoso en el mundo: \u00abB\u00e9same mucho\u00bb.<\/p>\n<p>Con tan s\u00f3lo 4 a\u00f1os, recibi\u00f3 de parte de su t\u00edo un peque\u00f1o piano en el que tocar\u00eda sus primeras notas. A\u00f1os despu\u00e9s, y viendo el inter\u00e9s que la peque\u00f1a Consuelo ten\u00eda por la m\u00fasica, su padre acepta inscribirla en la Academia de m\u00fasica Serratos, donde a los seis a\u00f1os da su primer recital.<\/p>\n<p>A ra\u00edz de la muerte de su padre, tiene que acelerar su carrera, por ello viaja a la ciudad de M\u00e9xico con sus maestros Ram\u00f3n Serratos y Aurora Garibay para estudiar en el Conservatorio Nacional y el Palacio de Bellas Artes. Se recibe como Concertista de Piano en 1938, a la edad de 22 a\u00f1os.<\/p>\n<p>Tiempo despu\u00e9s la estaci\u00f3n de radio XEQ la contrata para un programa de m\u00fasica cl\u00e1sica donde ella tocaba diversas melod\u00edas en el piano. El director de programaci\u00f3n de la emisora le permit\u00eda a Consuelo ir introduciendo canciones propias, aunque Consuelo no mencionaba que fueran de su autor\u00eda.<\/p>\n<p>Dichos temas se volvieron populares entre el p\u00fablico, y es entonces cuando Mariano Rivera argumentando una cuesti\u00f3n de derechos de autor, le pide a la pianista que revele el nombre de la persona que escribe esas canciones, y es ah\u00ed cuando comienza de manera oficial la carrera de Consuelo Vel\u00e1zquez, la compositora.<\/p>\n<p>Para el a\u00f1o de 1941, la estrella del momento, Emilio Tuero graba \u00abB\u00e9same mucho\u00bb, convirti\u00e9ndose as\u00ed en el primero de una larga lista de talentosos interpretes que grabaron esa canci\u00f3n, entre los que destacan, Andy Russell, los Beatles, Luis Miguel, Pl\u00e1cido Domingo, Pedro Infante, Nat King Cole, y Frank Sinatra. De igual forma ha sido incluida en diversas pel\u00edculas como \u00abMosc\u00fa no cree en l\u00e1grimas\u00bb, ganadora del Oscar en 1980.<\/p>\n<p><iframe loading=\"lazy\" src=\"https:\/\/www.youtube.com\/embed\/cul6cOm7g2I\" width=\"560\" height=\"420\" frameborder=\"0\" allowfullscreen=\"allowfullscreen\"><\/iframe><\/p>\n<p>Un dato interesante sobre \u00abB\u00e9same mucho\u00bb es que, de acuerdo a lo declarado muchas veces por Consuelo, cuando ella compuso la canci\u00f3n, cuando ni siquiera conoc\u00eda lo que era un beso. Sin embargo, su hijo, Mariano Rivera, en entrevista a Proceso comparte su propia versi\u00f3n:<\/p>\n<blockquote><p>Aunque nunca lo dijo, yo creo que la compuso en 1940 durante el apasionado noviazgo con mi padre. Duraron seis a\u00f1os de novios, ella hab\u00eda rechazado un contrato de Walt Disney para hacer una pel\u00edcula en Estados Unidos, porque ten\u00eda que volver a M\u00e9xico para casarse. Dej\u00f3 Hollywood por mi padre.<\/p><\/blockquote>\n<p>Consuelo Vel\u00e1zquez falleci\u00f3 el 22 de enero de 2005 debido de complicaciones que se presentaron a causa de una ca\u00edda, sin embargo, su legado musical ha dejado huella en el mundo, traspasando las barreras del idioma y del tiempo, compartiendo sus sentimientos a trav\u00e9s del lenguaje de la m\u00fasica.<\/p>\n<p><iframe loading=\"lazy\" src=\"https:\/\/www.youtube.com\/embed\/okjvHxNdPBU\" width=\"560\" height=\"315\" frameborder=\"0\" allowfullscreen=\"allowfullscreen\"><\/iframe><\/p>\n<p><a href=\"http:\/\/www.eloriente.net\/home\/wp-content\/uploads\/2015\/08\/consuelo-velazquez.jpg\"><img loading=\"lazy\" decoding=\"async\" class=\"alignnone size-medium wp-image-38532\" src=\"http:\/\/www.eloriente.net\/home\/wp-content\/uploads\/2015\/08\/consuelo-velazquez-300x136.jpg\" alt=\"consuelo velazquez\" width=\"300\" height=\"136\" srcset=\"http:\/\/www.eloriente.net\/home\/wp-content\/uploads\/2015\/08\/consuelo-velazquez-300x136.jpg 300w, http:\/\/www.eloriente.net\/home\/wp-content\/uploads\/2015\/08\/consuelo-velazquez-900x410.jpg 900w, http:\/\/www.eloriente.net\/home\/wp-content\/uploads\/2015\/08\/consuelo-velazquez.jpg 965w\" sizes=\"(max-width: 300px) 100vw, 300px\" \/><\/a><\/p>\n<p><strong>OTRAS ENTRADAS<\/strong><\/p>\n<div class=\"featuredpost\">\n<div class=\"flow_hide\">\n<h2 class=\"posttitle bigposttitle\"><a title=\"Enlace Permanente a Margo Glantz: Simple Perversi\u00f3n Oral (Video)\" href=\"http:\/\/www.eloriente.net\/home\/2015\/08\/19\/margo-glantz-simple-perversion-oral-video\/\" rel=\"bookmark\">Margo Glantz: Simple Perversi\u00f3n Oral (Video)<\/a><\/h2>\n<\/div>\n<p>eloriente.net 25 de mayo de 2014 Margo Glantz, escritora, catedr\u00e1tica de la UNAM, periodista, investigadora y miembro de La Academia Mexicana de la Lengua, present\u00f3 en\u2026<\/p>\n<p class=\"postmeta\"><span class=\"meta_date\">agosto 19, 2015<\/span><\/p>\n<\/div>\n<div class=\"featuredpost\">\n<div class=\"flow_hide\">\n<p><a href=\"http:\/\/www.eloriente.net\/home\/2015\/08\/19\/el-analisis-pest-en-la-planeacion-educativa-por-diego-gonzalez-algara\/\" rel=\"bookmark\"><img decoding=\"async\" class=\"alignleft\" title=\"El An\u00e1lisis PEST en la Planeaci\u00f3n Educativa, por Diego Gonz\u00e1lez Algara\" src=\"http:\/\/www.eloriente.net\/home\/wp-content\/themes\/city-desk\/timthumb.php?src=http%3A%2F%2Fwww.eloriente.net%2Fhome%2Fwp-content%2Fuploads%2F2015%2F08%2Fcomo_hacer_una_planeacion_fiscal_o_planeacion_financiera-grande-%40redemprendedor-e1439942650194.jpg&amp;q=90&amp;w=70&amp;h=45&amp;zc=1\" alt=\"El An\u00e1lisis PEST en la Planeaci\u00f3n Educativa, por Diego Gonz\u00e1lez Algara\" \/><\/a><\/p>\n<h2 class=\"posttitle \"><a title=\"Enlace Permanente a El An\u00e1lisis PEST en la Planeaci\u00f3n Educativa, por Diego Gonz\u00e1lez Algara\" href=\"http:\/\/www.eloriente.net\/home\/2015\/08\/19\/el-analisis-pest-en-la-planeacion-educativa-por-diego-gonzalez-algara\/\" rel=\"bookmark\">El An\u00e1lisis PEST en la Planeaci\u00f3n Educativa, por Diego Gonz\u00e1lez Algara<\/a><\/h2>\n<\/div>\n<p>En el presente art\u00edculo, segundo de cuatro, evaluamos otro de los elementos de la planeaci\u00f3n educativa. An\u00e1lisis de la naturaleza del problema. Retomamos una herramienta utilizada en\u2026<\/p>\n<p class=\"postmeta\"><span class=\"meta_date\">agosto 19, 2015<\/span><\/p>\n<\/div>\n<div class=\"featuredpost\">\n<div class=\"flow_hide\">\n<p><a href=\"http:\/\/www.eloriente.net\/home\/2015\/08\/18\/alejandro-magallanes-ilustra-hipotetica-portada-de-letras-libres\/\" rel=\"bookmark\"><img decoding=\"async\" class=\"alignleft\" title=\"Alejandro Magallanes ilustra hipot\u00e9tica portada de Letras Libres\" src=\"http:\/\/www.eloriente.net\/home\/wp-content\/themes\/city-desk\/timthumb.php?src=http%3A%2F%2Fwww.eloriente.net%2Fhome%2Fwp-content%2Fuploads%2F2015%2F08%2FAlejandro-Magallanes-video-Letras-Libres-agosto-2015.png&amp;q=90&amp;w=70&amp;h=45&amp;zc=1\" alt=\"Alejandro Magallanes ilustra hipot\u00e9tica portada de Letras Libres\" \/><\/a><\/p>\n<h2 class=\"posttitle \"><a title=\"Enlace Permanente a Alejandro Magallanes ilustra hipot\u00e9tica portada de Letras Libres\" href=\"http:\/\/www.eloriente.net\/home\/2015\/08\/18\/alejandro-magallanes-ilustra-hipotetica-portada-de-letras-libres\/\" rel=\"bookmark\">Alejandro Magallanes ilustra hipot\u00e9tica portada de Letras Libres<\/a><\/h2>\n<\/div>\n<p>(www.eloriente.net, M\u00e9xico, 18 de agosto de 2015).- La prestigiada revista Letras Libres pidi\u00f3 a Alejandro Magallanes que realizara algunos bocetos de una hipot\u00e9tica portada, una especial,\u2026<\/p>\n<p class=\"postmeta\"><span class=\"meta_date\">agosto 18, 2015<\/span><\/p>\n<\/div>\n\n\t\t\t  <div \n\t\t\t  \tclass = \"fb-comments\" \n\t\t\t  \tdata-href = \"http:\/\/www.eloriente.net\/home\/2015\/08\/21\/a-99-anos-del-natalicio-de-consuelo-velazquez\/\"\n\t\t\t  \tdata-numposts = \"10\"\n\t\t\t\tdata-colorscheme = \"dark\"\n\t\t\t\tdata-order-by = \"social\"\n\t\t\t\tdata-mobile=true>\n\t\t\t  <\/div>\n\t\t  <style>\n\t\t\t.fb_iframe_widget_fluid_desktop iframe {\n\t\t\t    width: 100% !important;\n\t\t\t}\n\t\t  <\/style>\n\t\t  ","protected":false},"excerpt":{"rendered":"<p>(www.eloriente.net, a 21 de agosto de 2015, por Valery L\u00f3pez).- Un d\u00eda como hoy pero de 1916 nace en Ciudad Guzm\u00e1n, Jalisco, la pianista y compositora mexicana Consuelo Vel\u00e1zquez, conocida por ser la creadora del tema en espa\u00f1ol m\u00e1s famoso en el mundo: \u00abB\u00e9same mucho\u00bb. Con tan s\u00f3lo 4 a\u00f1os, recibi\u00f3 de parte de su [&hellip;]<\/p>\n","protected":false},"author":44,"featured_media":38532,"comment_status":"open","ping_status":"open","sticky":false,"template":"","format":"standard","meta":{"_jetpack_memberships_contains_paid_content":false,"footnotes":""},"categories":[18,32,31],"tags":[4074,4073,4072,149],"class_list":["post-38526","post","type-post","status-publish","format-standard","has-post-thumbnail","hentry","category-educacion-y-cultura","category-entradas","category-principal","tag-99-anos","tag-besame-mucho","tag-consuelo-velazquez","tag-musica"],"jetpack_featured_media_url":"http:\/\/www.eloriente.net\/home\/wp-content\/uploads\/2015\/08\/consuelo-velazquez.jpg","jetpack_sharing_enabled":true,"_links":{"self":[{"href":"http:\/\/www.eloriente.net\/home\/wp-json\/wp\/v2\/posts\/38526"}],"collection":[{"href":"http:\/\/www.eloriente.net\/home\/wp-json\/wp\/v2\/posts"}],"about":[{"href":"http:\/\/www.eloriente.net\/home\/wp-json\/wp\/v2\/types\/post"}],"author":[{"embeddable":true,"href":"http:\/\/www.eloriente.net\/home\/wp-json\/wp\/v2\/users\/44"}],"replies":[{"embeddable":true,"href":"http:\/\/www.eloriente.net\/home\/wp-json\/wp\/v2\/comments?post=38526"}],"version-history":[{"count":7,"href":"http:\/\/www.eloriente.net\/home\/wp-json\/wp\/v2\/posts\/38526\/revisions"}],"predecessor-version":[{"id":38537,"href":"http:\/\/www.eloriente.net\/home\/wp-json\/wp\/v2\/posts\/38526\/revisions\/38537"}],"wp:featuredmedia":[{"embeddable":true,"href":"http:\/\/www.eloriente.net\/home\/wp-json\/wp\/v2\/media\/38532"}],"wp:attachment":[{"href":"http:\/\/www.eloriente.net\/home\/wp-json\/wp\/v2\/media?parent=38526"}],"wp:term":[{"taxonomy":"category","embeddable":true,"href":"http:\/\/www.eloriente.net\/home\/wp-json\/wp\/v2\/categories?post=38526"},{"taxonomy":"post_tag","embeddable":true,"href":"http:\/\/www.eloriente.net\/home\/wp-json\/wp\/v2\/tags?post=38526"}],"curies":[{"name":"wp","href":"https:\/\/api.w.org\/{rel}","templated":true}]}}