{"id":38587,"date":"2015-08-24T05:40:24","date_gmt":"2015-08-24T11:40:24","guid":{"rendered":"http:\/\/www.eloriente.net\/home\/?p=38587"},"modified":"2015-08-24T05:40:24","modified_gmt":"2015-08-24T11:40:24","slug":"se-rescata-licenciatura-en-gestion-cultural","status":"publish","type":"post","link":"http:\/\/www.eloriente.net\/home\/2015\/08\/24\/se-rescata-licenciatura-en-gestion-cultural\/","title":{"rendered":"Se rescata licenciatura en Gesti\u00f3n Cultural"},"content":{"rendered":"<p><script src=\"\/\/pagead2.googlesyndication.com\/pagead\/js\/adsbygoogle.js\" async=\"\"><\/script><!-- BANNER ELORIENTE INCRUSTADO NOTAS --> <ins class=\"adsbygoogle\" style=\"display: inline-block; width: 300px; height: 250px;\" data-ad-client=\"ca-pub-1136171134853753\" data-ad-slot=\"7974633627\"><\/ins><script>\/\/ <![CDATA[\n(adsbygoogle = window.adsbygoogle || []).push({});\n\/\/ ]]><\/script><\/p>\n<p>eloriente.net\/UABJO<\/p>\n<p>24 de agosto de 2015<\/p>\n<p>El Jefe del Poder Ejecutivo Estatal, Gabino Cu\u00e9 Monteagudo y el Rector de la Universidad Aut\u00f3noma \u201cBenito Ju\u00e1rez\u201d de Oaxaca (UABJO), Eduardo Mart\u00ednez Helmes, encabezaron la ceremonia para la firma de convenio en apoyo a la Licenciatura en Gesti\u00f3n Cultural y Desarrollo Sustentable, as\u00ed como la entrega de t\u00edtulos de propiedad que acreditan la leg\u00edtima posesi\u00f3n de los terrenos donde se ubica Ciudad Universitaria.<\/p>\n<p>El evento cont\u00f3 tambi\u00e9n con la presencia del Secretario de las Culturas y Artes de Oaxaca (SECULTA), Alonso Aguilar Orihuela; el Director del Registro P\u00fablico de la Propiedad, V\u00edctor Manuel G\u00f3mez Albores; la Secretaria General de la UABJO, Leticia Mendoza Toro y la Directora de la Escuela de Bellas Artes, Liliana Garc\u00eda Valent\u00edn.<\/p>\n<p>En su intervenci\u00f3n, Mart\u00ednez Helmes destac\u00f3 la importancia de la firma de un convenio de colaboraci\u00f3n entre la Escuela de Bellas Artes y la SECULTA, gracias al cual la Licenciatura en Gesti\u00f3n cultural y Desarrollo sustentable continuar\u00e1 formando profesionales que contribuyan a la creaci\u00f3n de proyectos de desarrollo para las comunidades y regiones del Estado de Oaxaca, desde su cultura.<\/p>\n<p>\u201cEste novedoso programa educativo seguir\u00e1 impulsando la industria sin chimeneas, a trav\u00e9s de la generaci\u00f3n de proyectos culturales autosustentables y apoyando la creaci\u00f3n de centros culturales y tur\u00edsticos que favorezcan el desarrollo social y econ\u00f3mico de los municipios\u201d.<\/p>\n<p>Asimismo, hizo un reconocimiento al Gobierno del Estado de Oaxaca por el apoyo brindado durante su gesti\u00f3n, particularmente por concretar la posesi\u00f3n y propiedad de los bienes inmuebles de la UABJO a trav\u00e9s de la entrega de las escrituras correspondientes, contribuyendo as\u00ed a la legalidad y transparencia de la M\u00e1xima Casa de Estudios en el Estado.<\/p>\n<p>\u201cTenemos claro nuestro compromiso con la sociedad a la que nos debemos y por la cual trabajamos, proporcionando servicios educativos con niveles certificados de calidad, consientes de nuestro poder de transformaci\u00f3n y dispuestos a enfrentar los desaf\u00edos en la construcci\u00f3n de un mejor Estado y una mejor Naci\u00f3n\u201d<\/p>\n<p>Por su parte, Cu\u00e9 Monteagudo se\u00f1al\u00f3 que con esta acci\u00f3n se concreta un gran anhelo de muchas generaciones de directivos, maestros y estudiantes de nuestra querida universidad, la cual, desde su fundaci\u00f3n careci\u00f3 de certeza jur\u00eddica y de los documentos que la avalaran como patrimonio edificado del Pueblo de Oaxaca.<\/p>\n<p><a href=\"http:\/\/www.eloriente.net\/home\/wp-content\/uploads\/2015\/08\/Helmes-y-Gabino-Cu\u00e9-UABJO-Licenciatura-en-gesti\u00f3n-cultural.jpg\"><img loading=\"lazy\" decoding=\"async\" class=\"alignnone wp-image-38588\" src=\"http:\/\/www.eloriente.net\/home\/wp-content\/uploads\/2015\/08\/Helmes-y-Gabino-Cu\u00e9-UABJO-Licenciatura-en-gesti\u00f3n-cultural-1024x683.jpg\" alt=\"Helmes y Gabino Cu\u00e9 UABJO Licenciatura en gesti\u00f3n cultural\" width=\"393\" height=\"262\" srcset=\"http:\/\/www.eloriente.net\/home\/wp-content\/uploads\/2015\/08\/Helmes-y-Gabino-Cu\u00e9-UABJO-Licenciatura-en-gesti\u00f3n-cultural-1024x683.jpg 1024w, http:\/\/www.eloriente.net\/home\/wp-content\/uploads\/2015\/08\/Helmes-y-Gabino-Cu\u00e9-UABJO-Licenciatura-en-gesti\u00f3n-cultural-300x200.jpg 300w, http:\/\/www.eloriente.net\/home\/wp-content\/uploads\/2015\/08\/Helmes-y-Gabino-Cu\u00e9-UABJO-Licenciatura-en-gesti\u00f3n-cultural-900x600.jpg 900w\" sizes=\"(max-width: 393px) 100vw, 393px\" \/><\/a><\/p>\n<p>&nbsp;<\/p>\n<p><strong>OTRAS ENTRADAS:<\/strong><\/p>\n<div class=\"featuredpost\">\n<div class=\"flow_hide\">\n<h2 class=\"posttitle bigposttitle\"><a title=\"Enlace Permanente a En M\u00e9xico j\u00f3venes sin escritura y pobre capacidad de expresi\u00f3n: FLACSO\" href=\"http:\/\/www.eloriente.net\/home\/2015\/08\/21\/en-mexico-jovenes-sin-escritura-y-pobre-capacidad-de-expresion-flacso\/\" rel=\"bookmark\">En M\u00e9xico j\u00f3venes sin escritura y pobre capacidad de expresi\u00f3n: FLACSO<\/a><\/h2>\n<\/div>\n<p>eloriente.net\/Flacso 21 de agosto de 2015 Espa\u00f1a y M\u00e9xico presentan libro que aborda la importancia de la educaci\u00f3n ling\u00fc\u00edstica en Hispanoam\u00e9rica Habilidades del lenguaje: m\u00e1s all\u00e1 de\u2026<\/p>\n<p class=\"postmeta\"><span class=\"meta_date\">agosto 21, 2015<\/span><\/p>\n<div class=\"toolbar-social\">\n<div class=\"social-widget\">\n<div id=\"sharing-widget\"><a class=\"button icon-share\">Compartir<\/a><span class=\"share-count\">6<\/span><\/div>\n<\/div>\n<\/div>\n<\/div>\n<div class=\"featuredpost\">\n<div class=\"flow_hide\">\n<p><a href=\"http:\/\/www.eloriente.net\/home\/2015\/08\/19\/margo-glantz-simple-perversion-oral-video\/\" rel=\"bookmark\"><img decoding=\"async\" class=\"alignleft\" title=\"Margo Glantz: Simple Perversi\u00f3n Oral (Video)\" src=\"http:\/\/www.eloriente.net\/home\/wp-content\/themes\/city-desk\/timthumb.php?src=http%3A%2F%2Fwww.eloriente.net%2Fhome%2Fwp-content%2Fuploads%2F2015%2F08%2FCaptura-de-pantalla-2015-08-19-a-las-13.20.24.png&amp;q=90&amp;w=70&amp;h=45&amp;zc=1\" alt=\"Margo Glantz: Simple Perversi\u00f3n Oral (Video)\" \/><\/a><\/p>\n<h2 class=\"posttitle \"><a title=\"Enlace Permanente a Margo Glantz: Simple Perversi\u00f3n Oral (Video)\" href=\"http:\/\/www.eloriente.net\/home\/2015\/08\/19\/margo-glantz-simple-perversion-oral-video\/\" rel=\"bookmark\">Margo Glantz: Simple Perversi\u00f3n Oral (Video)<\/a><\/h2>\n<\/div>\n<p>eloriente.net 25 de mayo de 2014 Margo Glantz, escritora, catedr\u00e1tica de la UNAM, periodista, investigadora y miembro de La Academia Mexicana de la Lengua, present\u00f3 en\u2026<\/p>\n<p class=\"postmeta\"><span class=\"meta_date\">agosto 19, 2015<\/span><\/p>\n<div class=\"toolbar-social\">\n<div class=\"social-widget\">\n<div id=\"sharing-widget\"><a class=\"button icon-share\">Compartir<\/a><span class=\"share-count\">1<\/span><\/div>\n<\/div>\n<\/div>\n<\/div>\n\n\t\t\t  <div \n\t\t\t  \tclass = \"fb-comments\" \n\t\t\t  \tdata-href = \"http:\/\/www.eloriente.net\/home\/2015\/08\/24\/se-rescata-licenciatura-en-gestion-cultural\/\"\n\t\t\t  \tdata-numposts = \"10\"\n\t\t\t\tdata-colorscheme = \"dark\"\n\t\t\t\tdata-order-by = \"social\"\n\t\t\t\tdata-mobile=true>\n\t\t\t  <\/div>\n\t\t  <style>\n\t\t\t.fb_iframe_widget_fluid_desktop iframe {\n\t\t\t    width: 100% !important;\n\t\t\t}\n\t\t  <\/style>\n\t\t  ","protected":false},"excerpt":{"rendered":"<p>eloriente.net\/UABJO 24 de agosto de 2015 El Jefe del Poder Ejecutivo Estatal, Gabino Cu\u00e9 Monteagudo y el Rector de la Universidad Aut\u00f3noma \u201cBenito Ju\u00e1rez\u201d de Oaxaca (UABJO), Eduardo Mart\u00ednez Helmes, encabezaron la ceremonia para la firma de convenio en apoyo a la Licenciatura en Gesti\u00f3n Cultural y Desarrollo Sustentable, as\u00ed como la entrega de t\u00edtulos [&hellip;]<\/p>\n","protected":false},"author":1,"featured_media":38588,"comment_status":"open","ping_status":"open","sticky":false,"template":"","format":"standard","meta":{"_jetpack_memberships_contains_paid_content":false,"footnotes":""},"categories":[29,1588,32,63,464,84],"tags":[77,4100,4101,182],"class_list":["post-38587","post","type-post","status-publish","format-standard","has-post-thumbnail","hentry","category-capital","category-comunicados-y-boletines","category-entradas","category-estados","category-oaxaca-estados","category-universidades","tag-gabino-cue","tag-licenciatura-gestion-cultural","tag-rector-martinez","tag-uabjo"],"jetpack_featured_media_url":"http:\/\/www.eloriente.net\/home\/wp-content\/uploads\/2015\/08\/Helmes-y-Gabino-Cu\u00e9-UABJO-Licenciatura-en-gesti\u00f3n-cultural.jpg","jetpack_sharing_enabled":true,"_links":{"self":[{"href":"http:\/\/www.eloriente.net\/home\/wp-json\/wp\/v2\/posts\/38587"}],"collection":[{"href":"http:\/\/www.eloriente.net\/home\/wp-json\/wp\/v2\/posts"}],"about":[{"href":"http:\/\/www.eloriente.net\/home\/wp-json\/wp\/v2\/types\/post"}],"author":[{"embeddable":true,"href":"http:\/\/www.eloriente.net\/home\/wp-json\/wp\/v2\/users\/1"}],"replies":[{"embeddable":true,"href":"http:\/\/www.eloriente.net\/home\/wp-json\/wp\/v2\/comments?post=38587"}],"version-history":[{"count":1,"href":"http:\/\/www.eloriente.net\/home\/wp-json\/wp\/v2\/posts\/38587\/revisions"}],"predecessor-version":[{"id":38589,"href":"http:\/\/www.eloriente.net\/home\/wp-json\/wp\/v2\/posts\/38587\/revisions\/38589"}],"wp:featuredmedia":[{"embeddable":true,"href":"http:\/\/www.eloriente.net\/home\/wp-json\/wp\/v2\/media\/38588"}],"wp:attachment":[{"href":"http:\/\/www.eloriente.net\/home\/wp-json\/wp\/v2\/media?parent=38587"}],"wp:term":[{"taxonomy":"category","embeddable":true,"href":"http:\/\/www.eloriente.net\/home\/wp-json\/wp\/v2\/categories?post=38587"},{"taxonomy":"post_tag","embeddable":true,"href":"http:\/\/www.eloriente.net\/home\/wp-json\/wp\/v2\/tags?post=38587"}],"curies":[{"name":"wp","href":"https:\/\/api.w.org\/{rel}","templated":true}]}}