{"id":38592,"date":"2015-08-24T08:30:33","date_gmt":"2015-08-24T14:30:33","guid":{"rendered":"http:\/\/www.eloriente.net\/home\/?p=38592"},"modified":"2015-08-27T15:48:02","modified_gmt":"2015-08-27T21:48:02","slug":"lecciones-de-yucunicoco-por-gerardo-mendez-ortega","status":"publish","type":"post","link":"http:\/\/www.eloriente.net\/home\/2015\/08\/24\/lecciones-de-yucunicoco-por-gerardo-mendez-ortega\/","title":{"rendered":"Lecciones de Yucunicoco, por Gerardo Mart\u00ednez Ortega"},"content":{"rendered":"<p><script src=\"\/\/pagead2.googlesyndication.com\/pagead\/js\/adsbygoogle.js\" async=\"\"><\/script><!-- BANNER ELORIENTE INCRUSTADO NOTAS --> <ins class=\"adsbygoogle\" style=\"display: inline-block; width: 300px; height: 250px;\" data-ad-client=\"ca-pub-1136171134853753\" data-ad-slot=\"7974633627\"><\/ins><script>\/\/ <![CDATA[\n(adsbygoogle = window.adsbygoogle || []).push({});\n\/\/ ]]><\/script><\/p>\n<p>&nbsp;<\/p>\n<p>&nbsp;<\/p>\n<p>(www.eloriente.net, 24 de agosto de 2015, M\u00e9xico, por: Gerardo Mart\u00ednez Ortega*).- Lo ocurrido el fin de semana pasado en Santa Mar\u00eda Yucunicoco donde se detuvo a 20 elementos polic\u00edacos por estar cometiendo actos en perjuicio de los habitantes y que posteriormente fueron puestos en libertad tras un acuerdo con el Fiscal General del Estado, permite realizar unas reflexiones en torno al caso.<\/p>\n<p>A ra\u00edz del hecho, se gest\u00f3 una pol\u00e9mica de si era correcto o no el acto de la comunidad en detener a los elementos policiacos o si ello constitu\u00eda una abierta oposici\u00f3n u obstaculizaci\u00f3n al combate de la inseguridad que impera en la zona. Incluso hubo quien desliz\u00f3 la posibilidad de una connivencia de la comunidad con el crimen organizado.<\/p>\n<p>En principio, Santa Mar\u00eda Yucunicoco es una comunidad ind\u00edgena mixteca, por lo mismo, tiene derecho a la libre determinaci\u00f3n y autonom\u00eda para aplicar su propio sistema normativo en la regulaci\u00f3n y soluci\u00f3n de sus conflictos internos con la limitante de respetar los derechos humanos.<\/p>\n<p>Recordemos que los sistemas normativos ind\u00edgenas suelen tener los tres elementos de cualquier otro sistema de justicia: normas, instituciones y procedimientos, por lo que, las disposiciones constitucionales y convencionales que protegen este derecho de aplicar justicia en t\u00e9rminos estrictos, permiten afirmar que \u201cdado el reconocimiento de estos sistemas, las autoridades ind\u00edgenas pueden resolver todo tipo de asuntos internos\u201d, por tal, efectuaron la detenci\u00f3n y no retenci\u00f3n como err\u00f3neamente se manej\u00f3.<\/p>\n<p>De esta forma, si los elementos policiacos cuando acudieron a la comunidad allanaron sin autorizaci\u00f3n domicilios particulares y extorsionaron a diversas personas para devolverles sus veh\u00edculos que s\u00f3lo carec\u00edan de documentaci\u00f3n, no que tuvieran reporte de robo, entonces, fue correcta la detenci\u00f3n. No haberlo hecho as\u00ed, los hubiera convertido en c\u00f3mplices de tales acciones.<\/p>\n<p>Esta acci\u00f3n tiene una perfecta justificaci\u00f3n pr\u00e1ctica y legal precisamente porque no se puede combatir hechos delictuosos cometiendo otros. Ni tampoco es correcto armar un operativo de esa naturaleza (m\u00e1s de 50 personas armadas y a bordo de 5 camionetas) s\u00f3lo para recorrer una poblaci\u00f3n en busca de \u201cveh\u00edculos robados\u201d sin tener un objetivo claro o sin haber hecho antes una labor de investigaci\u00f3n para ubicar a posibles responsables, cuando que en la regi\u00f3n existen hechos m\u00e1s graves sin esclarecer.<\/p>\n<p>Esto simplemente confirma la forma en c\u00f3mo los cuerpos policiacos investigan delitos y de ah\u00ed que no sea fortuito que en cuanto al nivel de confianza se ubiquen en el pen\u00faltimo lugar, seg\u00fan Encuesta Nacional de Victimizaci\u00f3n y Percepci\u00f3n sobre Seguridad P\u00fablica (ENVIPE) 2014. Es decir, no se trabaja sobre una t\u00e9cnica investigativa cient\u00edfica sino que realizan acciones al azar en espera de lograr resultados casu\u00edsticos y as\u00ed justificar acciones de combate a la seguridad. La incursi\u00f3n a Yucunicoco es el perfecto ejemplo, s\u00f3lo as\u00ed se explica el por qu\u00e9 no se metieron a las dem\u00e1s comunidades que les quedaba de paso.<\/p>\n<p>El asunto concluy\u00f3 como debi\u00f3 haber empezado. Desde un inicio las autoridades estatales de seguridad p\u00fablica debieron coordinarse con la comunidad a trav\u00e9s de sus representantes. Sin embargo, fue hasta despu\u00e9s de las negociaciones para obtener la libertad de los detenidos que se establecieron ahora mecanismos de coordinaci\u00f3n entre las autoridades de procuraci\u00f3n de justicia y de seguridad con la comunidad, que son un aliado no valorado en este proceso de combate a la inseguridad y que desde sus respectivos \u00e1mbitos contribuyen con esta funci\u00f3n sin la infraestructura requerida.<\/p>\n<p>Por ello, reviste de vital importancia que el Fiscal General de Oaxaca, como parte del proceso de negociaci\u00f3n para liberar a sus elementos, haya aceptado dotar de uniformes a los polic\u00edas municipales, equipos de radiocomunicaci\u00f3n, as\u00ed como gestionar una patrulla y el inicio de un proceso de capacitaci\u00f3n tendiente a certificarlos, porque impl\u00edcitamente reconoce la capacidad que tienen las comunidades ind\u00edgenas para participar en esta tarea del tampoco son ajenas aunque sea primariamente obligaci\u00f3n del Estado.<\/p>\n<p>Era innecesaria la incursi\u00f3n polic\u00edaca para llegar a estos t\u00e9rminos de coordinaci\u00f3n entre ambas autoridades, aun as\u00ed sirvi\u00f3 para destacar que la l\u00f3gica con la que act\u00faan las comunidades ind\u00edgenas es distinta a las instituciones de seguridad, procuraci\u00f3n y administraci\u00f3n de justicia.<\/p>\n<p><a href=\"http:\/\/www.eloriente.net\/home\/wp-content\/uploads\/2015\/08\/Yucunicoco.png\"><img loading=\"lazy\" decoding=\"async\" class=\"alignnone wp-image-38593\" src=\"http:\/\/www.eloriente.net\/home\/wp-content\/uploads\/2015\/08\/Yucunicoco-1024x659.png\" alt=\"Yucunicoco\" width=\"931\" height=\"599\" srcset=\"http:\/\/www.eloriente.net\/home\/wp-content\/uploads\/2015\/08\/Yucunicoco-1024x659.png 1024w, http:\/\/www.eloriente.net\/home\/wp-content\/uploads\/2015\/08\/Yucunicoco-300x193.png 300w, http:\/\/www.eloriente.net\/home\/wp-content\/uploads\/2015\/08\/Yucunicoco-900x579.png 900w, http:\/\/www.eloriente.net\/home\/wp-content\/uploads\/2015\/08\/Yucunicoco.png 1086w\" sizes=\"(max-width: 931px) 100vw, 931px\" \/><\/a><\/p>\n<p>*Colaboraci\u00f3n<\/p>\n<p><strong>OTRAS ENTRADAS:<\/strong><\/p>\n<div class=\"featuredpost\">\n<div class=\"flow_hide\">\n<h2 class=\"posttitle bigposttitle\"><a title=\"Enlace Permanente a En M\u00e9xico j\u00f3venes sin escritura y pobre capacidad de expresi\u00f3n: FLACSO\" href=\"http:\/\/www.eloriente.net\/home\/2015\/08\/21\/en-mexico-jovenes-sin-escritura-y-pobre-capacidad-de-expresion-flacso\/\" rel=\"bookmark\"> En M\u00e9xico j\u00f3venes sin escritura y pobre capacidad de expresi\u00f3n: FLACSO <\/a><\/h2>\n<\/div>\n<p>eloriente.net\/Flacso 21 de agosto de 2015 Espa\u00f1a y M\u00e9xico presentan libro que aborda la importancia de la educaci\u00f3n ling\u00fc\u00edstica en Hispanoam\u00e9rica Habilidades del lenguaje: m\u00e1s all\u00e1 de\u2026<\/p>\n<p class=\"postmeta\"><span class=\"meta_date\">agosto 21, 2015<\/span><\/p>\n<div class=\"toolbar-social\">\n<div class=\"social-widget\">\n<div id=\"sharing-widget\"><a class=\"button icon-share\">Compartir<\/a> <span class=\"share-count\">6<\/span><\/div>\n<\/div>\n<\/div>\n<\/div>\n<div class=\"featuredpost\">\n<div class=\"flow_hide\">\n<p><a href=\"http:\/\/www.eloriente.net\/home\/2015\/08\/19\/margo-glantz-simple-perversion-oral-video\/\" rel=\"bookmark\"><img decoding=\"async\" class=\"alignleft\" title=\"Margo Glantz: Simple Perversi\u00f3n Oral (Video)\" src=\"http:\/\/www.eloriente.net\/home\/wp-content\/themes\/city-desk\/timthumb.php?src=http%3A%2F%2Fwww.eloriente.net%2Fhome%2Fwp-content%2Fuploads%2F2015%2F08%2FCaptura-de-pantalla-2015-08-19-a-las-13.20.24.png&amp;q=90&amp;w=70&amp;h=45&amp;zc=1\" alt=\"Margo Glantz: Simple Perversi\u00f3n Oral (Video)\" \/><\/a><\/p>\n<h2 class=\"posttitle \"><a title=\"Enlace Permanente a Margo Glantz: Simple Perversi\u00f3n Oral (Video)\" href=\"http:\/\/www.eloriente.net\/home\/2015\/08\/19\/margo-glantz-simple-perversion-oral-video\/\" rel=\"bookmark\"> Margo Glantz: Simple Perversi\u00f3n Oral (Video) <\/a><\/h2>\n<\/div>\n<p>eloriente.net 25 de mayo de 2014 Margo Glantz, escritora, catedr\u00e1tica de la UNAM, periodista, investigadora y miembro de La Academia Mexicana de la Lengua, present\u00f3 en\u2026<\/p>\n<p class=\"postmeta\"><span class=\"meta_date\">agosto 19, 2015<\/span><\/p>\n<div class=\"toolbar-social\">\n<div class=\"social-widget\">\n<div id=\"sharing-widget\"><a class=\"button icon-share\">Compartir<\/a> <span class=\"share-count\">1<\/span><\/div>\n<\/div>\n<\/div>\n<\/div>\n<div class=\"featuredpost\">\n<div class=\"flow_hide\">\n<p><a href=\"http:\/\/www.eloriente.net\/home\/2015\/08\/19\/el-analisis-pest-en-la-planeacion-educativa-por-diego-gonzalez-algara\/\" rel=\"bookmark\"><img decoding=\"async\" class=\"alignleft\" title=\"El An\u00e1lisis PEST en la Planeaci\u00f3n Educativa, por Diego Gonz\u00e1lez Algara\" src=\"http:\/\/www.eloriente.net\/home\/wp-content\/themes\/city-desk\/timthumb.php?src=http%3A%2F%2Fwww.eloriente.net%2Fhome%2Fwp-content%2Fuploads%2F2015%2F08%2Fcomo_hacer_una_planeacion_fiscal_o_planeacion_financiera-grande-%40redemprendedor-e1439942650194.jpg&amp;q=90&amp;w=70&amp;h=45&amp;zc=1\" alt=\"El An\u00e1lisis PEST en la Planeaci\u00f3n Educativa, por Diego Gonz\u00e1lez Algara\" \/><\/a><\/p>\n<h2 class=\"posttitle \"><a title=\"Enlace Permanente a El An\u00e1lisis PEST en la Planeaci\u00f3n Educativa, por Diego Gonz\u00e1lez Algara\" href=\"http:\/\/www.eloriente.net\/home\/2015\/08\/19\/el-analisis-pest-en-la-planeacion-educativa-por-diego-gonzalez-algara\/\" rel=\"bookmark\"> El An\u00e1lisis PEST en la Planeaci\u00f3n Educativa, por Diego Gonz\u00e1lez Algara <\/a><\/h2>\n<\/div>\n<p>En el presente art\u00edculo, segundo de cuatro, evaluamos otro de los elementos de la planeaci\u00f3n educativa. An\u00e1lisis de la naturaleza del problema. Retomamos una herramienta utilizada en\u2026<\/p>\n<p class=\"postmeta\"><span class=\"meta_date\">agosto 19, 2015<\/span><\/p>\n<div class=\"toolbar-social\"><\/div>\n<\/div>\n\n\t\t\t  <div \n\t\t\t  \tclass = \"fb-comments\" \n\t\t\t  \tdata-href = \"http:\/\/www.eloriente.net\/home\/2015\/08\/24\/lecciones-de-yucunicoco-por-gerardo-mendez-ortega\/\"\n\t\t\t  \tdata-numposts = \"10\"\n\t\t\t\tdata-colorscheme = \"dark\"\n\t\t\t\tdata-order-by = \"social\"\n\t\t\t\tdata-mobile=true>\n\t\t\t  <\/div>\n\t\t  <style>\n\t\t\t.fb_iframe_widget_fluid_desktop iframe {\n\t\t\t    width: 100% !important;\n\t\t\t}\n\t\t  <\/style>\n\t\t  ","protected":false},"excerpt":{"rendered":"<p>&nbsp; &nbsp; (www.eloriente.net, 24 de agosto de 2015, M\u00e9xico, por: Gerardo Mart\u00ednez Ortega*).- Lo ocurrido el fin de semana pasado en Santa Mar\u00eda Yucunicoco donde se detuvo a 20 elementos polic\u00edacos por estar cometiendo actos en perjuicio de los habitantes y que posteriormente fueron puestos en libertad tras un acuerdo con el Fiscal General del [&hellip;]<\/p>\n","protected":false},"author":1,"featured_media":38593,"comment_status":"open","ping_status":"open","sticky":false,"template":"","format":"standard","meta":{"_jetpack_memberships_contains_paid_content":false,"footnotes":""},"categories":[624,22,32,63,35,10,23,464],"tags":[3809,4102],"class_list":["post-38592","post","type-post","status-publish","format-standard","has-post-thumbnail","hentry","category-articulistas","category-derechos-humanos","category-entradas","category-estados","category-secciones-oriente","category-lo-mas-reciente","category-municipios","category-oaxaca-estados","tag-derechos-indigenas","tag-seguridad-publica-oaxaca"],"jetpack_featured_media_url":"http:\/\/www.eloriente.net\/home\/wp-content\/uploads\/2015\/08\/Yucunicoco.png","jetpack_sharing_enabled":true,"_links":{"self":[{"href":"http:\/\/www.eloriente.net\/home\/wp-json\/wp\/v2\/posts\/38592"}],"collection":[{"href":"http:\/\/www.eloriente.net\/home\/wp-json\/wp\/v2\/posts"}],"about":[{"href":"http:\/\/www.eloriente.net\/home\/wp-json\/wp\/v2\/types\/post"}],"author":[{"embeddable":true,"href":"http:\/\/www.eloriente.net\/home\/wp-json\/wp\/v2\/users\/1"}],"replies":[{"embeddable":true,"href":"http:\/\/www.eloriente.net\/home\/wp-json\/wp\/v2\/comments?post=38592"}],"version-history":[{"count":2,"href":"http:\/\/www.eloriente.net\/home\/wp-json\/wp\/v2\/posts\/38592\/revisions"}],"predecessor-version":[{"id":38601,"href":"http:\/\/www.eloriente.net\/home\/wp-json\/wp\/v2\/posts\/38592\/revisions\/38601"}],"wp:featuredmedia":[{"embeddable":true,"href":"http:\/\/www.eloriente.net\/home\/wp-json\/wp\/v2\/media\/38593"}],"wp:attachment":[{"href":"http:\/\/www.eloriente.net\/home\/wp-json\/wp\/v2\/media?parent=38592"}],"wp:term":[{"taxonomy":"category","embeddable":true,"href":"http:\/\/www.eloriente.net\/home\/wp-json\/wp\/v2\/categories?post=38592"},{"taxonomy":"post_tag","embeddable":true,"href":"http:\/\/www.eloriente.net\/home\/wp-json\/wp\/v2\/tags?post=38592"}],"curies":[{"name":"wp","href":"https:\/\/api.w.org\/{rel}","templated":true}]}}