{"id":38692,"date":"2015-08-30T01:00:22","date_gmt":"2015-08-30T07:00:22","guid":{"rendered":"http:\/\/www.eloriente.net\/home\/?p=38692"},"modified":"2015-08-29T12:39:58","modified_gmt":"2015-08-29T18:39:58","slug":"en-compania-de-takeda-inauguran-exposicion-de-alumnos-de-bellas-artes","status":"publish","type":"post","link":"http:\/\/www.eloriente.net\/home\/2015\/08\/30\/en-compania-de-takeda-inauguran-exposicion-de-alumnos-de-bellas-artes\/","title":{"rendered":"En compa\u00f1\u00eda de Takeda inauguran exposici\u00f3n de alumnos de Bellas Artes"},"content":{"rendered":"<p><script src=\"\/\/pagead2.googlesyndication.com\/pagead\/js\/adsbygoogle.js\" async=\"\"><\/script><!-- BANNER ELORIENTE INCRUSTADO NOTAS --> <ins class=\"adsbygoogle\" style=\"display: inline-block; width: 300px; height: 250px;\" data-ad-client=\"ca-pub-1136171134853753\" data-ad-slot=\"7974633627\"><\/ins><script>\/\/ <![CDATA[\n(adsbygoogle = window.adsbygoogle || []).push({});\n\/\/ ]]><\/script><\/p>\n<p>&nbsp;<\/p>\n<p>&nbsp;<\/p>\n<p>eloriente.net\/UABJO<\/p>\n<p>29 de agosto<\/p>\n<p>Ante la presencia de Liliana Garc\u00eda Valent\u00edn, Directora de la Escuela de Bellas Artes de la\u00a0Universidad Aut\u00f3noma \u201cBenito Ju\u00e1rez\u201d de Oaxaca (EBAUABJO), el secretario particular de\u00a0Rector\u00eda, Erick G\u00f3mez Ram\u00edrez y el artista pl\u00e1stico Shinzaburo Takeda, se realiz\u00f3 la\u00a0inauguraci\u00f3n de la exposici\u00f3n colectiva \u201cCocodrilo\u201d, en la galer\u00eda que lleva su mismo\u00a0nombre.<\/p>\n<p>La exposici\u00f3n, bajo la coordinaci\u00f3n del maestro Takeda, re\u00fane el trabajo de m\u00e1s de una\u00a0veintena de alumnos y ex alumnos de la EBAUABJO que con su obra buscan representar la\u00a0figura del cocodrilo como un personaje presente en la cultura y tradici\u00f3n que cobra vida a\u00a0trav\u00e9s de las leyendas y mitos que se relatan en la Costa e Istmo oaxaque\u00f1os.<\/p>\n<p>En su mensaje, G\u00f3mez Ram\u00edrez dijo sentirse contento por tener la oportunidad de\u00a0presentar el trabajo de los j\u00f3venes universitarios y al mismo tiempo se\u00f1al\u00f3 que es motivo\u00a0de un gran orgullo estar acompa\u00f1ado de grandes artistas que han puesto en alto el\u00a0nombre de la UABJO.<\/p>\n<p>A decir de Takeda, con esta exposici\u00f3n los j\u00f3venes artistas emplean la gr\u00e1fica \u201ccomo un\u00a0material que permite la producci\u00f3n y expansi\u00f3n de nuestro pensamiento, quiz\u00e1 de una\u00a0forma m\u00e1s contempor\u00e1nea, pero pensando que es una de las muchas formas de acercarse\u00a0al p\u00fablico para exteriorizar las creencias y costumbres que dan identidad a nuestro\u00a0pueblo\u201d.<\/p>\n<p>Por su parte, Garc\u00eda Valent\u00edn se\u00f1al\u00f3 que la galer\u00eda Shinzaburo Takeda es un espacio en el\u00a0que se busca contar con una programaci\u00f3n variada, que permita mes con mes, mostrar la\u00a0obra de diferentes artistas, tanto universitarios como provenientes de otros espacios\u00a0culturales \u201cla idea es aprovechar la convocatoria que tiene el maestro para darle realce a\u00a0este espacio; el maestro coordinar\u00e1 el total de las exposiciones que se vayan a presentar\u201d.<\/p>\n<p>Sobre su experiencia a lo largo de m\u00e1s de cuatro d\u00e9cadas como profesor en la EBAUABJO,\u00a0Takeda se\u00f1ala que al principio de su trayectoria pensaba que el talento para la creaci\u00f3n\u00a0art\u00edstica era algo que se alcanzaba con la pr\u00e1ctica, pero cuando comenz\u00f3 a trabajar en\u00a0Oaxaca, hace m\u00e1s de cuarenta a\u00f1os, descubri\u00f3 que \u201caqu\u00ed las personas traen el talento\u00a0desde que nacen y ante eso yo me quito el sombrero\u201d.<\/p>\n<p><a href=\"http:\/\/www.eloriente.net\/home\/wp-content\/uploads\/2015\/08\/282.jpg\"><img loading=\"lazy\" decoding=\"async\" class=\"alignnone size-medium wp-image-38696\" src=\"http:\/\/www.eloriente.net\/home\/wp-content\/uploads\/2015\/08\/282-300x197.jpg\" alt=\"28(2)\" width=\"300\" height=\"197\" srcset=\"http:\/\/www.eloriente.net\/home\/wp-content\/uploads\/2015\/08\/282-300x197.jpg 300w, http:\/\/www.eloriente.net\/home\/wp-content\/uploads\/2015\/08\/282-1024x673.jpg 1024w, http:\/\/www.eloriente.net\/home\/wp-content\/uploads\/2015\/08\/282-900x591.jpg 900w, http:\/\/www.eloriente.net\/home\/wp-content\/uploads\/2015\/08\/282.jpg 1280w\" sizes=\"(max-width: 300px) 100vw, 300px\" \/><\/a><\/p>\n<p><strong>OTRAS ENTRADAS<\/strong><\/p>\n<div class=\"featuredpost\">\n<div class=\"flow_hide\">\n<h2 class=\"posttitle bigposttitle\"><a title=\"Enlace Permanente a 5 actividades culturales en Oaxaca que no te puedes perder\" href=\"http:\/\/www.eloriente.net\/home\/2015\/08\/29\/5-actividades-culturales-en-oaxaca-que-no-te-puedes-perder\/\" rel=\"bookmark\">5 actividades culturales en Oaxaca que no te puedes perder<\/a><\/h2>\n<\/div>\n<p>(www.eloriente.net, a 29 de agosto de 2015, por Valery L\u00f3pez).- En Oaxaca la cultura se promueve de muchas maneras, prueba de ello es la gran cantidad\u2026<\/p>\n<p class=\"postmeta\"><span class=\"meta_date\">agosto 29, 2015<\/span><\/p>\n<div class=\"toolbar-social\"><\/div>\n<\/div>\n<div class=\"featuredpost\">\n<div class=\"flow_hide\">\n<p><a href=\"http:\/\/www.eloriente.net\/home\/2015\/08\/27\/mariana-trinitaria-amplia-presencia-a-17-paises-david-leyva\/\" rel=\"bookmark\"><img decoding=\"async\" class=\"alignleft\" title=\"Mariana Trinitaria ampl\u00eda presencia a 17 pa\u00edses: David Leyva\" src=\"http:\/\/www.eloriente.net\/home\/wp-content\/themes\/city-desk\/timthumb.php?src=http%3A%2F%2Fwww.eloriente.net%2Fhome%2Fwp-content%2Fuploads%2F2015%2F08%2FIng-David-Leyva-Mendoza-.-CMT-1.jpg&amp;q=90&amp;w=70&amp;h=45&amp;zc=1\" alt=\"Mariana Trinitaria ampl\u00eda presencia a 17 pa\u00edses: David Leyva\" \/><\/a><\/p>\n<h2 class=\"posttitle \"><a title=\"Enlace Permanente a Mariana Trinitaria ampl\u00eda presencia a 17 pa\u00edses: David Leyva\" href=\"http:\/\/www.eloriente.net\/home\/2015\/08\/27\/mariana-trinitaria-amplia-presencia-a-17-paises-david-leyva\/\" rel=\"bookmark\">Mariana Trinitaria ampl\u00eda presencia a 17 pa\u00edses: David Leyva<\/a><\/h2>\n<\/div>\n<p>eloriente.net\/CMT 28 de agosto de 2015 + El dinero es auditado 2 veces por Hacienda, 1 por la naci\u00f3n donde se trabaje y otra exhaustiva de la\u2026<\/p>\n<p class=\"postmeta\"><span class=\"meta_date\">agosto 27, 2015<\/span><\/p>\n<div class=\"toolbar-social\"><\/div>\n<\/div>\n<div class=\"featuredpost\">\n<div class=\"flow_hide\">\n<p><a href=\"http:\/\/www.eloriente.net\/home\/2015\/08\/27\/convocatoria-para-disenar-imagen-guelaguetza-2016-abierta\/\" rel=\"bookmark\"><img decoding=\"async\" class=\"alignleft\" title=\"Convocatoria para dise\u00f1ar Imagen Guelaguetza 2016, abierta\" src=\"http:\/\/www.eloriente.net\/home\/wp-content\/themes\/city-desk\/timthumb.php?src=http%3A%2F%2Fwww.eloriente.net%2Fhome%2Fwp-content%2Fuploads%2F2013%2F07%2FSegundo-Lunes-del-Cerro-Guelaguetza-27.jpg&amp;q=90&amp;w=70&amp;h=45&amp;zc=1\" alt=\"Convocatoria para dise\u00f1ar Imagen Guelaguetza 2016, abierta\" \/><\/a><\/p>\n<h2 class=\"posttitle \"><a title=\"Enlace Permanente a Convocatoria para dise\u00f1ar Imagen Guelaguetza 2016, abierta\" href=\"http:\/\/www.eloriente.net\/home\/2015\/08\/27\/convocatoria-para-disenar-imagen-guelaguetza-2016-abierta\/\" rel=\"bookmark\">Convocatoria para dise\u00f1ar Imagen Guelaguetza 2016, abierta<\/a><\/h2>\n<\/div>\n<p>(www.eloriente.net, M\u00e9xico, 27 de agosto de 2015).- Como se ha hecho un h\u00e1bito en los \u00faltimos a\u00f1os, el gobierno del estado de Oaxaca abri\u00f3 ayer la convocatoria\u2026<\/p>\n<p class=\"postmeta\"><span class=\"meta_date\">agosto 27, 2015<\/span><\/p>\n<\/div>\n\n\t\t\t  <div \n\t\t\t  \tclass = \"fb-comments\" \n\t\t\t  \tdata-href = \"http:\/\/www.eloriente.net\/home\/2015\/08\/30\/en-compania-de-takeda-inauguran-exposicion-de-alumnos-de-bellas-artes\/\"\n\t\t\t  \tdata-numposts = \"10\"\n\t\t\t\tdata-colorscheme = \"dark\"\n\t\t\t\tdata-order-by = \"social\"\n\t\t\t\tdata-mobile=true>\n\t\t\t  <\/div>\n\t\t  <style>\n\t\t\t.fb_iframe_widget_fluid_desktop iframe {\n\t\t\t    width: 100% !important;\n\t\t\t}\n\t\t  <\/style>\n\t\t  ","protected":false},"excerpt":{"rendered":"<p>&nbsp; &nbsp; eloriente.net\/UABJO 29 de agosto Ante la presencia de Liliana Garc\u00eda Valent\u00edn, Directora de la Escuela de Bellas Artes de la\u00a0Universidad Aut\u00f3noma \u201cBenito Ju\u00e1rez\u201d de Oaxaca (EBAUABJO), el secretario particular de\u00a0Rector\u00eda, Erick G\u00f3mez Ram\u00edrez y el artista pl\u00e1stico Shinzaburo Takeda, se realiz\u00f3 la\u00a0inauguraci\u00f3n de la exposici\u00f3n colectiva \u201cCocodrilo\u201d, en la galer\u00eda que lleva su [&hellip;]<\/p>\n","protected":false},"author":44,"featured_media":38696,"comment_status":"open","ping_status":"open","sticky":false,"template":"","format":"standard","meta":{"_jetpack_memberships_contains_paid_content":false,"footnotes":""},"categories":[1588,18,32,63,464,84],"tags":[4133,4132,4131,240,663,182],"class_list":["post-38692","post","type-post","status-publish","format-standard","has-post-thumbnail","hentry","category-comunicados-y-boletines","category-educacion-y-cultura","category-entradas","category-estados","category-oaxaca-estados","category-universidades","tag-cocodrilos","tag-ebauabjo","tag-escuela-de-bellas-artes","tag-exposicion","tag-takeda","tag-uabjo"],"jetpack_featured_media_url":"http:\/\/www.eloriente.net\/home\/wp-content\/uploads\/2015\/08\/282.jpg","jetpack_sharing_enabled":true,"_links":{"self":[{"href":"http:\/\/www.eloriente.net\/home\/wp-json\/wp\/v2\/posts\/38692"}],"collection":[{"href":"http:\/\/www.eloriente.net\/home\/wp-json\/wp\/v2\/posts"}],"about":[{"href":"http:\/\/www.eloriente.net\/home\/wp-json\/wp\/v2\/types\/post"}],"author":[{"embeddable":true,"href":"http:\/\/www.eloriente.net\/home\/wp-json\/wp\/v2\/users\/44"}],"replies":[{"embeddable":true,"href":"http:\/\/www.eloriente.net\/home\/wp-json\/wp\/v2\/comments?post=38692"}],"version-history":[{"count":4,"href":"http:\/\/www.eloriente.net\/home\/wp-json\/wp\/v2\/posts\/38692\/revisions"}],"predecessor-version":[{"id":38702,"href":"http:\/\/www.eloriente.net\/home\/wp-json\/wp\/v2\/posts\/38692\/revisions\/38702"}],"wp:featuredmedia":[{"embeddable":true,"href":"http:\/\/www.eloriente.net\/home\/wp-json\/wp\/v2\/media\/38696"}],"wp:attachment":[{"href":"http:\/\/www.eloriente.net\/home\/wp-json\/wp\/v2\/media?parent=38692"}],"wp:term":[{"taxonomy":"category","embeddable":true,"href":"http:\/\/www.eloriente.net\/home\/wp-json\/wp\/v2\/categories?post=38692"},{"taxonomy":"post_tag","embeddable":true,"href":"http:\/\/www.eloriente.net\/home\/wp-json\/wp\/v2\/tags?post=38692"}],"curies":[{"name":"wp","href":"https:\/\/api.w.org\/{rel}","templated":true}]}}