{"id":38749,"date":"2015-09-01T01:00:02","date_gmt":"2015-09-01T07:00:02","guid":{"rendered":"http:\/\/www.eloriente.net\/home\/?p=38749"},"modified":"2015-09-01T10:25:15","modified_gmt":"2015-09-01T16:25:15","slug":"ejerce-oaxaca-menos-del-65-del-subsidio-para-la-seguridad-de-los-municipios","status":"publish","type":"post","link":"http:\/\/www.eloriente.net\/home\/2015\/09\/01\/ejerce-oaxaca-menos-del-65-del-subsidio-para-la-seguridad-de-los-municipios\/","title":{"rendered":"Ejerce Oaxaca menos del 65% del Subsidio para la Seguridad de los Municipios"},"content":{"rendered":"<p><script src=\"\/\/pagead2.googlesyndication.com\/pagead\/js\/adsbygoogle.js\" async=\"\"><\/script><!-- BANNER ELORIENTE INCRUSTADO NOTAS --> <ins class=\"adsbygoogle\" style=\"display: inline-block; width: 300px; height: 250px;\" data-ad-client=\"ca-pub-1136171134853753\" data-ad-slot=\"7974633627\"><\/ins><script>\/\/ <![CDATA[\n(adsbygoogle = window.adsbygoogle || []).push({});\n\/\/ ]]><\/script><\/p>\n<p>&nbsp;<\/p>\n<p>&nbsp;<\/p>\n<p>(www.eloriente.net, a 01 de septiembre de 2015), por Valery L\u00f3pez).- Oaxaca ejerci\u00f3 poco m\u00e1s del 60 por ciento del recurso otorgado por el Subsidio para la Seguridad de los Municipios (Subsemun) en 2014, en el cual el estado recibi\u00f3 recursos por 52.7 millones de pesos para cinco municipios que son Oaxaca de Ju\u00e1rez, Salina Cruz, San Juan Bautista Tuxtepec, San Pedro Mixtepec y Santa Cruz Xoxocotl\u00e1n.<\/p>\n<p>El Secretariado Ejecutivo del Sistema de Seguridad P\u00fablica (SNSP) public\u00f3 un informe sobre el ejercicio de los recursos del Subsemun, donde se expuso que en promedio se alcanz\u00f3 71.4 por ciento de las metas f\u00edsicas y 88.9 por ciento del gasto.<\/p>\n<p>De acuerdo con el SNSP, ning\u00fan estado logr\u00f3 alcanzar las metas convenidas, sin embargo a nivel municipal 75 municipios, o lo que es lo mismo un 28 por ciento de los mismos, s\u00ed lograron alcanzar los objetivos.<\/p>\n<p>Los\u00a0conceptos con mayor nivel de gasto fueron el de camioneta tipo pick up doble cabina, en el cual los municipios gastaron 611 millones de pesos, seguido de veh\u00edculos Sed\u00e1n los cuales representaron un gasto de 293.2 millones de pesos, el tercer rubro lo ocupan los chalecos bal\u00edsticos nivel IV con una inversi\u00f3n de 216.2 mdp.<\/p>\n<p>En el informe de la SNSP se puede apreciar que en conjunto los municipios pertenecientes a Oaxaca ejercieron poco m\u00e1s del 60 por ciento de los 52.7 millones que les fueron asignados para seguridad, siendo esto el avance f\u00edsico, mientras que el campo del avance financiero Oaxaca tuvo un 85 por ciento.<\/p>\n<p><a href=\"http:\/\/www.eloriente.net\/home\/wp-content\/uploads\/2015\/08\/Avance-F\u00edsico-Financiero-Subsemun.png\"><img loading=\"lazy\" decoding=\"async\" class=\"alignnone size-full wp-image-38750\" src=\"http:\/\/www.eloriente.net\/home\/wp-content\/uploads\/2015\/08\/Avance-F\u00edsico-Financiero-Subsemun.png\" alt=\"Avance F\u00edsico Financiero Subsemun\" width=\"638\" height=\"447\" srcset=\"http:\/\/www.eloriente.net\/home\/wp-content\/uploads\/2015\/08\/Avance-F\u00edsico-Financiero-Subsemun.png 638w, http:\/\/www.eloriente.net\/home\/wp-content\/uploads\/2015\/08\/Avance-F\u00edsico-Financiero-Subsemun-300x210.png 300w\" sizes=\"(max-width: 638px) 100vw, 638px\" \/><\/a><\/p>\n<p>Los 4,709.4 millones de pesos asignados para \u00e9ste programa fueron utilizados en 6 programas con prioridad nacional que son: Profesionalizaci\u00f3n de las Instituciones de Seguridad P\u00fablica, Prevenci\u00f3n Social del Delito, Red Nacional de Telecomunicaciones, Control de Confianza, Sistema Nacional de Informaci\u00f3n, Servicio de Llamadas. Siendo Profesionalizaci\u00f3n la que obtuvo mayor inversi\u00f3n con un total de 994.5 mdp, mientras que en Prevenci\u00f3n del Delito se gastaron 994.5 mdp.<\/p>\n<p>El Informe de resultados del Subsidio para la Seguridad de los Municipios a continuaci\u00f3n:<br \/>\n<iframe loading=\"lazy\" src=\"\/\/e.issuu.com\/embed.html#5422719\/15144443\" width=\"525\" height=\"679\" frameborder=\"0\" allowfullscreen=\"allowfullscreen\"><\/iframe><\/p>\n<p>o bien <a href=\"http:\/\/www.secretariadoejecutivo.gob.mx\/docs\/pdfs\/transparencia\/Informe_de_Resultados_SUBSEMUN_2014.pdf\" target=\"_blank\">AQU\u00cd<\/a>.<\/p>\n<p>&nbsp;<\/p>\n<p><a href=\"http:\/\/www.eloriente.net\/home\/wp-content\/uploads\/2014\/11\/Seguridad-Lydia.jpg\"><img loading=\"lazy\" decoding=\"async\" class=\"alignnone wp-image-33676\" src=\"http:\/\/www.eloriente.net\/home\/wp-content\/uploads\/2014\/11\/Seguridad-Lydia.jpg\" alt=\"Seguridad - Lydia\" width=\"384\" height=\"288\" srcset=\"http:\/\/www.eloriente.net\/home\/wp-content\/uploads\/2014\/11\/Seguridad-Lydia.jpg 1024w, http:\/\/www.eloriente.net\/home\/wp-content\/uploads\/2014\/11\/Seguridad-Lydia-300x225.jpg 300w\" sizes=\"(max-width: 384px) 100vw, 384px\" \/><\/a><\/p>\n<p><strong>OTRAS ENTRADAS<\/strong><\/p>\n<div class=\"featuredpost\">\n<div class=\"flow_hide\">\n<h2 class=\"posttitle bigposttitle\"><a title=\"Enlace Permanente a Finales de Zona, por Jaime Palau Ranz\" href=\"http:\/\/www.eloriente.net\/home\/2015\/08\/31\/finales-de-zona-por-jaime-palau-ranz\/\" rel=\"bookmark\">Finales de Zona, por Jaime Palau Ranz<\/a><\/h2>\n<\/div>\n<p>(www.eloriente.net, M\u00e9xico a 31 de agosto de 2015, por Jaime Palau Ranz) El cierre de temporada fue espectacular, cada juego fue peleado hasta el \u00faltimo out\u2026<\/p>\n<p class=\"postmeta\"><span class=\"meta_date\">agosto 31, 2015<\/span><\/p>\n<div class=\"toolbar-social\"><\/div>\n<\/div>\n<div class=\"featuredpost\">\n<div class=\"flow_hide\">\n<p><a href=\"http:\/\/www.eloriente.net\/home\/2015\/08\/31\/los-jovenes-y-la-cultura-son-la-clave-para-la-paz-foro-mundial-sobre-los-jovenes\/\" rel=\"bookmark\"><img decoding=\"async\" class=\"alignleft\" title=\"Los j\u00f3venes y la cultura son la clave para la paz: Foro Mundial sobre los J\u00f3venes\" src=\"http:\/\/www.eloriente.net\/home\/wp-content\/themes\/city-desk\/timthumb.php?src=http%3A%2F%2Fwww.eloriente.net%2Fhome%2Fwp-content%2Fuploads%2F2015%2F08%2FGlobal-Forum-on-Youth-Peace-and-Security-Day-1-e1441059873699.png&amp;q=90&amp;w=70&amp;h=45&amp;zc=1\" alt=\"Los j\u00f3venes y la cultura son la clave para la paz: Foro Mundial sobre los J\u00f3venes\" \/><\/a><\/p>\n<h2 class=\"posttitle \"><a title=\"Enlace Permanente a Los j\u00f3venes y la cultura son la clave para la paz: Foro Mundial sobre los J\u00f3venes\" href=\"http:\/\/www.eloriente.net\/home\/2015\/08\/31\/los-jovenes-y-la-cultura-son-la-clave-para-la-paz-foro-mundial-sobre-los-jovenes\/\" rel=\"bookmark\">Los j\u00f3venes y la cultura son la clave para la paz: Foro Mundial sobre los J\u00f3venes<\/a><\/h2>\n<\/div>\n<p>eloriente.net\/UNESCO 31 de agosto de 2015 El 21 de agosto, la Directora General de la UNESCO, Irina Bokova, particip\u00f3 en la sesi\u00f3n de apertura del Foro\u2026<\/p>\n<p class=\"postmeta\"><span class=\"meta_date\">agosto 31, 2015<\/span><\/p>\n<div class=\"toolbar-social\"><\/div>\n<\/div>\n<div class=\"featuredpost\">\n<div class=\"flow_hide\">\n<p><a href=\"http:\/\/www.eloriente.net\/home\/2015\/08\/31\/abandona-chicharito-el-14-a-su-llegada-al-leverkusen\/\" rel=\"bookmark\"><img decoding=\"async\" class=\"alignleft\" title=\"Abandona Chicharito el 14 a su llegada al Leverkusen\" src=\"http:\/\/www.eloriente.net\/home\/wp-content\/themes\/city-desk\/timthumb.php?src=http%3A%2F%2Fwww.eloriente.net%2Fhome%2Fwp-content%2Fuploads%2F2015%2F08%2FChicharito-Leverkusen-por-Bayer-Leverkusen-FB-e1441056520606.jpg&amp;q=90&amp;w=70&amp;h=45&amp;zc=1\" alt=\"Abandona Chicharito el 14 a su llegada al Leverkusen\" \/><\/a><\/p>\n<h2 class=\"posttitle \"><a title=\"Enlace Permanente a Abandona Chicharito el 14 a su llegada al Leverkusen\" href=\"http:\/\/www.eloriente.net\/home\/2015\/08\/31\/abandona-chicharito-el-14-a-su-llegada-al-leverkusen\/\" rel=\"bookmark\">Abandona Chicharito el 14 a su llegada al Leverkusen<\/a><\/h2>\n<\/div>\n<p>(www.eloriente.net, a 31 de agosto de 2015, por Valery L\u00f3pez).-En las primeras horas de \u00e9ste lunes se hizo oficial la llegada de Javier \u201cChicharito\u201d Hernandez al\u2026<\/p>\n<p class=\"postmeta\"><span class=\"meta_date\">agosto 31, 2015<\/span><\/p>\n<\/div>\n\n\t\t\t  <div \n\t\t\t  \tclass = \"fb-comments\" \n\t\t\t  \tdata-href = \"http:\/\/www.eloriente.net\/home\/2015\/09\/01\/ejerce-oaxaca-menos-del-65-del-subsidio-para-la-seguridad-de-los-municipios\/\"\n\t\t\t  \tdata-numposts = \"10\"\n\t\t\t\tdata-colorscheme = \"dark\"\n\t\t\t\tdata-order-by = \"social\"\n\t\t\t\tdata-mobile=true>\n\t\t\t  <\/div>\n\t\t  <style>\n\t\t\t.fb_iframe_widget_fluid_desktop iframe {\n\t\t\t    width: 100% !important;\n\t\t\t}\n\t\t  <\/style>\n\t\t  ","protected":false},"excerpt":{"rendered":"<p>&nbsp; &nbsp; (www.eloriente.net, a 01 de septiembre de 2015), por Valery L\u00f3pez).- Oaxaca ejerci\u00f3 poco m\u00e1s del 60 por ciento del recurso otorgado por el Subsidio para la Seguridad de los Municipios (Subsemun) en 2014, en el cual el estado recibi\u00f3 recursos por 52.7 millones de pesos para cinco municipios que son Oaxaca de Ju\u00e1rez, [&hellip;]<\/p>\n","protected":false},"author":44,"featured_media":33676,"comment_status":"open","ping_status":"open","sticky":false,"template":"","format":"standard","meta":{"_jetpack_memberships_contains_paid_content":false,"footnotes":""},"categories":[32,13,63,35,23,31,3205],"tags":[344,73,341,591,206,4157,4158,4156],"class_list":["post-38749","post","type-post","status-publish","format-standard","has-post-thumbnail","hentry","category-entradas","category-especiales","category-estados","category-secciones-oriente","category-municipios","category-principal","category-salina-cruz-municipios","tag-municipios-2","tag-oaxaca","tag-policia","tag-recursos","tag-seguridad","tag-subsemun","tag-subsidio","tag-subsidio-para-la-seguridad-de-los-municipios"],"jetpack_featured_media_url":"http:\/\/www.eloriente.net\/home\/wp-content\/uploads\/2014\/11\/Seguridad-Lydia.jpg","jetpack_sharing_enabled":true,"_links":{"self":[{"href":"http:\/\/www.eloriente.net\/home\/wp-json\/wp\/v2\/posts\/38749"}],"collection":[{"href":"http:\/\/www.eloriente.net\/home\/wp-json\/wp\/v2\/posts"}],"about":[{"href":"http:\/\/www.eloriente.net\/home\/wp-json\/wp\/v2\/types\/post"}],"author":[{"embeddable":true,"href":"http:\/\/www.eloriente.net\/home\/wp-json\/wp\/v2\/users\/44"}],"replies":[{"embeddable":true,"href":"http:\/\/www.eloriente.net\/home\/wp-json\/wp\/v2\/comments?post=38749"}],"version-history":[{"count":6,"href":"http:\/\/www.eloriente.net\/home\/wp-json\/wp\/v2\/posts\/38749\/revisions"}],"predecessor-version":[{"id":38758,"href":"http:\/\/www.eloriente.net\/home\/wp-json\/wp\/v2\/posts\/38749\/revisions\/38758"}],"wp:featuredmedia":[{"embeddable":true,"href":"http:\/\/www.eloriente.net\/home\/wp-json\/wp\/v2\/media\/33676"}],"wp:attachment":[{"href":"http:\/\/www.eloriente.net\/home\/wp-json\/wp\/v2\/media?parent=38749"}],"wp:term":[{"taxonomy":"category","embeddable":true,"href":"http:\/\/www.eloriente.net\/home\/wp-json\/wp\/v2\/categories?post=38749"},{"taxonomy":"post_tag","embeddable":true,"href":"http:\/\/www.eloriente.net\/home\/wp-json\/wp\/v2\/tags?post=38749"}],"curies":[{"name":"wp","href":"https:\/\/api.w.org\/{rel}","templated":true}]}}