{"id":38821,"date":"2015-09-03T01:00:34","date_gmt":"2015-09-03T07:00:34","guid":{"rendered":"http:\/\/www.eloriente.net\/home\/?p=38821"},"modified":"2015-09-07T08:34:04","modified_gmt":"2015-09-07T14:34:04","slug":"hace-falta-una-silla-por-alejandro-cruz-pimentel","status":"publish","type":"post","link":"http:\/\/www.eloriente.net\/home\/2015\/09\/03\/hace-falta-una-silla-por-alejandro-cruz-pimentel\/","title":{"rendered":"\u00a1Hace falta una silla!, por Alejandro Cruz Pimentel"},"content":{"rendered":"<p><script src=\"\/\/pagead2.googlesyndication.com\/pagead\/js\/adsbygoogle.js\" async=\"\"><\/script><!-- BANNER ELORIENTE INCRUSTADO NOTAS --> <ins class=\"adsbygoogle\" style=\"display: inline-block; width: 300px; height: 250px;\" data-ad-client=\"ca-pub-1136171134853753\" data-ad-slot=\"7974633627\"><\/ins><script>\/\/ <![CDATA[\n(adsbygoogle = window.adsbygoogle || []).push({});\n\/\/ ]]><\/script><\/p>\n<p>(www.eloriente.net, M\u00e9xico, a 2 de septiembre de 2015, por <a href=\"http:\/\/www.eloriente.net\/home\/category\/colaboradores\/alejandro-cruz-pimentel\/\" target=\"_blank\">Alejandro Cruz Pimentel<\/a>).- \u00a0Los momentos coyunturales por los que pasa la educaci\u00f3n p\u00fablica en Oaxaca, hoy, la\u00a0sociedad civil no puede ser espectadora de la disputa de la rector\u00eda de la educaci\u00f3n. Hoy el\u00a0gobierno del estado debe pronunciarse por un debate p\u00fablico y abierto; debe sacudirse la\u00a0publicidad oficial de la federaci\u00f3n y disminuir considerablemente su publicidad oficial en\u00a0los medios impresos, visuales y auditivos. Hoy el debate ya no debe ser, sobre qui\u00e9nes son\u00a0m\u00e1s, o menos, culpables de la debacle educativa de nuestro estado. Ahora tendr\u00e1 que ser\u00a0sobre el dise\u00f1o de pol\u00edticas p\u00fablicas que permitan entregar logros sobre la calidad de la\u00a0educaci\u00f3n. Debemos acabar con la numeralia de los insumos, en especie y monetarios, y\u00a0pasar a la evaluaci\u00f3n de resultados. Se han anunciado millonarios presupuestos para que\u00a0Oaxaca atienda la reforma educativa, no podemos seguir viendo c\u00f3mo se dilapidan los\u00a0recursos p\u00fablicos.<\/p>\n<p>En esta tesitura, es obligatorio reconocer que alguien hace falta, y es la sociedad civil, se\u00a0hace impostergable ampliar la cantidad y calidad de los interlocutores en la nueva pol\u00edtica\u00a0educativa. La discusi\u00f3n tiene que subir de nivel, tiene que ser mejor, tiene que contemplar\u00a0todas las ideas y convicciones para que podamos consolidar una estrategia, que conforme\u00a0a la reforma educativa, ser\u00e1 garantizar una educaci\u00f3n de calidad a los miles de ni\u00f1as y\u00a0ni\u00f1os, que hoy se les ha negado.<\/p>\n<p>Es momento de acercar la silla de la sociedad civil, a la mesa de las grandes decisiones de\u00a0la nueva pol\u00edtica educativa. El rol de la sociedad debe dar un giro diametral, de ser de\u00a0ausente, aplauso y comparsa a inclusi\u00f3n, vigilancia y corresponsabilidad. Por eso aplaudo\u00a0la convocatoria p\u00fablica para tratar de acercar a los padres de familia, a los acad\u00e9micos y a\u00a0la sociedad civil, mediante un consejo consultivo, como un contrapeso razonado en el\u00a0proceso de toma de decisiones.<\/p>\n<p>En la reorganizaci\u00f3n del sistema educativo oaxaque\u00f1o, la sociedad civil debe dejar de ser\u00a0el convidado de piedra para pasar a una participaci\u00f3n m\u00e1s activa que pulverice el binomio\u00a0\u2013viejoIEEPO-S22 \u2013 que ralentiz\u00f3 la implementaci\u00f3n de programas a favor de la ni\u00f1ez\u00a0oaxaque\u00f1a. Queremos que cuando se hable del IEEPO, se escuche calidad educativa, no\u00a0rencillas con el sindicato.<\/p>\n<p>Como sociedad civil, tenemos la capacidad de aportar, ofrecer, entender y discutir,\u00a0pol\u00edticas p\u00fablicas en materia educativa. Como oaxaque\u00f1os, reconocemos el disenso para\u00a0alcanzar los grandes consensos que requiere la educaci\u00f3n desde sus diferentes aristas. Ya\u00a0no m\u00e1s decisiones arbitrarias de corto plazo, no m\u00e1s decisiones de 6 a\u00f1os y no m\u00e1s\u00a0cabezas de directores por afectar intereses particulares. Necesitamos visi\u00f3n a largo plazo,\u00a0visi\u00f3n para evaluar el desempe\u00f1o que permitan reconocer los logros o fracasos.<\/p>\n<p>Considero a la transparencia y la rendici\u00f3n de cuentas como columnas fundamentales en\u00a0la gesti\u00f3n p\u00fablica del nuevo instituto. El Derecho de Acceso a la Informaci\u00f3n consagrado\u00a0en nuestro Texto Supremo, debe ser la herramienta para proteger el Derecho a la\u00a0Educaci\u00f3n de la ni\u00f1ez y juventud oaxaque\u00f1a. Toda decisi\u00f3n debe estar abierta al\u00a0escrutinio p\u00fablico, en esta tesitura, todas las compras de equipamiento para las escuelas\u00a0deben conocerse, lastima saber que hay ni\u00f1os que no tienen un pupitre o un pizarr\u00f3n;\u00a0todas las obras p\u00fablicas en infraestructura deben ponerse a la vista, ya no m\u00e1s techos de\u00a0l\u00e1mina o cart\u00f3n, ya no m\u00e1s pisos de tierra; la adquisici\u00f3n de veh\u00edculos debe frenarse hasta\u00a0en tanto se regularicen los miles de veh\u00edculos en manos de personas ajenas a la educaci\u00f3n.<\/p>\n<p>Un punto muy oscuro del viejo IEEPO nadie lo tocado, su subcomit\u00e9 de adquisiciones,\u00a0arrendamientos y servicios, en este \u00f3rgano la opacidad ha sido la regla, ha sido una cepa\u00a0para la corrupci\u00f3n, ha sido un bot\u00edn para enriquecer a muchos servidores p\u00fablicos. En ese\u00a0sentido, la sociedad civil debe ser convocada en este \u00f3rgano colegiado, para que pueda\u00a0informar a los ciudadanos, las adquisiciones que se est\u00e1n realizando. Ya no m\u00e1s recursos\u00a0echados a la coladera por comprar directas a base de chantajes econ\u00f3micos de sus\u00a0integrantes, que valga la pena decirlo, son de otras dependencias del gobierno estatal.<\/p>\n<p>El Derecho al Acceso a la Informaci\u00f3n garantizado por el nuevo IEEPO, permitir\u00e1 contribuir\u00a0a nivelar hacia arriba las condiciones de la calidad en la educaci\u00f3n, permitiendo que se\u00a0conozca el destino final de los millonarios recursos que ser\u00e1n asignados a la educaci\u00f3n.<\/p>\n<p>La sociedad civil acompa\u00f1ara con una evaluaci\u00f3n sumaria, susceptible de an\u00e1lisis y\u00a0valoraci\u00f3n ciudadana de lo que sucede en el nuevo Instituto con la finalidad de consolidar\u00a0la reforma educativa impulsada desde la federaci\u00f3n. El nuevo instituto debe sacudirse del\u00a0imaginario colectivo, que es un bot\u00edn de aviadores y abusadores de sus recursos p\u00fablicos.\u00a0La visi\u00f3n ciudadana debe cambiar y acompa\u00f1ar al rector de la educaci\u00f3n. Hay una tesis\u00a0que dice: \u201clo que no se mide, no se puede mejorar\u201d; tendremos que medir su desempe\u00f1o\u00a0y su gesti\u00f3n con nuevos indicadores de gesti\u00f3n y estrat\u00e9gicos que sirvan a la sociedad,\u00a0indicadores que aporten informaci\u00f3n, para recuperar gradualmente la confianza. Solo as\u00ed,\u00a0podremos revertir esta situaci\u00f3n.<\/p>\n<p>Como sociedad civil, hay el compromiso de sacar adelante a Oaxaca, ya no m\u00e1s \u00faltimos y\u00a0pen\u00faltimos lugares en educaci\u00f3n. Varias generaciones se fueron de nuestras manos por\u00a0estar imp\u00e1vidos y espectadores del tema. Pero esto solo ser\u00e1 posible, si y solo si, se acerca\u00a0una nueva silla a la mesa de las grandes decisiones, la de la sociedad civil.<\/p>\n<p><a href=\"http:\/\/www.eloriente.net\/home\/wp-content\/uploads\/2015\/07\/Nueva-junta-IEEPO-Oaxaca-julio-2015.jpg\"><img loading=\"lazy\" decoding=\"async\" class=\"alignnone size-medium wp-image-38096\" src=\"http:\/\/www.eloriente.net\/home\/wp-content\/uploads\/2015\/07\/Nueva-junta-IEEPO-Oaxaca-julio-2015-300x163.jpg\" alt=\"Nueva junta IEEPO Oaxaca julio 2015\" width=\"300\" height=\"163\" srcset=\"http:\/\/www.eloriente.net\/home\/wp-content\/uploads\/2015\/07\/Nueva-junta-IEEPO-Oaxaca-julio-2015-300x163.jpg 300w, http:\/\/www.eloriente.net\/home\/wp-content\/uploads\/2015\/07\/Nueva-junta-IEEPO-Oaxaca-julio-2015.jpg 800w\" sizes=\"(max-width: 300px) 100vw, 300px\" \/><\/a><\/p>\n<p><strong>OTRAS ENTRADAS<\/strong><\/p>\n<div class=\"featuredpost\">\n<div class=\"flow_hide\">\n<h2 class=\"posttitle bigposttitle\"><a title=\"Enlace Permanente a Mensaje de Enrique Pe\u00f1a Nieto #TercerInforme (Video\/Infograf\u00eda)\" href=\"http:\/\/www.eloriente.net\/home\/2015\/09\/02\/2sep15-en-vivo-mensaje-enrique-pena-nieto-tercerinforme\/\" rel=\"bookmark\">Mensaje de Enrique Pe\u00f1a Nieto #TercerInforme (Video\/Infograf\u00eda)<\/a><\/h2>\n<\/div>\n<p>(www.eloriente.net, M\u00e9xico, 2 de septiembre de 2015).- En seguimiento a la entrega hecha ayer por el secretario de gobernaci\u00f3n, Miguel \u00c1ngel Osorio, del texto del Tercer Informe de\u2026<\/p>\n<p class=\"postmeta\"><span class=\"meta_date\">septiembre 2, 2015<\/span><\/p>\n<div class=\"toolbar-social\"><\/div>\n<\/div>\n<div class=\"featuredpost\">\n<div class=\"flow_hide\">\n<p><a href=\"http:\/\/www.eloriente.net\/home\/2015\/09\/02\/las-imagenes-de-la-estatua-de-porfirio-diaz-en-orizaba\/\" rel=\"bookmark\"><img decoding=\"async\" class=\"alignleft\" title=\"Las im\u00e1genes de la estatua de Porfirio D\u00edaz en Orizaba\" src=\"http:\/\/www.eloriente.net\/home\/wp-content\/themes\/city-desk\/timthumb.php?src=http%3A%2F%2Fwww.eloriente.net%2Fhome%2Fwp-content%2Fuploads%2F2015%2F09%2FEstatua-Porfirio-D%C3%ADaz-Ayuntamiento-Orizaba.jpg&amp;q=90&amp;w=70&amp;h=45&amp;zc=1\" alt=\"Las im\u00e1genes de la estatua de Porfirio D\u00edaz en Orizaba\" \/><\/a><\/p>\n<h2 class=\"posttitle \"><a title=\"Enlace Permanente a Las im\u00e1genes de la estatua de Porfirio D\u00edaz en Orizaba\" href=\"http:\/\/www.eloriente.net\/home\/2015\/09\/02\/las-imagenes-de-la-estatua-de-porfirio-diaz-en-orizaba\/\" rel=\"bookmark\">Las im\u00e1genes de la estatua de Porfirio D\u00edaz en Orizaba<\/a><\/h2>\n<\/div>\n<p>(www.eloriente.net, M\u00e9xico, 2 de septiembre de 2015).- Con motivo del centenario del fallecimiento del ex presidente de M\u00e9xico, Porfirio D\u00edaz Mori, el Ayuntamiento de la ciudad veracruzana\u2026<\/p>\n<p class=\"postmeta\"><span class=\"meta_date\">septiembre 2, 2015<\/span><\/p>\n<div class=\"toolbar-social\"><\/div>\n<\/div>\n<div class=\"featuredpost\">\n<div class=\"flow_hide\">\n<p><a href=\"http:\/\/www.eloriente.net\/home\/2015\/09\/02\/implementacion-y-evaluacion-en-la-planeacion-educativa-por-diego-gonzalez\/\" rel=\"bookmark\"><img decoding=\"async\" class=\"alignleft\" title=\"Implementaci\u00f3n y Evaluaci\u00f3n en la Planeaci\u00f3n Educativa, por Diego Gonz\u00e1lez\" src=\"http:\/\/www.eloriente.net\/home\/wp-content\/themes\/city-desk\/timthumb.php?src=http%3A%2F%2Fwww.eloriente.net%2Fhome%2Fwp-content%2Fuploads%2F2015%2F09%2FEducaci%C3%B3n-1.jpg&amp;q=90&amp;w=70&amp;h=45&amp;zc=1\" alt=\"Implementaci\u00f3n y Evaluaci\u00f3n en la Planeaci\u00f3n Educativa, por Diego Gonz\u00e1lez\" \/><\/a><\/p>\n<h2 class=\"posttitle \"><a title=\"Enlace Permanente a Implementaci\u00f3n y Evaluaci\u00f3n en la Planeaci\u00f3n Educativa, por Diego Gonz\u00e1lez\" href=\"http:\/\/www.eloriente.net\/home\/2015\/09\/02\/implementacion-y-evaluacion-en-la-planeacion-educativa-por-diego-gonzalez\/\" rel=\"bookmark\">Implementaci\u00f3n y Evaluaci\u00f3n en la Planeaci\u00f3n Educativa, por Diego Gonz\u00e1lez<\/a><\/h2>\n<\/div>\n<p>Un proyecto es un conjunto de actividades a realizarse en un lugar determinado, en un tiempo determinado, con determinados recursos, para lograr objetivos y metas preestablecidas;\u2026<\/p>\n<p class=\"postmeta\"><span class=\"meta_date\">septiembre 2, 2015<\/span><\/p>\n<\/div>\n\n\t\t\t  <div \n\t\t\t  \tclass = \"fb-comments\" \n\t\t\t  \tdata-href = \"http:\/\/www.eloriente.net\/home\/2015\/09\/03\/hace-falta-una-silla-por-alejandro-cruz-pimentel\/\"\n\t\t\t  \tdata-numposts = \"10\"\n\t\t\t\tdata-colorscheme = \"dark\"\n\t\t\t\tdata-order-by = \"social\"\n\t\t\t\tdata-mobile=true>\n\t\t\t  <\/div>\n\t\t  <style>\n\t\t\t.fb_iframe_widget_fluid_desktop iframe {\n\t\t\t    width: 100% !important;\n\t\t\t}\n\t\t  <\/style>\n\t\t  ","protected":false},"excerpt":{"rendered":"<p>(www.eloriente.net, M\u00e9xico, a 2 de septiembre de 2015, por Alejandro Cruz Pimentel).- \u00a0Los momentos coyunturales por los que pasa la educaci\u00f3n p\u00fablica en Oaxaca, hoy, la\u00a0sociedad civil no puede ser espectadora de la disputa de la rector\u00eda de la educaci\u00f3n. Hoy el\u00a0gobierno del estado debe pronunciarse por un debate p\u00fablico y abierto; debe sacudirse la\u00a0publicidad [&hellip;]<\/p>\n","protected":false},"author":36,"featured_media":38096,"comment_status":"open","ping_status":"open","sticky":false,"template":"","format":"standard","meta":{"_jetpack_memberships_contains_paid_content":false,"footnotes":""},"categories":[2829,11,32,63,464],"tags":[3339,4190,879,184,375,73,753,4191,374],"class_list":["post-38821","post","type-post","status-publish","format-standard","has-post-thumbnail","hentry","category-alejandro-cruz-pimentel","category-colaboradores","category-entradas","category-estados","category-oaxaca-estados","tag-alejandro-cruz","tag-alejandro-cruz-pimentel","tag-columna","tag-educacion","tag-ieepo","tag-oaxaca","tag-presupuesto","tag-s22","tag-seccion-22"],"jetpack_featured_media_url":"http:\/\/www.eloriente.net\/home\/wp-content\/uploads\/2015\/07\/Nueva-junta-IEEPO-Oaxaca-julio-2015.jpg","jetpack_sharing_enabled":true,"_links":{"self":[{"href":"http:\/\/www.eloriente.net\/home\/wp-json\/wp\/v2\/posts\/38821"}],"collection":[{"href":"http:\/\/www.eloriente.net\/home\/wp-json\/wp\/v2\/posts"}],"about":[{"href":"http:\/\/www.eloriente.net\/home\/wp-json\/wp\/v2\/types\/post"}],"author":[{"embeddable":true,"href":"http:\/\/www.eloriente.net\/home\/wp-json\/wp\/v2\/users\/36"}],"replies":[{"embeddable":true,"href":"http:\/\/www.eloriente.net\/home\/wp-json\/wp\/v2\/comments?post=38821"}],"version-history":[{"count":3,"href":"http:\/\/www.eloriente.net\/home\/wp-json\/wp\/v2\/posts\/38821\/revisions"}],"predecessor-version":[{"id":38912,"href":"http:\/\/www.eloriente.net\/home\/wp-json\/wp\/v2\/posts\/38821\/revisions\/38912"}],"wp:featuredmedia":[{"embeddable":true,"href":"http:\/\/www.eloriente.net\/home\/wp-json\/wp\/v2\/media\/38096"}],"wp:attachment":[{"href":"http:\/\/www.eloriente.net\/home\/wp-json\/wp\/v2\/media?parent=38821"}],"wp:term":[{"taxonomy":"category","embeddable":true,"href":"http:\/\/www.eloriente.net\/home\/wp-json\/wp\/v2\/categories?post=38821"},{"taxonomy":"post_tag","embeddable":true,"href":"http:\/\/www.eloriente.net\/home\/wp-json\/wp\/v2\/tags?post=38821"}],"curies":[{"name":"wp","href":"https:\/\/api.w.org\/{rel}","templated":true}]}}