{"id":38860,"date":"2015-09-03T21:30:30","date_gmt":"2015-09-04T03:30:30","guid":{"rendered":"http:\/\/www.eloriente.net\/home\/?p=38860"},"modified":"2015-09-03T19:22:45","modified_gmt":"2015-09-04T01:22:45","slug":"tendra-nueva-programacion-cortv","status":"publish","type":"post","link":"http:\/\/www.eloriente.net\/home\/2015\/09\/03\/tendra-nueva-programacion-cortv\/","title":{"rendered":"Tendr\u00e1 nueva programaci\u00f3n CORTV"},"content":{"rendered":"<p><script src=\"\/\/pagead2.googlesyndication.com\/pagead\/js\/adsbygoogle.js\" async=\"\"><\/script><!-- BANNER ELORIENTE INCRUSTADO NOTAS --> <ins class=\"adsbygoogle\" style=\"display: inline-block; width: 300px; height: 250px;\" data-ad-client=\"ca-pub-1136171134853753\" data-ad-slot=\"7974633627\"><\/ins><script>\/\/ <![CDATA[\n(adsbygoogle = window.adsbygoogle || []).push({});\n\/\/ ]]><\/script><\/p>\n<p>&nbsp;<\/p>\n<p>&nbsp;<\/p>\n<p>eloriente.net\/CORTV<\/p>\n<p>03 de septiembre de 2015<\/p>\n<p>A partir del pr\u00f3ximo 7 de septiembre, la Corporaci\u00f3n Oaxaque\u00f1a de Radio y Televisi\u00f3n proyectar\u00e1 nuevos contenidos en las barras de noticias, radio y televisi\u00f3n.<\/p>\n<p>La Corporaci\u00f3n Oaxaque\u00f1a de Radio y Televisi\u00f3n (CORTV) present\u00f3 este jueves su nueva barra program\u00e1tica, la cual incluye la realizaci\u00f3n de 24 producciones y nueve estrenos innovadores, plurales y ciudadanos, que permitir\u00e1n a partir del pr\u00f3ximo 7 de septiembre, brindar a la audiencia contenidos de calidad y con mayor participaci\u00f3n social.<\/p>\n<p>En conferencia de prensa celebrada en el sal\u00f3n Herraduras del Teatro Macedonio Alcal\u00e1, el director general de la CORTV, Emilio de Leo Blanco, precis\u00f3 que fueron reorganizadas y mejor estructuradas las barras de noticias, radio y televisi\u00f3n, mismas que van orientadas a diversificar los contenidos dirigidos a todos los sectores y edades de la sociedad.<\/p>\n<p>El directivo destac\u00f3 el inter\u00e9s del Gobernador Gabino Cu\u00e9 Monteagudo por contar en Oaxaca con un medio de comunicaci\u00f3n masivo ciudadano, digitalizado y con una mayor cobertura, con el fin de que las audiencias puedan acceder a los contenidos de opini\u00f3n, arte, cultural, educaci\u00f3n, diversidad de g\u00e9nero, m\u00fasica y etnicidad.<\/p>\n<p>Acompa\u00f1ado por personal directivo de la Corporaci\u00f3n, De Leo Blanco precis\u00f3 que estas innovaciones no representaron gastos adicionales a los presupuestados para su operaci\u00f3n, ya que se cuenta con co-producciones con diversas instancias y organismos estatales, como son el Tribunal Superior de Justicia de Oaxaca; el Instituto Estatal de Educaci\u00f3n P\u00fablica de Oaxaca, el Consejo Estatal de los Derechos de los Ni\u00f1os, Ni\u00f1as y Adolescentes y la Asociaci\u00f3n de Periodistas de Oaxaca, entre otras.<\/p>\n<p>El responsable de la CORTV, dijo que con esta nueva programaci\u00f3n se logra el 32% de la producci\u00f3n local y se contar\u00e1 con la retrasmisi\u00f3n de contenidos nacionales e internacionales de alta calidad.<\/p>\n<p>Ante el vocal del Consejo Consultivo Ciudadano de la CORTV, Roberto Olivares, el director general de este organismo, inform\u00f3 que como parte de estos nuevos contenidos, en la barra de radio se encuentran la producci\u00f3n de los programas: \u201cSemblanzas r\u00edtmicas\u201d, \u201cMutantes\u201d, \u201cEl disco de la semana\u201d y \u201cLa casa de la nostalgia\u201d; as\u00ed como programas musicales con informaci\u00f3n de artistas, agrupaciones y m\u00fasica local, nacional, latinoamericana e internacional dirigida a j\u00f3venes, adultos y personas de la tercera edad.<\/p>\n<p>Adem\u00e1s \u201cCine c\u00e1psulas de CORTV radio\u201d; \u201cAqu\u00ed entre nos\u201d; \u201cMegamorfosis\u201d y \u201cSacando la lengua por las lenguas\u201d, donde se exponen temas del s\u00e9ptimo arte para adolescentes, psicolog\u00eda o de la diversidad ling\u00fc\u00edstica.<\/p>\n<p>En tanto que en la barra televisiva, destacan \u201cEl Inter\u201d, un espacio para compartir actividades y expresiones relacionadas con el arte, la cultura y el entretenimiento y \u201cAgenda de Medios\u201d; una mesa de di\u00e1logo con los temas m\u00e1s relevantes de la actualidad oaxaque\u00f1a, conducida por Fernando Miguel.<\/p>\n<p>Adem\u00e1s de \u201cEntrevista CORTV\u201d, con Alejandra Flores; \u201cEngranaje\u201d conducido por Juan Pablo Vasconcelos y los noticiarios en su emisi\u00f3n matutina, a las 08:00 horas con Araceli Padilla y Misael S\u00e1nchez; vespertina, a las 15:00 horas, con Reymundo Bartolano y el nocturno, a las 19:30 horas, con Humberto Cruz.<\/p>\n<p>De Leo Blanco destac\u00f3 que se cuenta con el primer C\u00f3digo de \u00c9tica para colaboradores, empleados y ejecutivos, el cual refleja el compromiso social, las convicciones del servicio p\u00fablico y las decisiones diarias del quehacer de la radio y la televisi\u00f3n para promover la diversidad cultural en Oaxaca.<\/p>\n<p>\u201cCon este documento se consolida otra base para edificar una comunicaci\u00f3n p\u00fablica incluyente, participativa y plural, donde la intervenci\u00f3n ciudadana se hace presente en las decisiones p\u00fablicas fundamentales, garantizada \u00e9sta por la Defensor\u00eda de los Derechos de las Audiencias\u201d, dijo.<\/p>\n<p>Durante la conferencia de prensa asistieron los Directores de \u00e1reas de Radio, Televisi\u00f3n y Noticias; Carlos Cruz D\u00edaz, Javier Garc\u00eda Ruiz y Daniela Esteva de la Barrera, respectivamente, as\u00ed como el periodista Wilfrido L\u00f3pez Torres, presidente de la Asociaci\u00f3n de Periodistas de Oaxaca.<\/p>\n<p>&nbsp;<\/p>\n<p><a href=\"http:\/\/www.eloriente.net\/home\/wp-content\/uploads\/2015\/09\/20500602504_8730132cff_o-e1441325958784.jpg\"><img loading=\"lazy\" decoding=\"async\" class=\"alignnone size-full wp-image-38861\" src=\"http:\/\/www.eloriente.net\/home\/wp-content\/uploads\/2015\/09\/20500602504_8730132cff_o-e1441325958784.jpg\" alt=\"20500602504_8730132cff_o\" width=\"560\" height=\"556\" \/><\/a><\/p>\n<p>&nbsp;<\/p>\n<p><strong>OTRAS ENTRADAS<\/strong><\/p>\n<p>&nbsp;<\/p>\n<div class=\"featuredpost\">\n<div class=\"flow_hide\">\n<h2 class=\"posttitle bigposttitle\"><a title=\"Enlace Permanente a Recordamos a Germ\u00e1n Dehesa a cinco a\u00f1os de su fallecimiento\" href=\"http:\/\/www.eloriente.net\/home\/2015\/09\/02\/recordamos-a-german-dehesa-a-cinco-anos-de-su-fallecimiento\/\" rel=\"bookmark\">Recordamos a Germ\u00e1n Dehesa a cinco a\u00f1os de su fallecimiento<\/a><\/h2>\n<\/div>\n<p>(www.eloriente.net, M\u00e9xico, a 2 de septiembre de 2015, por Valery L\u00f3pez).- En un d\u00eda como hoy pero de 2010, fallece el escritor, periodista, locutor y cr\u00edtico\u2026<\/p>\n<p class=\"postmeta\"><span class=\"meta_date\">septiembre 2, 2015<\/span><\/p>\n<div class=\"toolbar-social\"><\/div>\n<\/div>\n<div class=\"featuredpost\">\n<div class=\"flow_hide\">\n<p><a href=\"http:\/\/www.eloriente.net\/home\/2015\/09\/02\/2sep15-en-vivo-mensaje-enrique-pena-nieto-tercerinforme\/\" rel=\"bookmark\"><img decoding=\"async\" class=\"alignleft\" title=\"Mensaje de Enrique Pe\u00f1a Nieto #TercerInforme (Video\/Infograf\u00eda)\" src=\"http:\/\/www.eloriente.net\/home\/wp-content\/themes\/city-desk\/timthumb.php?src=http%3A%2F%2Fwww.eloriente.net%2Fhome%2Fwp-content%2Fuploads%2F2012%2F09%2Fpe%C3%B1a-nieto.jpeg&amp;q=90&amp;w=70&amp;h=45&amp;zc=1\" alt=\"Mensaje de Enrique Pe\u00f1a Nieto #TercerInforme (Video\/Infograf\u00eda)\" \/><\/a><\/p>\n<h2 class=\"posttitle \"><a title=\"Enlace Permanente a Mensaje de Enrique Pe\u00f1a Nieto #TercerInforme (Video\/Infograf\u00eda)\" href=\"http:\/\/www.eloriente.net\/home\/2015\/09\/02\/2sep15-en-vivo-mensaje-enrique-pena-nieto-tercerinforme\/\" rel=\"bookmark\">Mensaje de Enrique Pe\u00f1a Nieto #TercerInforme (Video\/Infograf\u00eda)<\/a><\/h2>\n<\/div>\n<p>(www.eloriente.net, M\u00e9xico, 2 de septiembre de 2015).- En seguimiento a la entrega hecha ayer por el secretario de gobernaci\u00f3n, Miguel \u00c1ngel Osorio, del texto del Tercer Informe de\u2026<\/p>\n<p class=\"postmeta\"><span class=\"meta_date\">septiembre 2, 2015<\/span><\/p>\n<div class=\"toolbar-social\"><\/div>\n<\/div>\n<div class=\"featuredpost\">\n<div class=\"flow_hide\">\n<p><a href=\"http:\/\/www.eloriente.net\/home\/2015\/09\/02\/las-imagenes-de-la-estatua-de-porfirio-diaz-en-orizaba\/\" rel=\"bookmark\"><img decoding=\"async\" class=\"alignleft\" title=\"Las im\u00e1genes de la estatua de Porfirio D\u00edaz en Orizaba\" src=\"http:\/\/www.eloriente.net\/home\/wp-content\/themes\/city-desk\/timthumb.php?src=http%3A%2F%2Fwww.eloriente.net%2Fhome%2Fwp-content%2Fuploads%2F2015%2F09%2FEstatua-Porfirio-D%C3%ADaz-Ayuntamiento-Orizaba.jpg&amp;q=90&amp;w=70&amp;h=45&amp;zc=1\" alt=\"Las im\u00e1genes de la estatua de Porfirio D\u00edaz en Orizaba\" \/><\/a><\/p>\n<h2 class=\"posttitle \"><a title=\"Enlace Permanente a Las im\u00e1genes de la estatua de Porfirio D\u00edaz en Orizaba\" href=\"http:\/\/www.eloriente.net\/home\/2015\/09\/02\/las-imagenes-de-la-estatua-de-porfirio-diaz-en-orizaba\/\" rel=\"bookmark\">Las im\u00e1genes de la estatua de Porfirio D\u00edaz en Orizaba<\/a><\/h2>\n<\/div>\n<p>(www.eloriente.net, M\u00e9xico, 2 de septiembre de 2015).- Con motivo del centenario del fallecimiento del ex presidente de M\u00e9xico, Porfirio D\u00edaz Mori, el Ayuntamiento de la ciudad veracruzana\u2026<\/p>\n<p class=\"postmeta\"><span class=\"meta_date\">septiembre 2, 2015<\/span><\/p>\n<\/div>\n\n\t\t\t  <div \n\t\t\t  \tclass = \"fb-comments\" \n\t\t\t  \tdata-href = \"http:\/\/www.eloriente.net\/home\/2015\/09\/03\/tendra-nueva-programacion-cortv\/\"\n\t\t\t  \tdata-numposts = \"10\"\n\t\t\t\tdata-colorscheme = \"dark\"\n\t\t\t\tdata-order-by = \"social\"\n\t\t\t\tdata-mobile=true>\n\t\t\t  <\/div>\n\t\t  <style>\n\t\t\t.fb_iframe_widget_fluid_desktop iframe {\n\t\t\t    width: 100% !important;\n\t\t\t}\n\t\t  <\/style>\n\t\t  ","protected":false},"excerpt":{"rendered":"<p>&nbsp; &nbsp; eloriente.net\/CORTV 03 de septiembre de 2015 A partir del pr\u00f3ximo 7 de septiembre, la Corporaci\u00f3n Oaxaque\u00f1a de Radio y Televisi\u00f3n proyectar\u00e1 nuevos contenidos en las barras de noticias, radio y televisi\u00f3n. La Corporaci\u00f3n Oaxaque\u00f1a de Radio y Televisi\u00f3n (CORTV) present\u00f3 este jueves su nueva barra program\u00e1tica, la cual incluye la realizaci\u00f3n de 24 [&hellip;]<\/p>\n","protected":false},"author":44,"featured_media":38861,"comment_status":"open","ping_status":"open","sticky":false,"template":"","format":"standard","meta":{"_jetpack_memberships_contains_paid_content":false,"footnotes":""},"categories":[1588,32,63,464],"tags":[814,4205,1060,73,1678,201],"class_list":["post-38860","post","type-post","status-publish","format-standard","has-post-thumbnail","hentry","category-comunicados-y-boletines","category-entradas","category-estados","category-oaxaca-estados","tag-cortv","tag-emilio-de-leo","tag-nuevo","tag-oaxaca","tag-programacion","tag-television"],"jetpack_featured_media_url":"http:\/\/www.eloriente.net\/home\/wp-content\/uploads\/2015\/09\/20500602504_8730132cff_o-e1441325958784.jpg","jetpack_sharing_enabled":true,"_links":{"self":[{"href":"http:\/\/www.eloriente.net\/home\/wp-json\/wp\/v2\/posts\/38860"}],"collection":[{"href":"http:\/\/www.eloriente.net\/home\/wp-json\/wp\/v2\/posts"}],"about":[{"href":"http:\/\/www.eloriente.net\/home\/wp-json\/wp\/v2\/types\/post"}],"author":[{"embeddable":true,"href":"http:\/\/www.eloriente.net\/home\/wp-json\/wp\/v2\/users\/44"}],"replies":[{"embeddable":true,"href":"http:\/\/www.eloriente.net\/home\/wp-json\/wp\/v2\/comments?post=38860"}],"version-history":[{"count":2,"href":"http:\/\/www.eloriente.net\/home\/wp-json\/wp\/v2\/posts\/38860\/revisions"}],"predecessor-version":[{"id":38873,"href":"http:\/\/www.eloriente.net\/home\/wp-json\/wp\/v2\/posts\/38860\/revisions\/38873"}],"wp:featuredmedia":[{"embeddable":true,"href":"http:\/\/www.eloriente.net\/home\/wp-json\/wp\/v2\/media\/38861"}],"wp:attachment":[{"href":"http:\/\/www.eloriente.net\/home\/wp-json\/wp\/v2\/media?parent=38860"}],"wp:term":[{"taxonomy":"category","embeddable":true,"href":"http:\/\/www.eloriente.net\/home\/wp-json\/wp\/v2\/categories?post=38860"},{"taxonomy":"post_tag","embeddable":true,"href":"http:\/\/www.eloriente.net\/home\/wp-json\/wp\/v2\/tags?post=38860"}],"curies":[{"name":"wp","href":"https:\/\/api.w.org\/{rel}","templated":true}]}}