{"id":38898,"date":"2015-09-06T08:09:10","date_gmt":"2015-09-06T14:09:10","guid":{"rendered":"http:\/\/www.eloriente.net\/home\/?p=38898"},"modified":"2015-09-06T08:09:10","modified_gmt":"2015-09-06T14:09:10","slug":"con-sequia-11-de-los-municipios-de-oaxaca","status":"publish","type":"post","link":"http:\/\/www.eloriente.net\/home\/2015\/09\/06\/con-sequia-11-de-los-municipios-de-oaxaca\/","title":{"rendered":"Con sequ\u00eda 11% de los municipios de Oaxaca"},"content":{"rendered":"<p><script src=\"\/\/pagead2.googlesyndication.com\/pagead\/js\/adsbygoogle.js\" async=\"\"><\/script><!-- BANNER ELORIENTE INCRUSTADO NOTAS --> <ins class=\"adsbygoogle\" style=\"display: inline-block; width: 300px; height: 250px;\" data-ad-client=\"ca-pub-1136171134853753\" data-ad-slot=\"7974633627\"><\/ins><script>\/\/ <![CDATA[\n(adsbygoogle = window.adsbygoogle || []).push({});\n\/\/ ]]><\/script><\/p>\n<p>(<a href=\"http:\/\/www.eloriente.net\" target=\"_blank\">www.eloriente.net<\/a>, a 05 de septiembre, por Valery L\u00f3pez).- El \u00faltimo reporte del Monitor de Sequ\u00eda de M\u00e9xico (MSM) muestra que al menos el 14% del territorio nacional presenta alg\u00fan grado de sequ\u00eda.<\/p>\n<p>Esta situaci\u00f3n en M\u00e9xico se debe, seg\u00fan se explica por las autoridades correspondiente, a que en algunas partes del pa\u00eds las lluvias fueron menos de las esperadas y adem\u00e1s a la presencia de anticicl\u00f3n que se ubic\u00f3 sobre el Golfo de M\u00e9xico, ocasionando altas temperaturas y disminuci\u00f3n de tormentas\u00a0principalmente en el noreste y oriente del pa\u00eds.<\/p>\n<p>Actualmente, el estado que presenta una mayor problem\u00e1tica es Baja California pues, de sus cinco municipios, solo uno cuenta con sequ\u00eda moderada, mientras dos registran sequ\u00eda severa y dos m\u00e1s sequ\u00eda extrema.<\/p>\n<p>En el caso de Oaxaca, 11.8% de sus municipios, es decir 65, presentan sequ\u00eda moderada, sin embargo 218 aparecen en el rubro de \u00abanormalmente seco\u00bb.<\/p>\n<p>El monitoreo al que se hace referencia en esta informaci\u00f3n se encuentra fechado el 15 de agosto de 2015 y fue liberado el 19 del mismo mes; el documento perteneciente a septiembre se encuentra programado\u00a0para el 4, por lo que se espera sea liberado en los pr\u00f3ximos d\u00edas.<\/p>\n<p>El monitor actual se puede consultar en: <a href=\"http:\/\/smn.cna.gob.mx\/climatologia\/sequia\/sequiaMx\/MexSequia_15Agosto2015.pdf\" target=\"_blank\">http:\/\/smn.cna.gob.mx\/climatologia\/sequia\/sequiaMx\/MexSequia_15Agosto2015.pdf\u00a0<\/a><\/p>\n<p><a href=\"http:\/\/www.eloriente.net\/home\/wp-content\/uploads\/2015\/09\/Monitor-sequ\u00edas-en-M\u00e9xico-e1441477624458.png\"><img loading=\"lazy\" decoding=\"async\" class=\"size-full wp-image-38903 alignleft\" src=\"http:\/\/www.eloriente.net\/home\/wp-content\/uploads\/2015\/09\/Monitor-sequ\u00edas-en-M\u00e9xico-e1441477624458.png\" alt=\"Monitor sequ\u00edas en M\u00e9xico\" width=\"700\" height=\"490\" \/><\/a><\/p>\n<p>&nbsp;<\/p>\n<p>&nbsp;<\/p>\n<p>&nbsp;<\/p>\n<p>&nbsp;<\/p>\n<p>&nbsp;<\/p>\n<p>&nbsp;<\/p>\n<p>&nbsp;<\/p>\n<p>&nbsp;<\/p>\n<p>&nbsp;<\/p>\n<p><strong>OTRAS ENTRADAS<\/strong><\/p>\n<div class=\"featuredpost\">\n<div class=\"flow_hide\">\n<h2 class=\"posttitle bigposttitle\"><a title=\"Enlace Permanente a Los nuevos Distritos Electorales de Oaxaca, municipio por municipio\" href=\"http:\/\/www.eloriente.net\/home\/2015\/09\/04\/los-nuevos-distritos-electorales-de-oaxaca-municipio-por-municipio\/\" rel=\"bookmark\">Los nuevos Distritos Electorales de Oaxaca, municipio por municipio<\/a><\/h2>\n<\/div>\n<p>(www.eloriente.net, M\u00e9xico, 4 de septiembre de 2015).-\u00a0\u201cEl caso Oaxaca ha sido particularmente complejo por sus caracter\u00edsticas geogr\u00e1ficas, pol\u00edticas y \u00e9tnicas que ubican al proceso de distritaci\u00f3n de la\u2026<\/p>\n<p class=\"postmeta\"><span class=\"meta_date\">septiembre 4, 2015<\/span><\/p>\n<div class=\"toolbar-social\"><\/div>\n<\/div>\n<div class=\"featuredpost\">\n<div class=\"flow_hide\">\n<p><a href=\"http:\/\/www.eloriente.net\/home\/2015\/09\/03\/llega-el-72o-festival-de-cine-de-venecia\/\" rel=\"bookmark\"><img decoding=\"async\" class=\"alignleft\" title=\"Llega el 72\u00ba Festival de Cine de Venecia\" src=\"http:\/\/www.eloriente.net\/home\/wp-content\/themes\/city-desk\/timthumb.php?src=http%3A%2F%2Fwww.eloriente.net%2Fhome%2Fwp-content%2Fuploads%2F2015%2F09%2FIMG_20150903_224941.jpg&amp;q=90&amp;w=70&amp;h=45&amp;zc=1\" alt=\"Llega el 72\u00ba Festival de Cine de Venecia\" \/><\/a><\/p>\n<h2 class=\"posttitle \"><a title=\"Enlace Permanente a Llega el 72\u00ba Festival de Cine de Venecia\" href=\"http:\/\/www.eloriente.net\/home\/2015\/09\/03\/llega-el-72o-festival-de-cine-de-venecia\/\" rel=\"bookmark\">Llega el 72\u00ba Festival de Cine de Venecia<\/a><\/h2>\n<\/div>\n<p>(www.eloriente.net, a 03 de septiembre de 2015, por Valery L\u00f3pez).- El 2 de septiembre dio inicio la 72\u00aa edici\u00f3n del Festival de Cine de Venecia con\u2026<\/p>\n<p class=\"postmeta\"><span class=\"meta_date\">septiembre 3, 2015<\/span><\/p>\n<div class=\"toolbar-social\"><\/div>\n<\/div>\n<div class=\"featuredpost\">\n<div class=\"flow_hide\">\n<p><a href=\"http:\/\/www.eloriente.net\/home\/2015\/09\/02\/recordamos-a-german-dehesa-a-cinco-anos-de-su-fallecimiento\/\" rel=\"bookmark\"><img decoding=\"async\" class=\"alignleft\" title=\"Recordamos a Germ\u00e1n Dehesa a cinco a\u00f1os de su fallecimiento\" src=\"http:\/\/www.eloriente.net\/home\/wp-content\/themes\/city-desk\/timthumb.php?src=http%3A%2F%2Fwww.eloriente.net%2Fhome%2Fwp-content%2Fuploads%2F2015%2F09%2FGerman-Dehesa.jpg&amp;q=90&amp;w=70&amp;h=45&amp;zc=1\" alt=\"Recordamos a Germ\u00e1n Dehesa a cinco a\u00f1os de su fallecimiento\" \/><\/a><\/p>\n<h2 class=\"posttitle \"><a title=\"Enlace Permanente a Recordamos a Germ\u00e1n Dehesa a cinco a\u00f1os de su fallecimiento\" href=\"http:\/\/www.eloriente.net\/home\/2015\/09\/02\/recordamos-a-german-dehesa-a-cinco-anos-de-su-fallecimiento\/\" rel=\"bookmark\">Recordamos a Germ\u00e1n Dehesa a cinco a\u00f1os de su fallecimiento<\/a><\/h2>\n<\/div>\n<p>(www.eloriente.net, M\u00e9xico, a 2 de septiembre de 2015, por Valery L\u00f3pez).- En un d\u00eda como hoy pero de 2010, fallece el escritor, periodista, locutor y cr\u00edtico\u2026<\/p>\n<p class=\"postmeta\"><span class=\"meta_date\">septiembre 2, 2015<\/span><\/p>\n<\/div>\n<p>&nbsp;<\/p>\n\n\t\t\t  <div \n\t\t\t  \tclass = \"fb-comments\" \n\t\t\t  \tdata-href = \"http:\/\/www.eloriente.net\/home\/2015\/09\/06\/con-sequia-11-de-los-municipios-de-oaxaca\/\"\n\t\t\t  \tdata-numposts = \"10\"\n\t\t\t\tdata-colorscheme = \"dark\"\n\t\t\t\tdata-order-by = \"social\"\n\t\t\t\tdata-mobile=true>\n\t\t\t  <\/div>\n\t\t  <style>\n\t\t\t.fb_iframe_widget_fluid_desktop iframe {\n\t\t\t    width: 100% !important;\n\t\t\t}\n\t\t  <\/style>\n\t\t  ","protected":false},"excerpt":{"rendered":"<p>(www.eloriente.net, a 05 de septiembre, por Valery L\u00f3pez).- El \u00faltimo reporte del Monitor de Sequ\u00eda de M\u00e9xico (MSM) muestra que al menos el 14% del territorio nacional presenta alg\u00fan grado de sequ\u00eda. Esta situaci\u00f3n en M\u00e9xico se debe, seg\u00fan se explica por las autoridades correspondiente, a que en algunas partes del pa\u00eds las lluvias fueron [&hellip;]<\/p>\n","protected":false},"author":44,"featured_media":38907,"comment_status":"open","ping_status":"open","sticky":false,"template":"","format":"standard","meta":{"_jetpack_memberships_contains_paid_content":false,"footnotes":""},"categories":[32,63,20,23,464],"tags":[3611,4212,141,73,1178],"class_list":["post-38898","post","type-post","status-publish","format-standard","has-post-thumbnail","hentry","category-entradas","category-estados","category-medio-ambiente","category-municipios","category-oaxaca-estados","tag-baja-california","tag-lluvias","tag-mexico","tag-oaxaca","tag-sequia"],"jetpack_featured_media_url":"http:\/\/www.eloriente.net\/home\/wp-content\/uploads\/2015\/09\/drought-19478_1280.jpg","jetpack_sharing_enabled":true,"_links":{"self":[{"href":"http:\/\/www.eloriente.net\/home\/wp-json\/wp\/v2\/posts\/38898"}],"collection":[{"href":"http:\/\/www.eloriente.net\/home\/wp-json\/wp\/v2\/posts"}],"about":[{"href":"http:\/\/www.eloriente.net\/home\/wp-json\/wp\/v2\/types\/post"}],"author":[{"embeddable":true,"href":"http:\/\/www.eloriente.net\/home\/wp-json\/wp\/v2\/users\/44"}],"replies":[{"embeddable":true,"href":"http:\/\/www.eloriente.net\/home\/wp-json\/wp\/v2\/comments?post=38898"}],"version-history":[{"count":6,"href":"http:\/\/www.eloriente.net\/home\/wp-json\/wp\/v2\/posts\/38898\/revisions"}],"predecessor-version":[{"id":38909,"href":"http:\/\/www.eloriente.net\/home\/wp-json\/wp\/v2\/posts\/38898\/revisions\/38909"}],"wp:featuredmedia":[{"embeddable":true,"href":"http:\/\/www.eloriente.net\/home\/wp-json\/wp\/v2\/media\/38907"}],"wp:attachment":[{"href":"http:\/\/www.eloriente.net\/home\/wp-json\/wp\/v2\/media?parent=38898"}],"wp:term":[{"taxonomy":"category","embeddable":true,"href":"http:\/\/www.eloriente.net\/home\/wp-json\/wp\/v2\/categories?post=38898"},{"taxonomy":"post_tag","embeddable":true,"href":"http:\/\/www.eloriente.net\/home\/wp-json\/wp\/v2\/tags?post=38898"}],"curies":[{"name":"wp","href":"https:\/\/api.w.org\/{rel}","templated":true}]}}