{"id":38910,"date":"2015-09-07T08:21:40","date_gmt":"2015-09-07T14:21:40","guid":{"rendered":"http:\/\/www.eloriente.net\/home\/?p=38910"},"modified":"2015-09-07T08:21:40","modified_gmt":"2015-09-07T14:21:40","slug":"me-di-cuenta-que-eramos-pobres-una-serie-sobre-juchitan-de-samael-hernandez","status":"publish","type":"post","link":"http:\/\/www.eloriente.net\/home\/2015\/09\/07\/me-di-cuenta-que-eramos-pobres-una-serie-sobre-juchitan-de-samael-hernandez\/","title":{"rendered":"Me di cuenta que \u00e9ramos pobres, una serie sobre Juchit\u00e1n de Samael Hern\u00e1ndez"},"content":{"rendered":"<p><script src=\"\/\/pagead2.googlesyndication.com\/pagead\/js\/adsbygoogle.js\" async=\"\"><\/script><!-- BANNER ELORIENTE INCRUSTADO NOTAS --> <ins class=\"adsbygoogle\" style=\"display: inline-block; width: 300px; height: 250px;\" data-ad-client=\"ca-pub-1136171134853753\" data-ad-slot=\"7974633627\"><\/ins><script>\/\/ <![CDATA[\n(adsbygoogle = window.adsbygoogle || []).push({});\n\/\/ ]]><\/script><br \/>\n<a href=\"http:\/\/eloriente.net\" target=\"_blank\">eloriente.net<\/a><\/p>\n<p>7 de septiembre de 2015<\/p>\n<p style=\"text-align: right;\"><strong>Por:\u00a0Samael Hern\u00e1ndez Ruiz<\/strong><\/p>\n<p style=\"text-align: left;\"><em><strong>Me di cuenta que \u00e9ramos pobres<\/strong><\/em><\/p>\n<p style=\"text-align: left;\"><em><strong>Testimonio de Gaspar Ruiz Mart\u00ednez<\/strong><\/em><\/p>\n<p>El d\u00eda 15 de mayo de 2015 a las 15:30 horas, recib\u00ed una llamada telef\u00f3nica de mi sobrina Julietita Hern\u00e1ndez; me avis\u00f3 del fallecimiento de mi t\u00edo Gaspar Ruiz.<\/p>\n<p>Mi t\u00edo Gaspar fue un hombre lleno de vitalidad, muy unido a su hermana, mi madre, la se\u00f1ora Florencia Ruiz Pineda y a sus otros hermanos. Mi t\u00edo Gaspar fue uno de los hombres de mi familia de quien, adem\u00e1s de mi abuelo Feliciano Ruiz Olivera, recib\u00ed ejemplo y educaci\u00f3n zapoteca.<\/p>\n<p>El 22 de septiembre de 2003 lo entrevist\u00e9 en el marco de una investigaci\u00f3n que realizaba sobre la vida cotidiana en el Juchit\u00e1n de los a\u00f1os cincuenta. El texto que sigue es la transcripci\u00f3n de dicha entrevista, misma que deja el testimonio de mi t\u00edo Gaspar sobre el Juchit\u00e1n que le toc\u00f3 vivir.<\/p>\n<p>Con el testimonio de Gaspar Ruiz, inicio una serie de publicaciones sobre el Juchit\u00e1n de los a\u00f1os cincuenta, donde la voz de los protagonistas nos permitir\u00e1 perfilar la vida diaria de una comunidad que hoy vive ahogada por la violencia, cuyas causas quiz\u00e1s se encuentren en las rupturas de su historia.<\/p>\n<p>La publicaci\u00f3n completa, junto con los resultados de la investigaci\u00f3n, las publicar\u00e1 BISI\u00c1 EDITORES, esperamos que en unos meses.<br \/>\n<iframe loading=\"lazy\" src=\"\/\/e.issuu.com\/embed.html#5422719\/15268930\" width=\"525\" height=\"743\" frameborder=\"0\" allowfullscreen=\"allowfullscreen\"><\/iframe><\/p>\n<p><a href=\"http:\/\/www.eloriente.net\/home\/wp-content\/uploads\/2014\/04\/Juchit\u00e1n-Por-Janice-Waltzer.jpg\"><img loading=\"lazy\" decoding=\"async\" class=\"alignnone wp-image-23826\" src=\"http:\/\/www.eloriente.net\/home\/wp-content\/uploads\/2014\/04\/Juchit\u00e1n-Por-Janice-Waltzer.jpg\" alt=\"Juchit\u00e1n-Por Janice Waltzer\" width=\"402\" height=\"291\" srcset=\"http:\/\/www.eloriente.net\/home\/wp-content\/uploads\/2014\/04\/Juchit\u00e1n-Por-Janice-Waltzer.jpg 967w, http:\/\/www.eloriente.net\/home\/wp-content\/uploads\/2014\/04\/Juchit\u00e1n-Por-Janice-Waltzer-300x217.jpg 300w\" sizes=\"(max-width: 402px) 100vw, 402px\" \/><\/a><\/p>\n<p><strong>OTRAS ENTRADAS:<\/strong><\/p>\n<div class=\"featuredpost\">\n<div class=\"flow_hide\">\n<h2 class=\"posttitle bigposttitle\"><a title=\"Enlace Permanente a Los nuevos Distritos Electorales de Oaxaca, municipio por municipio\" href=\"http:\/\/www.eloriente.net\/home\/2015\/09\/04\/los-nuevos-distritos-electorales-de-oaxaca-municipio-por-municipio\/\" rel=\"bookmark\">Los nuevos Distritos Electorales de Oaxaca, municipio por municipio<\/a><\/h2>\n<\/div>\n<p>(www.eloriente.net, M\u00e9xico, 4 de septiembre de 2015).-\u00a0\u201cEl caso Oaxaca ha sido particularmente complejo por sus caracter\u00edsticas geogr\u00e1ficas, pol\u00edticas y \u00e9tnicas que ubican al proceso de distritaci\u00f3n de la\u2026<\/p>\n<p class=\"postmeta\"><span class=\"meta_date\">septiembre 4, 2015<\/span><\/p>\n<div class=\"toolbar-social\">\n<div class=\"social-widget\">\n<div id=\"sharing-widget\"><a class=\"button icon-share\">Compartir<\/a><span class=\"share-count\">9<\/span><\/div>\n<\/div>\n<\/div>\n<\/div>\n<div class=\"featuredpost\">\n<div class=\"flow_hide\">\n<p><a href=\"http:\/\/www.eloriente.net\/home\/2015\/09\/03\/llega-el-72o-festival-de-cine-de-venecia\/\" rel=\"bookmark\"><img decoding=\"async\" class=\"alignleft\" title=\"Llega el 72\u00ba Festival de Cine de Venecia\" src=\"http:\/\/www.eloriente.net\/home\/wp-content\/themes\/city-desk\/timthumb.php?src=http%3A%2F%2Fwww.eloriente.net%2Fhome%2Fwp-content%2Fuploads%2F2015%2F09%2FIMG_20150903_224941.jpg&amp;q=90&amp;w=70&amp;h=45&amp;zc=1\" alt=\"Llega el 72\u00ba Festival de Cine de Venecia\" \/><\/a><\/p>\n<h2 class=\"posttitle \"><a title=\"Enlace Permanente a Llega el 72\u00ba Festival de Cine de Venecia\" href=\"http:\/\/www.eloriente.net\/home\/2015\/09\/03\/llega-el-72o-festival-de-cine-de-venecia\/\" rel=\"bookmark\">Llega el 72\u00ba Festival de Cine de Venecia<\/a><\/h2>\n<\/div>\n<p>(www.eloriente.net, a 03 de septiembre de 2015, por Valery L\u00f3pez).- El 2 de septiembre dio inicio la 72\u00aa edici\u00f3n del Festival de Cine de Venecia con\u2026<\/p>\n<p class=\"postmeta\"><span class=\"meta_date\">septiembre 3, 2015<\/span><\/p>\n<div class=\"toolbar-social\">\n<div class=\"social-widget\">\n<div id=\"sharing-widget\"><a class=\"button icon-share\">Compartir<\/a><span class=\"share-count\">15<\/span><\/div>\n<\/div>\n<\/div>\n<\/div>\n<div class=\"featuredpost\">\n<div class=\"flow_hide\">\n<p><a href=\"http:\/\/www.eloriente.net\/home\/2015\/09\/02\/recordamos-a-german-dehesa-a-cinco-anos-de-su-fallecimiento\/\" rel=\"bookmark\"><img decoding=\"async\" class=\"alignleft\" title=\"Recordamos a Germ\u00e1n Dehesa a cinco a\u00f1os de su fallecimiento\" src=\"http:\/\/www.eloriente.net\/home\/wp-content\/themes\/city-desk\/timthumb.php?src=http%3A%2F%2Fwww.eloriente.net%2Fhome%2Fwp-content%2Fuploads%2F2015%2F09%2FGerman-Dehesa.jpg&amp;q=90&amp;w=70&amp;h=45&amp;zc=1\" alt=\"Recordamos a Germ\u00e1n Dehesa a cinco a\u00f1os de su fallecimiento\" \/><\/a><\/p>\n<h2 class=\"posttitle \"><a title=\"Enlace Permanente a Recordamos a Germ\u00e1n Dehesa a cinco a\u00f1os de su fallecimiento\" href=\"http:\/\/www.eloriente.net\/home\/2015\/09\/02\/recordamos-a-german-dehesa-a-cinco-anos-de-su-fallecimiento\/\" rel=\"bookmark\">Recordamos a Germ\u00e1n Dehesa a cinco a\u00f1os de su fallecimiento<\/a><\/h2>\n<\/div>\n<p>(www.eloriente.net, M\u00e9xico, a 2 de septiembre de 2015, por Valery L\u00f3pez).- En un d\u00eda como hoy pero de 2010, fallece el escritor, periodista, locutor y cr\u00edtico\u2026<\/p>\n<p class=\"postmeta\"><span class=\"meta_date\">septiembre 2, 2015<\/span><\/p>\n<div class=\"toolbar-social\">\n<div class=\"social-widget\">\n<div id=\"sharing-widget\"><a class=\"button icon-share\">Compartir<\/a><span class=\"share-count\">18<\/span><\/div>\n<\/div>\n<\/div>\n<\/div>\n\n\t\t\t  <div \n\t\t\t  \tclass = \"fb-comments\" \n\t\t\t  \tdata-href = \"http:\/\/www.eloriente.net\/home\/2015\/09\/07\/me-di-cuenta-que-eramos-pobres-una-serie-sobre-juchitan-de-samael-hernandez\/\"\n\t\t\t  \tdata-numposts = \"10\"\n\t\t\t\tdata-colorscheme = \"dark\"\n\t\t\t\tdata-order-by = \"social\"\n\t\t\t\tdata-mobile=true>\n\t\t\t  <\/div>\n\t\t  <style>\n\t\t\t.fb_iframe_widget_fluid_desktop iframe {\n\t\t\t    width: 100% !important;\n\t\t\t}\n\t\t  <\/style>\n\t\t  ","protected":false},"excerpt":{"rendered":"<p>eloriente.net 7 de septiembre de 2015 Por:\u00a0Samael Hern\u00e1ndez Ruiz Me di cuenta que \u00e9ramos pobres Testimonio de Gaspar Ruiz Mart\u00ednez El d\u00eda 15 de mayo de 2015 a las 15:30 horas, recib\u00ed una llamada telef\u00f3nica de mi sobrina Julietita Hern\u00e1ndez; me avis\u00f3 del fallecimiento de mi t\u00edo Gaspar Ruiz. Mi t\u00edo Gaspar fue un hombre [&hellip;]<\/p>\n","protected":false},"author":1,"featured_media":23826,"comment_status":"open","ping_status":"open","sticky":false,"template":"","format":"standard","meta":{"_jetpack_memberships_contains_paid_content":false,"footnotes":""},"categories":[624,32,13,63,4213,23,464,31,625,19],"tags":[4216,3035,821,344,73,4214,4215],"class_list":["post-38910","post","type-post","status-publish","format-standard","has-post-thumbnail","hentry","category-articulistas","category-entradas","category-especiales","category-estados","category-juchitan","category-municipios","category-oaxaca-estados","category-principal","category-samael-hernandez","category-turismo-y-negocios","tag-familia-juchitan","tag-istmo-de-tehuantepec","tag-juchitan","tag-municipios-2","tag-oaxaca","tag-regiones-oaxaca","tag-testimonios-familiares"],"jetpack_featured_media_url":"http:\/\/www.eloriente.net\/home\/wp-content\/uploads\/2014\/04\/Juchit\u00e1n-Por-Janice-Waltzer.jpg","jetpack_sharing_enabled":true,"_links":{"self":[{"href":"http:\/\/www.eloriente.net\/home\/wp-json\/wp\/v2\/posts\/38910"}],"collection":[{"href":"http:\/\/www.eloriente.net\/home\/wp-json\/wp\/v2\/posts"}],"about":[{"href":"http:\/\/www.eloriente.net\/home\/wp-json\/wp\/v2\/types\/post"}],"author":[{"embeddable":true,"href":"http:\/\/www.eloriente.net\/home\/wp-json\/wp\/v2\/users\/1"}],"replies":[{"embeddable":true,"href":"http:\/\/www.eloriente.net\/home\/wp-json\/wp\/v2\/comments?post=38910"}],"version-history":[{"count":1,"href":"http:\/\/www.eloriente.net\/home\/wp-json\/wp\/v2\/posts\/38910\/revisions"}],"predecessor-version":[{"id":38911,"href":"http:\/\/www.eloriente.net\/home\/wp-json\/wp\/v2\/posts\/38910\/revisions\/38911"}],"wp:featuredmedia":[{"embeddable":true,"href":"http:\/\/www.eloriente.net\/home\/wp-json\/wp\/v2\/media\/23826"}],"wp:attachment":[{"href":"http:\/\/www.eloriente.net\/home\/wp-json\/wp\/v2\/media?parent=38910"}],"wp:term":[{"taxonomy":"category","embeddable":true,"href":"http:\/\/www.eloriente.net\/home\/wp-json\/wp\/v2\/categories?post=38910"},{"taxonomy":"post_tag","embeddable":true,"href":"http:\/\/www.eloriente.net\/home\/wp-json\/wp\/v2\/tags?post=38910"}],"curies":[{"name":"wp","href":"https:\/\/api.w.org\/{rel}","templated":true}]}}