{"id":38977,"date":"2015-09-09T11:30:06","date_gmt":"2015-09-09T17:30:06","guid":{"rendered":"http:\/\/www.eloriente.net\/home\/?p=38977"},"modified":"2015-09-10T11:19:44","modified_gmt":"2015-09-10T17:19:44","slug":"9sep15-en-vivo-informe-de-grupo-de-expertos-sobre-ayotzinapa","status":"publish","type":"post","link":"http:\/\/www.eloriente.net\/home\/2015\/09\/09\/9sep15-en-vivo-informe-de-grupo-de-expertos-sobre-ayotzinapa\/","title":{"rendered":"9\/Sep\/15 En Vivo: Informe de Grupo de Expertos sobre #Ayotzinapa"},"content":{"rendered":"<p><script src=\"\/\/pagead2.googlesyndication.com\/pagead\/js\/adsbygoogle.js\" async=\"\"><\/script><!-- BANNER ELORIENTE INCRUSTADO NOTAS --> <ins class=\"adsbygoogle\" style=\"display: inline-block; width: 300px; height: 250px;\" data-ad-client=\"ca-pub-1136171134853753\" data-ad-slot=\"7974633627\"><\/ins><script>\/\/ <![CDATA[\n(adsbygoogle = window.adsbygoogle || []).push({});\n\/\/ ]]><\/script><br \/>\neloriente.net\/Senado Mexicano<\/p>\n<p>9 de septiembre de 2015<\/p>\n<p>Presentaci\u00f3n del Grupo Interdisciplinario de Expertos Independientes de la Comisi\u00f3n Interamericana de Derechos Humanos de su informe de seis meses de trabajo: Ayotzinapa, investigaci\u00f3n y primeras conclusiones, ante legisladores mexicanos:<br \/>\n<iframe loading=\"lazy\" src=\"https:\/\/www.youtube.com\/embed\/-pOblGcmn_I\" width=\"560\" height=\"315\" frameborder=\"0\" allowfullscreen=\"allowfullscreen\"><\/iframe><\/p>\n<p><a href=\"http:\/\/www.eloriente.net\/home\/wp-content\/uploads\/2014\/01\/PAZ-Atribucio\u0301n-Algunos-derechos-reservados-por-jorgemejia-.jpg\"><img loading=\"lazy\" decoding=\"async\" class=\"alignnone wp-image-19545\" src=\"http:\/\/www.eloriente.net\/home\/wp-content\/uploads\/2014\/01\/PAZ-Atribucio\u0301n-Algunos-derechos-reservados-por-jorgemejia-.jpg\" alt=\"PAZ Atribucio\u0301n Algunos derechos reservados por jorgemejia\" width=\"196\" height=\"131\" srcset=\"http:\/\/www.eloriente.net\/home\/wp-content\/uploads\/2014\/01\/PAZ-Atribucio\u0301n-Algunos-derechos-reservados-por-jorgemejia-.jpg 1024w, http:\/\/www.eloriente.net\/home\/wp-content\/uploads\/2014\/01\/PAZ-Atribucio\u0301n-Algunos-derechos-reservados-por-jorgemejia--300x200.jpg 300w\" sizes=\"(max-width: 196px) 100vw, 196px\" \/><\/a><\/p>\n<p><strong>OTRAS ENTRADAS:<\/strong><\/p>\n<div class=\"featuredpost\">\n<div class=\"flow_hide\">\n<h2 class=\"posttitle bigposttitle\"><a title=\"Enlace Permanente a 10 balazos precisos de Enrique Vila-Matas, por Mauricio Montiel\" href=\"http:\/\/www.eloriente.net\/home\/2015\/09\/07\/10-balazos-precisos-de-enrique-vilas-mata-por-mauricio-montiel\/\" rel=\"bookmark\">10 balazos precisos de Enrique Vila-Matas, por Mauricio Montiel<\/a><\/h2>\n<\/div>\n<p>eloriente.net\/@Elhombredetweed (Cuenta creada y administrada por Mauricio Montiel Figueiras, escritor mexicano) 07 de septiembre de 2015 \u00a0 [Para empezar la semana, diez balazos precisos de Enrique\u2026<\/p>\n<p class=\"postmeta\"><span class=\"meta_date\">septiembre 7, 2015<\/span><\/p>\n<div class=\"toolbar-social\">\n<div class=\"social-widget\">\n<div id=\"sharing-widget\"><a class=\"button icon-share\">Compartir<\/a><span class=\"share-count\">4<\/span><\/div>\n<\/div>\n<\/div>\n<\/div>\n<div class=\"featuredpost\">\n<div class=\"flow_hide\">\n<p><a href=\"http:\/\/www.eloriente.net\/home\/2015\/09\/07\/los-desaparecidos-de-iguala-crimen-de-lesa-humanidad-por-adrian-ortiz-romero\/\" rel=\"bookmark\"><img decoding=\"async\" class=\"alignleft\" title=\"Los desaparecidos de Iguala: crimen de lesa humanidad, por Adri\u00e1n Ortiz Romero\" src=\"http:\/\/www.eloriente.net\/home\/wp-content\/themes\/city-desk\/timthumb.php?src=http%3A%2F%2Fwww.eloriente.net%2Fhome%2Fwp-content%2Fuploads%2F2015%2F09%2Fayotzinapa-Al-Margen.jpg&amp;q=90&amp;w=70&amp;h=45&amp;zc=1\" alt=\"Los desaparecidos de Iguala: crimen de lesa humanidad, por Adri\u00e1n Ortiz Romero\" \/><\/a><\/p>\n<h2 class=\"posttitle \"><a title=\"Enlace Permanente a Los desaparecidos de Iguala: crimen de lesa humanidad, por Adri\u00e1n Ortiz Romero\" href=\"http:\/\/www.eloriente.net\/home\/2015\/09\/07\/los-desaparecidos-de-iguala-crimen-de-lesa-humanidad-por-adrian-ortiz-romero\/\" rel=\"bookmark\">Los desaparecidos de Iguala: crimen de lesa humanidad, por Adri\u00e1n Ortiz Romero<\/a><\/h2>\n<\/div>\n<p>(www.eloriente.net, M\u00e9xico, 07 de septiembre de 2015. Por Adri\u00e1n Ortiz Romero\/Al Margen).-\u00a0Estamos a escasas tres semanas de que se cumpla el primer a\u00f1o de la detenci\u00f3n-desaparici\u00f3n\u2026<\/p>\n<p class=\"postmeta\"><span class=\"meta_date\">septiembre 7, 2015<\/span><\/p>\n<div class=\"toolbar-social\">\n<div class=\"social-widget\">\n<div id=\"sharing-widget\"><a class=\"button icon-share\">Compartir<\/a><span class=\"share-count\">1<\/span><\/div>\n<\/div>\n<\/div>\n<\/div>\n\n\t\t\t  <div \n\t\t\t  \tclass = \"fb-comments\" \n\t\t\t  \tdata-href = \"http:\/\/www.eloriente.net\/home\/2015\/09\/09\/9sep15-en-vivo-informe-de-grupo-de-expertos-sobre-ayotzinapa\/\"\n\t\t\t  \tdata-numposts = \"10\"\n\t\t\t\tdata-colorscheme = \"dark\"\n\t\t\t\tdata-order-by = \"social\"\n\t\t\t\tdata-mobile=true>\n\t\t\t  <\/div>\n\t\t  <style>\n\t\t\t.fb_iframe_widget_fluid_desktop iframe {\n\t\t\t    width: 100% !important;\n\t\t\t}\n\t\t  <\/style>\n\t\t  ","protected":false},"excerpt":{"rendered":"<p>eloriente.net\/Senado Mexicano 9 de septiembre de 2015 Presentaci\u00f3n del Grupo Interdisciplinario de Expertos Independientes de la Comisi\u00f3n Interamericana de Derechos Humanos de su informe de seis meses de trabajo: Ayotzinapa, investigaci\u00f3n y primeras conclusiones, ante legisladores mexicanos: OTRAS ENTRADAS: 10 balazos precisos de Enrique Vila-Matas, por Mauricio Montiel eloriente.net\/@Elhombredetweed (Cuenta creada y administrada por Mauricio [&hellip;]<\/p>\n","protected":false},"author":1,"featured_media":19545,"comment_status":"open","ping_status":"open","sticky":false,"template":"","format":"standard","meta":{"_jetpack_memberships_contains_paid_content":false,"footnotes":""},"categories":[32,10,24,21],"tags":[2716,4232,217,4231],"class_list":["post-38977","post","type-post","status-publish","format-standard","has-post-thumbnail","hentry","category-entradas","category-lo-mas-reciente","category-mexico-y-el-mundo","category-politica-y-gobierno","tag-ayotzinapa","tag-cidh","tag-derechos-humanos-2","tag-informe-expertos"],"jetpack_featured_media_url":"http:\/\/www.eloriente.net\/home\/wp-content\/uploads\/2014\/01\/PAZ-Atribucio\u0301n-Algunos-derechos-reservados-por-jorgemejia-.jpg","jetpack_sharing_enabled":true,"_links":{"self":[{"href":"http:\/\/www.eloriente.net\/home\/wp-json\/wp\/v2\/posts\/38977"}],"collection":[{"href":"http:\/\/www.eloriente.net\/home\/wp-json\/wp\/v2\/posts"}],"about":[{"href":"http:\/\/www.eloriente.net\/home\/wp-json\/wp\/v2\/types\/post"}],"author":[{"embeddable":true,"href":"http:\/\/www.eloriente.net\/home\/wp-json\/wp\/v2\/users\/1"}],"replies":[{"embeddable":true,"href":"http:\/\/www.eloriente.net\/home\/wp-json\/wp\/v2\/comments?post=38977"}],"version-history":[{"count":2,"href":"http:\/\/www.eloriente.net\/home\/wp-json\/wp\/v2\/posts\/38977\/revisions"}],"predecessor-version":[{"id":39016,"href":"http:\/\/www.eloriente.net\/home\/wp-json\/wp\/v2\/posts\/38977\/revisions\/39016"}],"wp:featuredmedia":[{"embeddable":true,"href":"http:\/\/www.eloriente.net\/home\/wp-json\/wp\/v2\/media\/19545"}],"wp:attachment":[{"href":"http:\/\/www.eloriente.net\/home\/wp-json\/wp\/v2\/media?parent=38977"}],"wp:term":[{"taxonomy":"category","embeddable":true,"href":"http:\/\/www.eloriente.net\/home\/wp-json\/wp\/v2\/categories?post=38977"},{"taxonomy":"post_tag","embeddable":true,"href":"http:\/\/www.eloriente.net\/home\/wp-json\/wp\/v2\/tags?post=38977"}],"curies":[{"name":"wp","href":"https:\/\/api.w.org\/{rel}","templated":true}]}}