{"id":39024,"date":"2015-09-11T01:00:42","date_gmt":"2015-09-11T07:00:42","guid":{"rendered":"http:\/\/www.eloriente.net\/home\/?p=39024"},"modified":"2015-09-11T10:24:38","modified_gmt":"2015-09-11T16:24:38","slug":"ixtlan-miahuatlan-y-sola-de-vega-contaran-con-los-primeros-centros-de-justicia-en-el-estado","status":"publish","type":"post","link":"http:\/\/www.eloriente.net\/home\/2015\/09\/11\/ixtlan-miahuatlan-y-sola-de-vega-contaran-con-los-primeros-centros-de-justicia-en-el-estado\/","title":{"rendered":"Ixtl\u00e1n, Miahuatl\u00e1n y Sola de Vega contar\u00e1n con primeros Centros de Justicia en Oaxaca"},"content":{"rendered":"<p><script src=\"\/\/pagead2.googlesyndication.com\/pagead\/js\/adsbygoogle.js\" async=\"\"><\/script><!-- BANNER ELORIENTE INCRUSTADO NOTAS --> <ins class=\"adsbygoogle\" style=\"display: inline-block; width: 300px; height: 250px;\" data-ad-client=\"ca-pub-1136171134853753\" data-ad-slot=\"7974633627\"><\/ins><script>\/\/ <![CDATA[\n(adsbygoogle = window.adsbygoogle || []).push({});\n\/\/ ]]><\/script><\/p>\n<p>&nbsp;<\/p>\n<p>eloriente.net\/TSJ<\/p>\n<p>11 de septiembre de 2015<\/p>\n<p>En Ixtl\u00e1n, Miahuatl\u00e1n y Sola de Vega estar\u00e1n los primeros edificios que concentrar\u00e1n a las\u00a0instituciones que intervienen en el modelo acusatorio y oral<\/p>\n<p>Ante la implementaci\u00f3n del sistema penal acusatorio en las sierras Norte y Sur a partir\u00a0del pr\u00f3ximo mes de diciembre, Ixtl\u00e1n de Ju\u00e1rez, Miahuatl\u00e1n de Porfirio D\u00edaz y Sola de\u00a0Vega contar\u00e1n con los primeros Centros de Justicia en el estado, mismos que\u00a0concentrar\u00e1n en un solo edificio a las instituciones que intervienen en este modelo\u00a0oral y los cuales en su conjunto atender\u00e1n a una poblaci\u00f3n de 395 mil 456 habitantes\u00a0de 124 municipios de esas regiones de la entidad.<\/p>\n<p>En entrevista, el titular del Poder Judicial, magistrado Alfredo Rodrigo Lagunas Rivera,\u00a0inform\u00f3 que con la finalidad de revisar la administraci\u00f3n de los recursos destinados a\u00a0los proyectos estrat\u00e9gicos y aprobar la calendarizaci\u00f3n de la ejecuci\u00f3n f\u00edsica y\u00a0financiera de los mismos, se realiz\u00f3 la primera sesi\u00f3n extraordinaria del Comit\u00e9\u00a0T\u00e9cnico del Fideicomiso del Estado de Oaxaca para la Implementaci\u00f3n del Sistema\u00a0de Justicia Penal.<\/p>\n<p>Apunt\u00f3 que en esta reuni\u00f3n, en la que se cont\u00f3 con la presencia del Fiscal General,\u00a0H\u00e9ctor Joaqu\u00edn Carrillo Ruiz; el secretario de Seguridad P\u00fablica, Jorge Alberto Ruiz\u00a0Mart\u00ednez; la Procuradora para la Defensa del Ind\u00edgena, Bertha Ruth Arreola Ruiz, y el\u00a0secretario ejecutivo del Consejo Implementador, Jahaziel Reyes Loeza, se\u00a0establecieron sinergias para alcanzar los objetivos trazados en el tema.<\/p>\n<p>Explic\u00f3 que en una primera fase se contempla la edificaci\u00f3n de diez Centros de\u00a0Justicia que adem\u00e1s de los municipios ya mencionados, estar\u00e1n ubicados en Tanivet\u00a0Tlacolula, Ejutla de Crespo, San Juan Bautista Tuxtepec, Huajuapan de Le\u00f3n, Putla\u00a0Villa de Guerrero, El Espinal y Santa Mar\u00eda Huatulco, para lo cual ya se cuenta con\u00a0los terrenos adecuados y los proyectos ejecutivos debidamente validados por las\u00a0secretar\u00edas de Hacienda (SHCP) y de Gobernaci\u00f3n (SEGOB).<\/p>\n<p>En su car\u00e1cter de presidente del Consejo de Coordinaci\u00f3n para la Implementaci\u00f3n del\u00a0Sistema Acusatorio en el Estado, puntualiz\u00f3 que en el caso de los Centros de Justicia\u00a0de Miahuatl\u00e1n, Sola de Vega e Ixtl\u00e1n de Ju\u00e1rez, se contempla terminar las obras\u00a0antes de que finalice el 2015; mientras que en el resto del estado la meta es contar\u00a0con la infraestructura concluida en los primeros meses de 2016.<\/p>\n<p>Este modelo de edificios tienen como objetivo optimizar la labor judicial de las\u00a0instituciones que intervienen en el sistema de justicia penal acusatorio y oral, con el\u00a0fin de ofrecer a la ciudadan\u00eda servicios integrales en un inmueble que contar\u00e1 con\u00a0salas de juicio oral, equipo y tecnolog\u00eda de punta, sistemas de seguridad e inmobiliario\u00a0moderno, resalt\u00f3.<\/p>\n<p>Cabe se\u00f1alar que en la primera sesi\u00f3n extraordinaria del Comit\u00e9 T\u00e9cnico del\u00a0Fideicomiso del Estado de Oaxaca, participaron representantes de la Secretar\u00eda\u00a0T\u00e9cnica del Consejo de Coordinaci\u00f3n para la Implementaci\u00f3n del Sistema de Justicia\u00a0Penal, SETEC, dependiente de la Secretar\u00eda de Gobernaci\u00f3n y de BANOBRAS,\u00a0quienes en un marco institucional brindaron asistencia t\u00e9cnica sobre las opciones que\u00a0permitir\u00e1n a Oaxaca acceder a fuentes de financiamiento y las reglas de operaci\u00f3n de\u00a0estos fondos.<\/p>\n<p><a href=\"http:\/\/www.eloriente.net\/home\/wp-content\/uploads\/2015\/09\/Tabla-centros-de-justicia.png\"><img loading=\"lazy\" decoding=\"async\" class=\"size-full wp-image-39025 aligncenter\" src=\"http:\/\/www.eloriente.net\/home\/wp-content\/uploads\/2015\/09\/Tabla-centros-de-justicia.png\" alt=\"Tabla centros de justicia\" width=\"475\" height=\"103\" srcset=\"http:\/\/www.eloriente.net\/home\/wp-content\/uploads\/2015\/09\/Tabla-centros-de-justicia.png 475w, http:\/\/www.eloriente.net\/home\/wp-content\/uploads\/2015\/09\/Tabla-centros-de-justicia-300x65.png 300w\" sizes=\"(max-width: 475px) 100vw, 475px\" \/><\/a><\/p>\n<p><a href=\"http:\/\/www.eloriente.net\/home\/wp-content\/uploads\/2015\/09\/Instituciones-de-procuraci\u00f3n-y-administraci\u00f3n-de-justicia-establecen-sinergias.jpg\"><img loading=\"lazy\" decoding=\"async\" class=\"alignnone size-medium wp-image-39027\" src=\"http:\/\/www.eloriente.net\/home\/wp-content\/uploads\/2015\/09\/Instituciones-de-procuraci\u00f3n-y-administraci\u00f3n-de-justicia-establecen-sinergias-300x200.jpg\" alt=\"Instituciones de procuraci\u00f3n y administraci\u00f3n de justicia establecen sinergias\" width=\"300\" height=\"200\" srcset=\"http:\/\/www.eloriente.net\/home\/wp-content\/uploads\/2015\/09\/Instituciones-de-procuraci\u00f3n-y-administraci\u00f3n-de-justicia-establecen-sinergias-300x200.jpg 300w, http:\/\/www.eloriente.net\/home\/wp-content\/uploads\/2015\/09\/Instituciones-de-procuraci\u00f3n-y-administraci\u00f3n-de-justicia-establecen-sinergias.jpg 560w\" sizes=\"(max-width: 300px) 100vw, 300px\" \/><\/a><\/p>\n<p><strong>OTRAS ENTRADAS<\/strong><\/p>\n<div class=\"featuredpost\">\n<div class=\"flow_hide\">\n<h2 class=\"posttitle bigposttitle\"><a title=\"Enlace Permanente a Fallece V\u00edctor de la Cruz; reacciona con tristeza medio cultural\" href=\"http:\/\/www.eloriente.net\/home\/2015\/09\/10\/fallece-victor-de-la-cruz-reacciona-con-tristeza-medio-cultural\/\" rel=\"bookmark\">Fallece V\u00edctor de la Cruz; reacciona con tristeza medio cultural<\/a><\/h2>\n<\/div>\n<p>(www.eloriente.net, M\u00e9xico, a 10 de septiembre de 2015, por Valery L\u00f3pez).- En luto se encuentra la comunidad cultural e intelectual de Oaxaca y M\u00e9xico, despu\u00e9s de darse\u2026<\/p>\n<p class=\"postmeta\"><span class=\"meta_date\">septiembre 10, 2015<\/span><\/p>\n<div class=\"toolbar-social\"><\/div>\n<\/div>\n<div class=\"featuredpost\">\n<div class=\"flow_hide\">\n<p><a href=\"http:\/\/www.eloriente.net\/home\/2015\/09\/10\/benjamin-robles-acompana-registro-de-unir-oaxaca-agrupacion-politica-ieepco-decidira-procedencia\/\" rel=\"bookmark\"><img decoding=\"async\" class=\"alignleft\" title=\"Benjam\u00edn Robles acompa\u00f1a registro de Unir Oaxaca, agrupaci\u00f3n pol\u00edtica; IEEPCO decidir\u00e1 procedencia\" src=\"http:\/\/www.eloriente.net\/home\/wp-content\/themes\/city-desk\/timthumb.php?src=http%3A%2F%2Fwww.eloriente.net%2Fhome%2Fwp-content%2Fuploads%2F2015%2F09%2FUnir-Oaxaca.jpg&amp;q=90&amp;w=70&amp;h=45&amp;zc=1\" alt=\"Benjam\u00edn Robles acompa\u00f1a registro de Unir Oaxaca, agrupaci\u00f3n pol\u00edtica; IEEPCO decidir\u00e1 procedencia\" \/><\/a><\/p>\n<h2 class=\"posttitle \"><a title=\"Enlace Permanente a Benjam\u00edn Robles acompa\u00f1a registro de Unir Oaxaca, agrupaci\u00f3n pol\u00edtica; IEEPCO decidir\u00e1 procedencia\" href=\"http:\/\/www.eloriente.net\/home\/2015\/09\/10\/benjamin-robles-acompana-registro-de-unir-oaxaca-agrupacion-politica-ieepco-decidira-procedencia\/\" rel=\"bookmark\">Benjam\u00edn Robles acompa\u00f1a registro de Unir Oaxaca, agrupaci\u00f3n pol\u00edtica; IEEPCO decidir\u00e1 procedencia<\/a><\/h2>\n<\/div>\n<p>(www.eloriente.net, M\u00e9xico, a 10 de septiembre de 2015).- Para fortalecer los mecanismos que permitan a las ciudadanas y ciudadanos tener una participaci\u00f3n m\u00e1s activa y efectiva en los\u2026<\/p>\n<p class=\"postmeta\"><span class=\"meta_date\">septiembre 10, 2015<\/span><\/p>\n<div class=\"toolbar-social\"><\/div>\n<\/div>\n<div class=\"featuredpost\">\n<div class=\"flow_hide\">\n<p><a href=\"http:\/\/www.eloriente.net\/home\/2015\/09\/09\/knock-knock-el-terror-en-su-presentacion-sexyangelical-por-victor-lopez-velarde\/\" rel=\"bookmark\"><img decoding=\"async\" class=\"alignleft\" title=\"Knock Knock: El terror en su presentaci\u00f3n sexy\/angelical, por V\u00edctor L\u00f3pez Velarde\" src=\"http:\/\/www.eloriente.net\/home\/wp-content\/themes\/city-desk\/timthumb.php?src=http%3A%2F%2Fwww.eloriente.net%2Fhome%2Fwp-content%2Fuploads%2F2015%2F09%2FKnock-Knock-e1441838696135.jpg&amp;q=90&amp;w=70&amp;h=45&amp;zc=1\" alt=\"Knock Knock: El terror en su presentaci\u00f3n sexy\/angelical, por V\u00edctor L\u00f3pez Velarde\" \/><\/a><\/p>\n<h2 class=\"posttitle \"><a title=\"Enlace Permanente a Knock Knock: El terror en su presentaci\u00f3n sexy\/angelical, por V\u00edctor L\u00f3pez Velarde\" href=\"http:\/\/www.eloriente.net\/home\/2015\/09\/09\/knock-knock-el-terror-en-su-presentacion-sexyangelical-por-victor-lopez-velarde\/\" rel=\"bookmark\">Knock Knock: El terror en su presentaci\u00f3n sexy\/angelical, por V\u00edctor L\u00f3pez Velarde<\/a><\/h2>\n<\/div>\n<p>(www.eloriente.net, M\u00e9xico, a 09 de septiembre de 2015, por V\u00edctor L\u00f3pez Velarde).- El g\u00e9nero de terror ha sabido aprovechar\u00a0bastante bien la premisa del individuo solo\u00a0en casa\u2026<\/p>\n<p class=\"postmeta\"><span class=\"meta_date\">septiembre 9, 2015<\/span><\/p>\n<\/div>\n<p>&nbsp;<\/p>\n\n\t\t\t  <div \n\t\t\t  \tclass = \"fb-comments\" \n\t\t\t  \tdata-href = \"http:\/\/www.eloriente.net\/home\/2015\/09\/11\/ixtlan-miahuatlan-y-sola-de-vega-contaran-con-los-primeros-centros-de-justicia-en-el-estado\/\"\n\t\t\t  \tdata-numposts = \"10\"\n\t\t\t\tdata-colorscheme = \"dark\"\n\t\t\t\tdata-order-by = \"social\"\n\t\t\t\tdata-mobile=true>\n\t\t\t  <\/div>\n\t\t  <style>\n\t\t\t.fb_iframe_widget_fluid_desktop iframe {\n\t\t\t    width: 100% !important;\n\t\t\t}\n\t\t  <\/style>\n\t\t  ","protected":false},"excerpt":{"rendered":"<p>&nbsp; eloriente.net\/TSJ 11 de septiembre de 2015 En Ixtl\u00e1n, Miahuatl\u00e1n y Sola de Vega estar\u00e1n los primeros edificios que concentrar\u00e1n a las\u00a0instituciones que intervienen en el modelo acusatorio y oral Ante la implementaci\u00f3n del sistema penal acusatorio en las sierras Norte y Sur a partir\u00a0del pr\u00f3ximo mes de diciembre, Ixtl\u00e1n de Ju\u00e1rez, Miahuatl\u00e1n de Porfirio [&hellip;]<\/p>\n","protected":false},"author":44,"featured_media":39027,"comment_status":"open","ping_status":"open","sticky":false,"template":"","format":"standard","meta":{"_jetpack_memberships_contains_paid_content":false,"footnotes":""},"categories":[1588,91,32,63,464,21],"tags":[2762,4253,4251,73,4252,2318,225],"class_list":["post-39024","post","type-post","status-publish","format-standard","has-post-thumbnail","hentry","category-comunicados-y-boletines","category-congreso-y-justicia","category-entradas","category-estados","category-oaxaca-estados","category-politica-y-gobierno","tag-centros-de-justicia","tag-ixtlan","tag-miahuatlan","tag-oaxaca","tag-sola-de-vega","tag-tribunal-superior-de-justicia","tag-tsj"],"jetpack_featured_media_url":"http:\/\/www.eloriente.net\/home\/wp-content\/uploads\/2015\/09\/Instituciones-de-procuraci\u00f3n-y-administraci\u00f3n-de-justicia-establecen-sinergias.jpg","jetpack_sharing_enabled":true,"_links":{"self":[{"href":"http:\/\/www.eloriente.net\/home\/wp-json\/wp\/v2\/posts\/39024"}],"collection":[{"href":"http:\/\/www.eloriente.net\/home\/wp-json\/wp\/v2\/posts"}],"about":[{"href":"http:\/\/www.eloriente.net\/home\/wp-json\/wp\/v2\/types\/post"}],"author":[{"embeddable":true,"href":"http:\/\/www.eloriente.net\/home\/wp-json\/wp\/v2\/users\/44"}],"replies":[{"embeddable":true,"href":"http:\/\/www.eloriente.net\/home\/wp-json\/wp\/v2\/comments?post=39024"}],"version-history":[{"count":4,"href":"http:\/\/www.eloriente.net\/home\/wp-json\/wp\/v2\/posts\/39024\/revisions"}],"predecessor-version":[{"id":39050,"href":"http:\/\/www.eloriente.net\/home\/wp-json\/wp\/v2\/posts\/39024\/revisions\/39050"}],"wp:featuredmedia":[{"embeddable":true,"href":"http:\/\/www.eloriente.net\/home\/wp-json\/wp\/v2\/media\/39027"}],"wp:attachment":[{"href":"http:\/\/www.eloriente.net\/home\/wp-json\/wp\/v2\/media?parent=39024"}],"wp:term":[{"taxonomy":"category","embeddable":true,"href":"http:\/\/www.eloriente.net\/home\/wp-json\/wp\/v2\/categories?post=39024"},{"taxonomy":"post_tag","embeddable":true,"href":"http:\/\/www.eloriente.net\/home\/wp-json\/wp\/v2\/tags?post=39024"}],"curies":[{"name":"wp","href":"https:\/\/api.w.org\/{rel}","templated":true}]}}