{"id":39047,"date":"2015-09-11T10:13:03","date_gmt":"2015-09-11T16:13:03","guid":{"rendered":"http:\/\/www.eloriente.net\/home\/?p=39047"},"modified":"2015-09-11T10:13:03","modified_gmt":"2015-09-11T16:13:03","slug":"noticia-oaxaca-rechaza-rector-uabjo-toma-de-ciudad-universitaria","status":"publish","type":"post","link":"http:\/\/www.eloriente.net\/home\/2015\/09\/11\/noticia-oaxaca-rechaza-rector-uabjo-toma-de-ciudad-universitaria\/","title":{"rendered":"Noticia Oaxaca: Rechaza Rector UABJO toma de Ciudad Universitaria"},"content":{"rendered":"<p><script src=\"\/\/pagead2.googlesyndication.com\/pagead\/js\/adsbygoogle.js\" async=\"\"><\/script><!-- BANNER ELORIENTE INCRUSTADO NOTAS --> <ins class=\"adsbygoogle\" style=\"display: inline-block; width: 300px; height: 250px;\" data-ad-client=\"ca-pub-1136171134853753\" data-ad-slot=\"7974633627\"><\/ins><script>\/\/ <![CDATA[\n(adsbygoogle = window.adsbygoogle || []).push({});\n\/\/ ]]><\/script><br \/>\neloriente.net\/UABJO<\/p>\n<p>11 de septiembre de 2015<\/p>\n<p>El Rector de la Universidad Aut\u00f3noma \u201cBenito Ju\u00e1rez\u201d de Oaxaca (UABJO), Eduardo Mart\u00ednez Helmes manifest\u00f3 su rechazo ante el cierre de instalaciones de Ciudad Universitaria ocurrido el d\u00eda de hoy, suspensi\u00f3n, dijo, que lesiona la vida acad\u00e9mica y administrativa de la Instituci\u00f3n.<\/p>\n<p>En ese sentido, el funcionario indic\u00f3 que la normatividad universitaria prev\u00e9 m\u00e9todos e instancias para atender necesidades e inconformidades de la comunidad universitaria ante sus autoridades, motivo por el cual, la exigencia del cumplimiento de derechos y obligaciones debe ser canalizada a trav\u00e9s de las v\u00edas institucionales y sin atentar contra el devenir acad\u00e9mico y administrativo de la M\u00e1xima Casa de Estudios en el estado.<\/p>\n<p>De acuerdo a lo anterior, Mart\u00ednez Helmes se\u00f1al\u00f3 que la inconformidad expresada por la cuota de inscripci\u00f3n en la Facultad de Enfermer\u00eda, no puede ser pretexto para la lesi\u00f3n del patrimonio universitario, por lo que conmin\u00f3 a los ocupantes, a liberar la Facultad de Enfermer\u00eda Oaxaca y Ciudad Universitaria.<\/p>\n<p><a href=\"http:\/\/www.eloriente.net\/home\/wp-content\/uploads\/2015\/09\/RECTOR1.jpg\"><img loading=\"lazy\" decoding=\"async\" class=\"alignnone size-medium wp-image-39048\" src=\"http:\/\/www.eloriente.net\/home\/wp-content\/uploads\/2015\/09\/RECTOR1-300x200.jpg\" alt=\"RECTOR1\" width=\"300\" height=\"200\" srcset=\"http:\/\/www.eloriente.net\/home\/wp-content\/uploads\/2015\/09\/RECTOR1-300x200.jpg 300w, http:\/\/www.eloriente.net\/home\/wp-content\/uploads\/2015\/09\/RECTOR1-1024x682.jpg 1024w, http:\/\/www.eloriente.net\/home\/wp-content\/uploads\/2015\/09\/RECTOR1-900x600.jpg 900w\" sizes=\"(max-width: 300px) 100vw, 300px\" \/><\/a><\/p>\n<p>&nbsp;<\/p>\n<p><strong>OTRAS ENTRADAS:<\/strong><\/p>\n<div class=\"featuredpost\">\n<div class=\"flow_hide\">\n<h2 class=\"posttitle bigposttitle\"><a title=\"Enlace Permanente a Declinaci\u00f3n de competencia: caso Quiavicuzas, por Gerardo Mart\u00ednez Ortega\" href=\"http:\/\/www.eloriente.net\/home\/2015\/09\/11\/declinacion-de-competencia-caso-quiavicuzas-por-gerardo-martinez-ortega\/\" rel=\"bookmark\">Declinaci\u00f3n de competencia: caso Quiavicuzas, por Gerardo Mart\u00ednez Ortega<\/a><\/h2>\n<\/div>\n<p>(www.eloriente.net, M\u00e9xico, 11 de septiembre de 2015, por Gerardo Mart\u00ednez Ortega*).- \u00a0El 26 de enero del a\u00f1o 2012, a un ind\u00edgena originario de la comunidad zapoteca\u00a0de Santiago Quiavicuzas,\u2026<\/p>\n<p class=\"postmeta\"><span class=\"meta_date\">septiembre 11, 2015<\/span><\/p>\n<div class=\"toolbar-social\">\n<div class=\"social-widget\">\n<div id=\"sharing-widget\"><a class=\"button icon-share\">Compartir<\/a><span class=\"share-count\">0<\/span><\/div>\n<\/div>\n<\/div>\n<\/div>\n<div class=\"featuredpost\">\n<div class=\"flow_hide\"><a href=\"http:\/\/www.eloriente.net\/home\/2015\/09\/10\/fallece-victor-de-la-cruz-reacciona-con-tristeza-medio-cultural\/\" rel=\"bookmark\"><img decoding=\"async\" class=\"alignleft\" title=\"Fallece V\u00edctor de la Cruz; reacciona con tristeza medio cultural\" src=\"http:\/\/www.eloriente.net\/home\/wp-content\/themes\/city-desk\/timthumb.php?src=http%3A%2F%2Fwww.eloriente.net%2Fhome%2Fwp-content%2Fuploads%2F2012%2F08%2FVictor-de-la-Cruz-BLOG-GPE-LOAEZA-e1441984283650.jpg&amp;q=90&amp;w=70&amp;h=45&amp;zc=1\" alt=\"Fallece V\u00edctor de la Cruz; reacciona con tristeza medio cultural\" \/><\/a><\/p>\n<h2 class=\"posttitle \"><a title=\"Enlace Permanente a Fallece V\u00edctor de la Cruz; reacciona con tristeza medio cultural\" href=\"http:\/\/www.eloriente.net\/home\/2015\/09\/10\/fallece-victor-de-la-cruz-reacciona-con-tristeza-medio-cultural\/\" rel=\"bookmark\">Fallece V\u00edctor de la Cruz; reacciona con tristeza medio cultural<\/a><\/h2>\n<\/div>\n<p>(www.eloriente.net, M\u00e9xico, a 10 de septiembre de 2015, por Valery L\u00f3pez).- En luto se encuentra la comunidad cultural e intelectual de Oaxaca y M\u00e9xico, despu\u00e9s de darse\u2026<\/p>\n<p class=\"postmeta\"><span class=\"meta_date\">septiembre 10, 2015<\/span><\/p>\n<div class=\"toolbar-social\">\n<div class=\"social-widget\">\n<div id=\"sharing-widget\"><a class=\"button icon-share active\">Compartir<\/a><span class=\"share-count\">1<\/span><\/div>\n<\/div>\n<\/div>\n<\/div>\n\n\t\t\t  <div \n\t\t\t  \tclass = \"fb-comments\" \n\t\t\t  \tdata-href = \"http:\/\/www.eloriente.net\/home\/2015\/09\/11\/noticia-oaxaca-rechaza-rector-uabjo-toma-de-ciudad-universitaria\/\"\n\t\t\t  \tdata-numposts = \"10\"\n\t\t\t\tdata-colorscheme = \"dark\"\n\t\t\t\tdata-order-by = \"social\"\n\t\t\t\tdata-mobile=true>\n\t\t\t  <\/div>\n\t\t  <style>\n\t\t\t.fb_iframe_widget_fluid_desktop iframe {\n\t\t\t    width: 100% !important;\n\t\t\t}\n\t\t  <\/style>\n\t\t  ","protected":false},"excerpt":{"rendered":"<p>eloriente.net\/UABJO 11 de septiembre de 2015 El Rector de la Universidad Aut\u00f3noma \u201cBenito Ju\u00e1rez\u201d de Oaxaca (UABJO), Eduardo Mart\u00ednez Helmes manifest\u00f3 su rechazo ante el cierre de instalaciones de Ciudad Universitaria ocurrido el d\u00eda de hoy, suspensi\u00f3n, dijo, que lesiona la vida acad\u00e9mica y administrativa de la Instituci\u00f3n. En ese sentido, el funcionario indic\u00f3 que [&hellip;]<\/p>\n","protected":false},"author":1,"featured_media":39048,"comment_status":"open","ping_status":"open","sticky":false,"template":"","format":"standard","meta":{"_jetpack_memberships_contains_paid_content":false,"footnotes":""},"categories":[29,1588,32,63,464],"tags":[4258,4259,4260,182,3947],"class_list":["post-39047","post","type-post","status-publish","format-standard","has-post-thumbnail","hentry","category-capital","category-comunicados-y-boletines","category-entradas","category-estados","category-oaxaca-estados","tag-rector-helmes","tag-rector-universidad","tag-toma-de-ciudad-universitaria","tag-uabjo","tag-universidad-oaxaca"],"jetpack_featured_media_url":"http:\/\/www.eloriente.net\/home\/wp-content\/uploads\/2015\/09\/RECTOR1.jpg","jetpack_sharing_enabled":true,"_links":{"self":[{"href":"http:\/\/www.eloriente.net\/home\/wp-json\/wp\/v2\/posts\/39047"}],"collection":[{"href":"http:\/\/www.eloriente.net\/home\/wp-json\/wp\/v2\/posts"}],"about":[{"href":"http:\/\/www.eloriente.net\/home\/wp-json\/wp\/v2\/types\/post"}],"author":[{"embeddable":true,"href":"http:\/\/www.eloriente.net\/home\/wp-json\/wp\/v2\/users\/1"}],"replies":[{"embeddable":true,"href":"http:\/\/www.eloriente.net\/home\/wp-json\/wp\/v2\/comments?post=39047"}],"version-history":[{"count":1,"href":"http:\/\/www.eloriente.net\/home\/wp-json\/wp\/v2\/posts\/39047\/revisions"}],"predecessor-version":[{"id":39049,"href":"http:\/\/www.eloriente.net\/home\/wp-json\/wp\/v2\/posts\/39047\/revisions\/39049"}],"wp:featuredmedia":[{"embeddable":true,"href":"http:\/\/www.eloriente.net\/home\/wp-json\/wp\/v2\/media\/39048"}],"wp:attachment":[{"href":"http:\/\/www.eloriente.net\/home\/wp-json\/wp\/v2\/media?parent=39047"}],"wp:term":[{"taxonomy":"category","embeddable":true,"href":"http:\/\/www.eloriente.net\/home\/wp-json\/wp\/v2\/categories?post=39047"},{"taxonomy":"post_tag","embeddable":true,"href":"http:\/\/www.eloriente.net\/home\/wp-json\/wp\/v2\/tags?post=39047"}],"curies":[{"name":"wp","href":"https:\/\/api.w.org\/{rel}","templated":true}]}}