{"id":39056,"date":"2015-09-12T01:00:05","date_gmt":"2015-09-12T07:00:05","guid":{"rendered":"http:\/\/www.eloriente.net\/home\/?p=39056"},"modified":"2015-09-15T08:27:06","modified_gmt":"2015-09-15T14:27:06","slug":"5-actividades-culturales-en-oaxaca-que-no-te-puedes-perder-12-17-de-septiembre","status":"publish","type":"post","link":"http:\/\/www.eloriente.net\/home\/2015\/09\/12\/5-actividades-culturales-en-oaxaca-que-no-te-puedes-perder-12-17-de-septiembre\/","title":{"rendered":"5 actividades culturales en Oaxaca que no te puedes perder (12-17 de septiembre)"},"content":{"rendered":"<p><script src=\"\/\/pagead2.googlesyndication.com\/pagead\/js\/adsbygoogle.js\" async=\"\"><\/script><!-- BANNER ELORIENTE INCRUSTADO NOTAS --> <ins class=\"adsbygoogle\" style=\"display: inline-block; width: 300px; height: 250px;\" data-ad-client=\"ca-pub-1136171134853753\" data-ad-slot=\"7974633627\"><\/ins><script>\/\/ <![CDATA[\n(adsbygoogle = window.adsbygoogle || []).push({});\n\/\/ ]]><\/script><\/p>\n<p>&nbsp;<\/p>\n<p>&nbsp;<\/p>\n<p>(www.eloriente.net, a 11 de septiembre de 2015, por Valery L\u00f3pez).- Estamos a a pocos d\u00edas de las fiestas patrias, pero no por ello las actividades culturales se detendr\u00e1n en Oaxaca. Por eso te presentamos cinco a las que no puedes faltar en estos d\u00edas.<\/p>\n<p>Antes, recuerda que un calendario cultural m\u00e1s amplio, puedes encontrarlo en Todo Oaxaca Radio (<a href=\"http:\/\/todooaxacaradio.com\/calendario-cultural\/\" target=\"_blank\">Calendario Cultural<\/a>)<\/p>\n<p><strong>1.- Introducci\u00f3n a la cr\u00edtica literaria<\/strong><\/p>\n<p>Un curso dirigido para estudiantes, lectores y para todo aquel interesado en aprender a generar cr\u00edticas\u00a0sobre textos literarios. Impartido por Guillermo Santos, colaborador y editor de la revista Avispero. Los m\u00f3dulos ser\u00e1n todos los martes y jueves de 5 a 7 pm, del 15 de septiembre al 15 de octubre. Sin costo alguno.<\/p>\n<p>Mayores informes en: <a href=\"https:\/\/www.facebook.com\/IAGOmx\/photos\/a.136352006399183.17461.136349446399439\/1046613115373063\/?type=1&amp;theater\" target=\"_blank\">Instituto de Artes Gr\u00e1ficas de Oaxaca<\/a><\/p>\n<p><a href=\"http:\/\/www.eloriente.net\/home\/wp-content\/uploads\/2015\/09\/Introducci\u00f3n-a-la-Cr\u00edtica-literaria.jpg\"><img loading=\"lazy\" decoding=\"async\" class=\"alignnone size-full wp-image-39060\" src=\"http:\/\/www.eloriente.net\/home\/wp-content\/uploads\/2015\/09\/Introducci\u00f3n-a-la-Cr\u00edtica-literaria-e1442014838332.jpg\" alt=\"Introducci\u00f3n a la Cr\u00edtica literaria\" width=\"590\" height=\"454\" \/><\/a><\/p>\n<p><strong>2.- Oaxaca Gypsy Project<\/strong><\/p>\n<p>Concierto por el Festival de Jazz Oaxaca 2015, con la participaci\u00f3n de Roberto Cruz, guitarra; Ricardo Ch\u00e1vez, guitarra; \u00c1ngel Garc\u00eda, viol\u00edn; y Arqu\u00edmides Hern\u00e1ndez, contrabajo.<\/p>\n<p>S\u00e1bado 12 de septiembre 19:30 hrs. Entradas libre. Patio de la Biblioteca Andr\u00e9s Henestrosa.<\/p>\n<p><a href=\"https:\/\/www.facebook.com\/biblioteca.henestrosa\/photos\/a.528873700567872.1073741828.528865723902003\/764702460318327\/?type=1&amp;theater\" target=\"_blank\">Biblioteca Henestrosa<\/a><\/p>\n<p><a href=\"http:\/\/www.eloriente.net\/home\/wp-content\/uploads\/2015\/09\/gypsy-project-e1442014969510.jpg\"><img loading=\"lazy\" decoding=\"async\" class=\"alignnone size-full wp-image-39059\" src=\"http:\/\/www.eloriente.net\/home\/wp-content\/uploads\/2015\/09\/gypsy-project-e1442014969510.jpg\" alt=\"gypsy project\" width=\"568\" height=\"869\" srcset=\"http:\/\/www.eloriente.net\/home\/wp-content\/uploads\/2015\/09\/gypsy-project-e1442014969510.jpg 568w, http:\/\/www.eloriente.net\/home\/wp-content\/uploads\/2015\/09\/gypsy-project-e1442014969510-196x300.jpg 196w\" sizes=\"(max-width: 568px) 100vw, 568px\" \/><\/a><\/p>\n<p><strong>3.- Reinauguraci\u00f3n de la Sala de Foto<\/strong><\/p>\n<p>El Instituto de Artes Gr\u00e1ficas de Oaxaca nos invita la reinauguraci\u00f3n de la Sala de Foto con la exposici\u00f3n \u201dUn poco de todo, colecci\u00f3n Jos\u00e9 F. G\u00f3mez\u201d. La cita es el s\u00e1bado 12 de septiembre a las 12:00 hrs en Macedonio Alcal\u00e1 507, Centro.<\/p>\n<p><a href=\"https:\/\/www.facebook.com\/IAGOmx\/photos\/a.136352006399183.17461.136349446399439\/1047249008642807\/?type=1&amp;theater\" target=\"_blank\">Instituto de Artes Gr\u00e1ficas de Oaxaca<\/a><\/p>\n<p><a href=\"http:\/\/www.eloriente.net\/home\/wp-content\/uploads\/2015\/09\/Reinauguraci\u00f3n-sala-de-foto-e1442014994506.jpg\"><img loading=\"lazy\" decoding=\"async\" class=\"alignnone size-full wp-image-39058\" src=\"http:\/\/www.eloriente.net\/home\/wp-content\/uploads\/2015\/09\/Reinauguraci\u00f3n-sala-de-foto-e1442014994506.jpg\" alt=\"Reinauguraci\u00f3n sala de foto\" width=\"590\" height=\"454\" \/><\/a><\/p>\n<p><strong>4.-Lienzos para estar con Dios, textiles rituales de cuatro continentes<\/strong><\/p>\n<p>Exposici\u00f3n de una selecci\u00f3n de tejidos y bordados\u00a0hechos para celebrar nacimientos, bodas y funerales en \u202aAm\u00e9rica, Ocean\u00eda, Asia y \u00c1frica. A trav\u00e9s de ellos podemos apreciar c\u00f3mo el telar se convierte en un medio para acercarse a la divinidad.<\/p>\n<p>La exposici\u00f3n fue inaugurada el 8 de agosto y seguir\u00e1 hasta el 22 de noviembre en el Museo Textil de Oaxaca.<\/p>\n<p>Mayores informes en <a href=\"https:\/\/www.facebook.com\/MUTEX2010\/timeline\" target=\"_blank\">Museo Textil de Oaxaca<\/a><\/p>\n<p><a href=\"http:\/\/www.eloriente.net\/home\/wp-content\/uploads\/2015\/09\/Lienzo-para-estar-con-dios-e1442015024103.jpg\"><img loading=\"lazy\" decoding=\"async\" class=\"alignnone size-full wp-image-39061\" src=\"http:\/\/www.eloriente.net\/home\/wp-content\/uploads\/2015\/09\/Lienzo-para-estar-con-dios-e1442015024103.jpg\" alt=\"Lienzo para estar con dios\" width=\"590\" height=\"525\" \/><\/a><\/p>\n<p><strong>5.- 3ra Semana de Cine Mexicano<\/strong><\/p>\n<p>El Pr\u00f3ximo 17 de septiembre, OaxacaCine inicia su 3ra\u00a0Semana de Cine Mexicano con la proyecci\u00f3n de la pel\u00edcula \u00abD\u00f3lares de Arena\u00bb de Laura Amelia Guzm\u00e1n. Las funciones son a las 19:00 hrs, en el Teatro Macedonio Alcal\u00e1, los d\u00edas 17, 18, 21, 22, 23, 28, y 29 de septiembre.<\/p>\n<p>Mayor informaci\u00f3n: <a href=\"https:\/\/www.facebook.com\/events\/884328788324097\/\" target=\"_blank\">OaxacaCine<\/a><\/p>\n<p><a href=\"http:\/\/www.eloriente.net\/home\/wp-content\/uploads\/2015\/09\/3ra-semana-de-cine-mexicano-e1442015051121.jpg\"><img loading=\"lazy\" decoding=\"async\" class=\"alignnone size-full wp-image-39057\" src=\"http:\/\/www.eloriente.net\/home\/wp-content\/uploads\/2015\/09\/3ra-semana-de-cine-mexicano-e1442015051121.jpg\" alt=\"3ra semana de cine mexicano\" width=\"590\" height=\"250\" \/><\/a><\/p>\n<p><strong>OTRAS ENTRADAS<\/strong><\/p>\n<div class=\"featuredpost\">\n<div class=\"flow_hide\">\n<h2 class=\"posttitle bigposttitle\"><a title=\"Enlace Permanente a Declinaci\u00f3n de competencia: caso Quiavicuzas, por Gerardo Mart\u00ednez Ortega\" href=\"http:\/\/www.eloriente.net\/home\/2015\/09\/11\/declinacion-de-competencia-caso-quiavicuzas-por-gerardo-martinez-ortega\/\" rel=\"bookmark\">Declinaci\u00f3n de competencia: caso Quiavicuzas, por Gerardo Mart\u00ednez Ortega<\/a><\/h2>\n<\/div>\n<p>(www.eloriente.net, M\u00e9xico, 11 de septiembre de 2015, por Gerardo Mart\u00ednez Ortega*).- \u00a0El 26 de enero del a\u00f1o 2012, a un ind\u00edgena originario de la comunidad zapoteca\u00a0de Santiago Quiavicuzas,\u2026<\/p>\n<p class=\"postmeta\"><span class=\"meta_date\">septiembre 11, 2015<\/span><\/p>\n<div class=\"toolbar-social\"><\/div>\n<\/div>\n<div class=\"featuredpost\">\n<div class=\"flow_hide\">\n<p><a href=\"http:\/\/www.eloriente.net\/home\/2015\/09\/10\/fallece-victor-de-la-cruz-reacciona-con-tristeza-medio-cultural\/\" rel=\"bookmark\"><img decoding=\"async\" class=\"alignleft\" title=\"Fallece V\u00edctor de la Cruz; reacciona con tristeza medio cultural\" src=\"http:\/\/www.eloriente.net\/home\/wp-content\/themes\/city-desk\/timthumb.php?src=http%3A%2F%2Fwww.eloriente.net%2Fhome%2Fwp-content%2Fuploads%2F2012%2F08%2FVictor-de-la-Cruz-BLOG-GPE-LOAEZA-e1441984283650.jpg&amp;q=90&amp;w=70&amp;h=45&amp;zc=1\" alt=\"Fallece V\u00edctor de la Cruz; reacciona con tristeza medio cultural\" \/><\/a><\/p>\n<h2 class=\"posttitle \"><a title=\"Enlace Permanente a Fallece V\u00edctor de la Cruz; reacciona con tristeza medio cultural\" href=\"http:\/\/www.eloriente.net\/home\/2015\/09\/10\/fallece-victor-de-la-cruz-reacciona-con-tristeza-medio-cultural\/\" rel=\"bookmark\">Fallece V\u00edctor de la Cruz; reacciona con tristeza medio cultural<\/a><\/h2>\n<\/div>\n<p>(www.eloriente.net, M\u00e9xico, a 10 de septiembre de 2015, por Valery L\u00f3pez).- En luto se encuentra la comunidad cultural e intelectual de Oaxaca y M\u00e9xico, despu\u00e9s de darse\u2026<\/p>\n<p class=\"postmeta\"><span class=\"meta_date\">septiembre 10, 2015<\/span><\/p>\n<div class=\"toolbar-social\"><\/div>\n<\/div>\n<div class=\"featuredpost\">\n<div class=\"flow_hide\">\n<p><a href=\"http:\/\/www.eloriente.net\/home\/2015\/09\/10\/benjamin-robles-acompana-registro-de-unir-oaxaca-agrupacion-politica-ieepco-decidira-procedencia\/\" rel=\"bookmark\"><img decoding=\"async\" class=\"alignleft\" title=\"Benjam\u00edn Robles acompa\u00f1a registro de Unir Oaxaca, agrupaci\u00f3n pol\u00edtica; IEEPCO decidir\u00e1 procedencia\" src=\"http:\/\/www.eloriente.net\/home\/wp-content\/themes\/city-desk\/timthumb.php?src=http%3A%2F%2Fwww.eloriente.net%2Fhome%2Fwp-content%2Fuploads%2F2015%2F09%2FUnir-Oaxaca.jpg&amp;q=90&amp;w=70&amp;h=45&amp;zc=1\" alt=\"Benjam\u00edn Robles acompa\u00f1a registro de Unir Oaxaca, agrupaci\u00f3n pol\u00edtica; IEEPCO decidir\u00e1 procedencia\" \/><\/a><\/p>\n<h2 class=\"posttitle \"><a title=\"Enlace Permanente a Benjam\u00edn Robles acompa\u00f1a registro de Unir Oaxaca, agrupaci\u00f3n pol\u00edtica; IEEPCO decidir\u00e1 procedencia\" href=\"http:\/\/www.eloriente.net\/home\/2015\/09\/10\/benjamin-robles-acompana-registro-de-unir-oaxaca-agrupacion-politica-ieepco-decidira-procedencia\/\" rel=\"bookmark\">Benjam\u00edn Robles acompa\u00f1a registro de Unir Oaxaca, agrupaci\u00f3n pol\u00edtica; IEEPCO decidir\u00e1 procedencia<\/a><\/h2>\n<\/div>\n<p>(www.eloriente.net, M\u00e9xico, a 10 de septiembre de 2015).- Para fortalecer los mecanismos que permitan a las ciudadanas y ciudadanos tener una participaci\u00f3n m\u00e1s activa y efectiva en los\u2026<\/p>\n<p class=\"postmeta\"><span class=\"meta_date\">septiembre 10, 2015<\/span><\/p>\n<\/div>\n\n\t\t\t  <div \n\t\t\t  \tclass = \"fb-comments\" \n\t\t\t  \tdata-href = \"http:\/\/www.eloriente.net\/home\/2015\/09\/12\/5-actividades-culturales-en-oaxaca-que-no-te-puedes-perder-12-17-de-septiembre\/\"\n\t\t\t  \tdata-numposts = \"10\"\n\t\t\t\tdata-colorscheme = \"dark\"\n\t\t\t\tdata-order-by = \"social\"\n\t\t\t\tdata-mobile=true>\n\t\t\t  <\/div>\n\t\t  <style>\n\t\t\t.fb_iframe_widget_fluid_desktop iframe {\n\t\t\t    width: 100% !important;\n\t\t\t}\n\t\t  <\/style>\n\t\t  ","protected":false},"excerpt":{"rendered":"<p>&nbsp; &nbsp; (www.eloriente.net, a 11 de septiembre de 2015, por Valery L\u00f3pez).- Estamos a a pocos d\u00edas de las fiestas patrias, pero no por ello las actividades culturales se detendr\u00e1n en Oaxaca. Por eso te presentamos cinco a las que no puedes faltar en estos d\u00edas. Antes, recuerda que un calendario cultural m\u00e1s amplio, puedes [&hellip;]<\/p>\n","protected":false},"author":44,"featured_media":39062,"comment_status":"open","ping_status":"open","sticky":false,"template":"","format":"standard","meta":{"_jetpack_memberships_contains_paid_content":false,"footnotes":""},"categories":[8,56,32,63,464],"tags":[4262,4263,1241,4265,297,4266,73,4264],"class_list":["post-39056","post","type-post","status-publish","format-standard","has-post-thumbnail","hentry","category-agenda","category-cine","category-entradas","category-estados","category-oaxaca-estados","tag-biblioteca-andres-henestrosa","tag-gypsy-project","tag-iago","tag-instituto-de-artes-graficas-de-oaxaca","tag-literatura","tag-museo-textil-de-oaxaca","tag-oaxaca","tag-sala-de-foto"],"jetpack_featured_media_url":"http:\/\/www.eloriente.net\/home\/wp-content\/uploads\/2015\/09\/Lienzo-para-estar-con-dios1.jpg","jetpack_sharing_enabled":true,"_links":{"self":[{"href":"http:\/\/www.eloriente.net\/home\/wp-json\/wp\/v2\/posts\/39056"}],"collection":[{"href":"http:\/\/www.eloriente.net\/home\/wp-json\/wp\/v2\/posts"}],"about":[{"href":"http:\/\/www.eloriente.net\/home\/wp-json\/wp\/v2\/types\/post"}],"author":[{"embeddable":true,"href":"http:\/\/www.eloriente.net\/home\/wp-json\/wp\/v2\/users\/44"}],"replies":[{"embeddable":true,"href":"http:\/\/www.eloriente.net\/home\/wp-json\/wp\/v2\/comments?post=39056"}],"version-history":[{"count":2,"href":"http:\/\/www.eloriente.net\/home\/wp-json\/wp\/v2\/posts\/39056\/revisions"}],"predecessor-version":[{"id":39072,"href":"http:\/\/www.eloriente.net\/home\/wp-json\/wp\/v2\/posts\/39056\/revisions\/39072"}],"wp:featuredmedia":[{"embeddable":true,"href":"http:\/\/www.eloriente.net\/home\/wp-json\/wp\/v2\/media\/39062"}],"wp:attachment":[{"href":"http:\/\/www.eloriente.net\/home\/wp-json\/wp\/v2\/media?parent=39056"}],"wp:term":[{"taxonomy":"category","embeddable":true,"href":"http:\/\/www.eloriente.net\/home\/wp-json\/wp\/v2\/categories?post=39056"},{"taxonomy":"post_tag","embeddable":true,"href":"http:\/\/www.eloriente.net\/home\/wp-json\/wp\/v2\/tags?post=39056"}],"curies":[{"name":"wp","href":"https:\/\/api.w.org\/{rel}","templated":true}]}}