{"id":39067,"date":"2015-09-12T01:00:40","date_gmt":"2015-09-12T07:00:40","guid":{"rendered":"http:\/\/www.eloriente.net\/home\/?p=39067"},"modified":"2015-09-12T10:49:20","modified_gmt":"2015-09-12T16:49:20","slug":"asi-fueron-las-ultimas-4-ceremonias-del-grito-de-independencia-en-oaxaca","status":"publish","type":"post","link":"http:\/\/www.eloriente.net\/home\/2015\/09\/12\/asi-fueron-las-ultimas-4-ceremonias-del-grito-de-independencia-en-oaxaca\/","title":{"rendered":"Los gritos de Gabino Cu\u00e9: en video \u00faltimas 4 ceremonias del Grito de Independencia en Oaxaca"},"content":{"rendered":"<p><script src=\"\/\/pagead2.googlesyndication.com\/pagead\/js\/adsbygoogle.js\" async=\"\"><\/script><!-- BANNER ELORIENTE INCRUSTADO NOTAS --> <ins class=\"adsbygoogle\" style=\"display: inline-block; width: 300px; height: 250px;\" data-ad-client=\"ca-pub-1136171134853753\" data-ad-slot=\"7974633627\"><\/ins><script>\/\/ <![CDATA[\n(adsbygoogle = window.adsbygoogle || []).push({});\n\/\/ ]]><\/script><\/p>\n<p>&nbsp;<\/p>\n<p>(www.eloriente.net, a 12 de septiembre de 2015, por Valery L\u00f3pez).- Nos encontramos a 3 d\u00edas de celebrar el aniversario 205 de la Independencia de M\u00e9xico. Como cada a\u00f1o, el presidente de la rep\u00fablica, los gobernadores y los presidentes municipales encabezar\u00e1n la ceremonia del grito de independencia.<\/p>\n<p>En Oaxaca, esta ser\u00e1 la pen\u00faltima ocasi\u00f3n que Gabino Cu\u00e9 Monteagudo realice dicho acto fungiendo como mandatario estatal, toda vez que el pr\u00f3ximo a\u00f1o se celebrar\u00e1n elecciones en el estado para elegir a su sucesor.<\/p>\n<p>A continuaci\u00f3n te presentamos las ceremonias que han sido encabezadas por el actual gobernador.<\/p>\n<p><strong>1.- Ceremonia del Grito de Independencia 2011<\/strong><\/p>\n<p>Cobr\u00f3 importancia por tratarse de la primera vez, despu\u00e9s de 82 a\u00f1os, que el acto era presidido por un gobernador ajeno al Partido Revolucionario Institucional.<\/p>\n<p><iframe loading=\"lazy\" src=\"https:\/\/www.youtube.com\/embed\/-z_0NFqOAq4\" width=\"560\" height=\"420\" frameborder=\"0\" allowfullscreen=\"allowfullscreen\"><\/iframe><\/p>\n<p><iframe loading=\"lazy\" src=\"https:\/\/www.youtube.com\/embed\/_7W3kU0LRKI\" width=\"560\" height=\"420\" frameborder=\"0\" allowfullscreen=\"allowfullscreen\"><\/iframe><\/p>\n<p><strong>2.- Ceremonia del Grito de Independencia 2012<\/strong><\/p>\n<p><iframe loading=\"lazy\" src=\"https:\/\/www.youtube.com\/embed\/OZ1Dsw6EqHs\" width=\"560\" height=\"420\" frameborder=\"0\" allowfullscreen=\"allowfullscreen\"><\/iframe><\/p>\n<p><iframe loading=\"lazy\" src=\"https:\/\/www.youtube.com\/embed\/YLvcy9TubP8\" width=\"560\" height=\"315\" frameborder=\"0\" allowfullscreen=\"allowfullscreen\"><\/iframe><\/p>\n<p><strong>3.-Ceremonia del Grito de Independencia 2013<\/strong><\/p>\n<p><iframe loading=\"lazy\" src=\"https:\/\/www.youtube.com\/embed\/GZjsMJ2-fFc\" width=\"560\" height=\"315\" frameborder=\"0\" allowfullscreen=\"allowfullscreen\"><\/iframe><\/p>\n<p><iframe loading=\"lazy\" src=\"https:\/\/www.youtube.com\/embed\/vcFbTeeY7qc\" width=\"560\" height=\"315\" frameborder=\"0\" allowfullscreen=\"allowfullscreen\"><\/iframe><\/p>\n<p><strong>4.-Ceremonia del Grito de Independencia 2014<\/strong><\/p>\n<p><iframe loading=\"lazy\" src=\"https:\/\/www.youtube.com\/embed\/RoT4cabFwK0\" width=\"560\" height=\"315\" frameborder=\"0\" allowfullscreen=\"allowfullscreen\"><\/iframe><\/p>\n<p><a href=\"http:\/\/www.eloriente.net\/home\/wp-content\/uploads\/2012\/09\/grito-de-independencia.jpg\"><img loading=\"lazy\" decoding=\"async\" class=\"alignnone size-medium wp-image-3061\" src=\"http:\/\/www.eloriente.net\/home\/wp-content\/uploads\/2012\/09\/grito-de-independencia-300x199.jpg\" alt=\"grito de independencia\" width=\"300\" height=\"199\" srcset=\"http:\/\/www.eloriente.net\/home\/wp-content\/uploads\/2012\/09\/grito-de-independencia-300x199.jpg 300w, http:\/\/www.eloriente.net\/home\/wp-content\/uploads\/2012\/09\/grito-de-independencia.jpg 520w\" sizes=\"(max-width: 300px) 100vw, 300px\" \/><\/a><\/p>\n<p><strong>OTRAS ENTRADAS<\/strong><\/p>\n<div class=\"featuredpost\">\n<div class=\"flow_hide\">\n<h2 class=\"posttitle bigposttitle\"><a title=\"Enlace Permanente a Diux quixhepe l\u00edi, V\u00edctor de la Cruz, por Samael Hern\u00e1ndez Ruiz\" href=\"http:\/\/www.eloriente.net\/home\/2015\/09\/11\/diux-quixhepe-lii-victor-de-la-cruz-por-samael-hernandez-ruiz-2\/\" rel=\"bookmark\">Diux quixhepe l\u00edi, V\u00edctor de la Cruz, por Samael Hern\u00e1ndez Ruiz<\/a><\/h2>\n<\/div>\n<p>www.eloriente.net 11 de septiembre de 2015 por\u00a0Samuel Hern\u00e1ndez Ruiz. El 9 de septiembre por la noche mi tel\u00e9fono no dejaba de sonar, varios amigos me daban\u2026<\/p>\n<p class=\"postmeta\"><span class=\"meta_date\">septiembre 11, 2015<\/span><\/p>\n<div class=\"toolbar-social\"><\/div>\n<\/div>\n<div class=\"featuredpost\">\n<div class=\"flow_hide\">\n<p><a href=\"http:\/\/www.eloriente.net\/home\/2015\/09\/11\/declinacion-de-competencia-caso-quiavicuzas-por-gerardo-martinez-ortega\/\" rel=\"bookmark\"><img decoding=\"async\" class=\"alignleft\" title=\"Declinaci\u00f3n de competencia: caso Quiavicuzas, por Gerardo Mart\u00ednez Ortega\" src=\"http:\/\/www.eloriente.net\/home\/wp-content\/themes\/city-desk\/timthumb.php?src=http%3A%2F%2Fwww.eloriente.net%2Fhome%2Fwp-content%2Fuploads%2F2015%2F09%2Fquivicuzas.jpg&amp;q=90&amp;w=70&amp;h=45&amp;zc=1\" alt=\"Declinaci\u00f3n de competencia: caso Quiavicuzas, por Gerardo Mart\u00ednez Ortega\" \/><\/a><\/p>\n<h2 class=\"posttitle \"><a title=\"Enlace Permanente a Declinaci\u00f3n de competencia: caso Quiavicuzas, por Gerardo Mart\u00ednez Ortega\" href=\"http:\/\/www.eloriente.net\/home\/2015\/09\/11\/declinacion-de-competencia-caso-quiavicuzas-por-gerardo-martinez-ortega\/\" rel=\"bookmark\">Declinaci\u00f3n de competencia: caso Quiavicuzas, por Gerardo Mart\u00ednez Ortega<\/a><\/h2>\n<\/div>\n<p>(www.eloriente.net, M\u00e9xico, 11 de septiembre de 2015, por Gerardo Mart\u00ednez Ortega*).- \u00a0El 26 de enero del a\u00f1o 2012, a un ind\u00edgena originario de la comunidad zapoteca\u00a0de Santiago Quiavicuzas,\u2026<\/p>\n<p class=\"postmeta\"><span class=\"meta_date\">septiembre 11, 2015<\/span><\/p>\n<div class=\"toolbar-social\"><\/div>\n<\/div>\n<div class=\"featuredpost\">\n<div class=\"flow_hide\">\n<p><a href=\"http:\/\/www.eloriente.net\/home\/2015\/09\/10\/fallece-victor-de-la-cruz-reacciona-con-tristeza-medio-cultural\/\" rel=\"bookmark\"><img decoding=\"async\" class=\"alignleft\" title=\"Fallece V\u00edctor de la Cruz; reacciona con tristeza medio cultural\" src=\"http:\/\/www.eloriente.net\/home\/wp-content\/themes\/city-desk\/timthumb.php?src=http%3A%2F%2Fwww.eloriente.net%2Fhome%2Fwp-content%2Fuploads%2F2012%2F08%2FVictor-de-la-Cruz-BLOG-GPE-LOAEZA-e1441984283650.jpg&amp;q=90&amp;w=70&amp;h=45&amp;zc=1\" alt=\"Fallece V\u00edctor de la Cruz; reacciona con tristeza medio cultural\" \/><\/a><\/p>\n<h2 class=\"posttitle \"><a title=\"Enlace Permanente a Fallece V\u00edctor de la Cruz; reacciona con tristeza medio cultural\" href=\"http:\/\/www.eloriente.net\/home\/2015\/09\/10\/fallece-victor-de-la-cruz-reacciona-con-tristeza-medio-cultural\/\" rel=\"bookmark\">Fallece V\u00edctor de la Cruz; reacciona con tristeza medio cultural<\/a><\/h2>\n<\/div>\n<p>(www.eloriente.net, M\u00e9xico, a 10 de septiembre de 2015, por Valery L\u00f3pez).- En luto se encuentra la comunidad cultural e intelectual de Oaxaca y M\u00e9xico, despu\u00e9s de darse\u2026<\/p>\n<p class=\"postmeta\"><span class=\"meta_date\">septiembre 10, 2015<\/span><\/p>\n<\/div>\n\n\t\t\t  <div \n\t\t\t  \tclass = \"fb-comments\" \n\t\t\t  \tdata-href = \"http:\/\/www.eloriente.net\/home\/2015\/09\/12\/asi-fueron-las-ultimas-4-ceremonias-del-grito-de-independencia-en-oaxaca\/\"\n\t\t\t  \tdata-numposts = \"10\"\n\t\t\t\tdata-colorscheme = \"dark\"\n\t\t\t\tdata-order-by = \"social\"\n\t\t\t\tdata-mobile=true>\n\t\t\t  <\/div>\n\t\t  <style>\n\t\t\t.fb_iframe_widget_fluid_desktop iframe {\n\t\t\t    width: 100% !important;\n\t\t\t}\n\t\t  <\/style>\n\t\t  ","protected":false},"excerpt":{"rendered":"<p>&nbsp; (www.eloriente.net, a 12 de septiembre de 2015, por Valery L\u00f3pez).- Nos encontramos a 3 d\u00edas de celebrar el aniversario 205 de la Independencia de M\u00e9xico. Como cada a\u00f1o, el presidente de la rep\u00fablica, los gobernadores y los presidentes municipales encabezar\u00e1n la ceremonia del grito de independencia. En Oaxaca, esta ser\u00e1 la pen\u00faltima ocasi\u00f3n que [&hellip;]<\/p>\n","protected":false},"author":44,"featured_media":39078,"comment_status":"open","ping_status":"open","sticky":false,"template":"","format":"standard","meta":{"_jetpack_memberships_contains_paid_content":false,"footnotes":""},"categories":[32,63,464,21,31],"tags":[4268,4269,77,4267],"class_list":["post-39067","post","type-post","status-publish","format-standard","has-post-thumbnail","hentry","category-entradas","category-estados","category-oaxaca-estados","category-politica-y-gobierno","category-principal","tag-15-de-septiembre","tag-ceremonia","tag-gabino-cue","tag-grito-de-independencia"],"jetpack_featured_media_url":"http:\/\/www.eloriente.net\/home\/wp-content\/uploads\/2015\/09\/Gabino-Cue-Grito.jpg","jetpack_sharing_enabled":true,"_links":{"self":[{"href":"http:\/\/www.eloriente.net\/home\/wp-json\/wp\/v2\/posts\/39067"}],"collection":[{"href":"http:\/\/www.eloriente.net\/home\/wp-json\/wp\/v2\/posts"}],"about":[{"href":"http:\/\/www.eloriente.net\/home\/wp-json\/wp\/v2\/types\/post"}],"author":[{"embeddable":true,"href":"http:\/\/www.eloriente.net\/home\/wp-json\/wp\/v2\/users\/44"}],"replies":[{"embeddable":true,"href":"http:\/\/www.eloriente.net\/home\/wp-json\/wp\/v2\/comments?post=39067"}],"version-history":[{"count":3,"href":"http:\/\/www.eloriente.net\/home\/wp-json\/wp\/v2\/posts\/39067\/revisions"}],"predecessor-version":[{"id":39076,"href":"http:\/\/www.eloriente.net\/home\/wp-json\/wp\/v2\/posts\/39067\/revisions\/39076"}],"wp:featuredmedia":[{"embeddable":true,"href":"http:\/\/www.eloriente.net\/home\/wp-json\/wp\/v2\/media\/39078"}],"wp:attachment":[{"href":"http:\/\/www.eloriente.net\/home\/wp-json\/wp\/v2\/media?parent=39067"}],"wp:term":[{"taxonomy":"category","embeddable":true,"href":"http:\/\/www.eloriente.net\/home\/wp-json\/wp\/v2\/categories?post=39067"},{"taxonomy":"post_tag","embeddable":true,"href":"http:\/\/www.eloriente.net\/home\/wp-json\/wp\/v2\/tags?post=39067"}],"curies":[{"name":"wp","href":"https:\/\/api.w.org\/{rel}","templated":true}]}}