{"id":39083,"date":"2015-09-12T11:19:19","date_gmt":"2015-09-12T17:19:19","guid":{"rendered":"http:\/\/www.eloriente.net\/home\/?p=39083"},"modified":"2015-09-12T13:49:17","modified_gmt":"2015-09-12T19:49:17","slug":"con-semana-academica-cultural-celebran-al-medico-veterinario-en-su-dia","status":"publish","type":"post","link":"http:\/\/www.eloriente.net\/home\/2015\/09\/12\/con-semana-academica-cultural-celebran-al-medico-veterinario-en-su-dia\/","title":{"rendered":"Anuncia Mart\u00ednez Helmes pr\u00f3ximo Posgrado en Veterinaria en Oaxaca"},"content":{"rendered":"<p><script src=\"\/\/pagead2.googlesyndication.com\/pagead\/js\/adsbygoogle.js\" async=\"\"><\/script><!-- BANNER ELORIENTE INCRUSTADO NOTAS --><ins class=\"adsbygoogle\" style=\"height: 250px; width: 300px; display: inline-block;\" data-ad-slot=\"7974633627\" data-ad-client=\"ca-pub-1136171134853753\"><\/ins><script>\/\/ <![CDATA[\n(adsbygoogle = window.adsbygoogle || []).push({});\n\/\/ ]]><\/script><\/p>\n<p>&nbsp;<\/p>\n<p>&nbsp;<\/p>\n<p>eloriente.net\/UABJO<\/p>\n<p>12 de septiembre de 2015<\/p>\n<p>El rector de la Universidad Aut\u00f3noma \u201cBenito Ju\u00e1rez\u201d de Oaxaca (UABJO) Eduardo\u00a0Mart\u00ednez Helmes, encabez\u00f3 la inauguraci\u00f3n de la 6\u00aa Semana Acad\u00e9mica-Cultural del D\u00eda\u00a0del M\u00e9dico Veterinario organizado por Escuela de Medicina Veterinaria y Zootecnia\u00a0(EMVZ).<\/p>\n<p>Durante su participaci\u00f3n, el titular de la EMVZ, Jorge Mor\u00edn Rubio expres\u00f3 que esta labor\u00a0implica servicio y un gran compromiso con la sociedad, ya que deben preservar y\u00a0mantener la salud integral, p\u00fablica y de los animales. El profesionista es destinado para la\u00a0producci\u00f3n de alimentos de origen animal as\u00ed como satisfacer la demanda de los insumos\u00a0para la soberan\u00eda de la sociedad.<\/p>\n<p>En su mensaje de bienvenida el titular de la M\u00e1xima Casa de Estudios en la entidad,\u00a0felicit\u00f3 a todos los estudiosos de la materia y dijo que esta actividad deber ser una buena\u00a0causa para recuperar el sentimiento de universitarios, ya que \u201cel universitario no solo\u00a0viene a la escuela a recibir informaci\u00f3n, el maestro a compartir sus conocimientos, sino\u00a0tambi\u00e9n los trabajadores de la administraci\u00f3n central nos preocupamos por la parte que\u00a0nos corresponde, tenemos sentimiento social, recibimos financiamiento p\u00fablico, por ello\u00a0el estudiante debe respaldar y corroborar los conocimientos adquiridos en el aula\u201d dijo\u00a0Mart\u00ednez Helmes.<\/p>\n<p>Enfatiz\u00f3 que no solo deben ser expertos en la materia sino actores de un cambio social,\u00a0tener la sensibilidad de ir a las comunidades y devolver sus conocimientos a la sociedad. El\u00a0funcionario adelant\u00f3 que ya se est\u00e1 concretando la creaci\u00f3n de un programa de Posgrado\u00a0y la habilitaci\u00f3n del rancho de pr\u00e1cticas u hospital para grandes especies cerca de los\u00a0Valles Centrales.<\/p>\n<p>En la actualidad el m\u00e9dico veterinario es una pieza clave en la salud p\u00fablica, la lucha\u00a0contra la zoonosis, la vigilancia de la calidad, la inocuidad de los alimentos, investigaci\u00f3n\u00a0biom\u00e9dica, protecci\u00f3n del medio ambiente y de la diversidad biol\u00f3gica. Durante la semana\u00a0acad\u00e9mica dirigida a catedr\u00e1ticos, alumnos, e interesados en la medicina veterinaria, se\u00a0llevaron a cabo exposiciones, conferencias, concursos, etc.<\/p>\n<p><a href=\"http:\/\/www.eloriente.net\/home\/wp-content\/uploads\/2015\/09\/6ta-Semana-Acac\u00e9mica-Cultural-UABJO.jpg\"><img loading=\"lazy\" decoding=\"async\" class=\"alignnone size-medium wp-image-39084\" src=\"http:\/\/www.eloriente.net\/home\/wp-content\/uploads\/2015\/09\/6ta-Semana-Acac\u00e9mica-Cultural-UABJO-300x207.jpg\" alt=\"6ta Semana Acac\u00e9mica-Cultural, UABJO\" width=\"300\" height=\"207\" srcset=\"http:\/\/www.eloriente.net\/home\/wp-content\/uploads\/2015\/09\/6ta-Semana-Acac\u00e9mica-Cultural-UABJO-300x207.jpg 300w, http:\/\/www.eloriente.net\/home\/wp-content\/uploads\/2015\/09\/6ta-Semana-Acac\u00e9mica-Cultural-UABJO-1024x707.jpg 1024w, http:\/\/www.eloriente.net\/home\/wp-content\/uploads\/2015\/09\/6ta-Semana-Acac\u00e9mica-Cultural-UABJO-900x621.jpg 900w\" sizes=\"(max-width: 300px) 100vw, 300px\" \/><\/a><\/p>\n<p>&nbsp;<\/p>\n<p><strong>OTRAS ENTRADAS<\/strong><\/p>\n<div class=\"featuredpost\">\n<div class=\"flow_hide\">\n<h2 class=\"posttitle bigposttitle\"><a title=\"Enlace Permanente a Diux quixhepe l\u00edi, V\u00edctor de la Cruz, por Samael Hern\u00e1ndez Ruiz\" href=\"http:\/\/www.eloriente.net\/home\/2015\/09\/11\/diux-quixhepe-lii-victor-de-la-cruz-por-samael-hernandez-ruiz-2\/\" rel=\"bookmark\">Diux quixhepe l\u00edi, V\u00edctor de la Cruz, por Samael Hern\u00e1ndez Ruiz<\/a><\/h2>\n<\/div>\n<p>www.eloriente.net 11 de septiembre de 2015 por\u00a0Samuel Hern\u00e1ndez Ruiz. El 9 de septiembre por la noche mi tel\u00e9fono no dejaba de sonar, varios amigos me daban\u2026<\/p>\n<p class=\"postmeta\"><span class=\"meta_date\">septiembre 11, 2015<\/span><\/p>\n<div class=\"toolbar-social\"><\/div>\n<\/div>\n<div class=\"featuredpost\">\n<div class=\"flow_hide\">\n<p><a href=\"http:\/\/www.eloriente.net\/home\/2015\/09\/11\/declinacion-de-competencia-caso-quiavicuzas-por-gerardo-martinez-ortega\/\" rel=\"bookmark\"><img decoding=\"async\" class=\"alignleft\" title=\"Declinaci\u00f3n de competencia: caso Quiavicuzas, por Gerardo Mart\u00ednez Ortega\" src=\"http:\/\/www.eloriente.net\/home\/wp-content\/themes\/city-desk\/timthumb.php?src=http%3A%2F%2Fwww.eloriente.net%2Fhome%2Fwp-content%2Fuploads%2F2015%2F09%2Fquivicuzas.jpg&amp;q=90&amp;w=70&amp;h=45&amp;zc=1\" alt=\"Declinaci\u00f3n de competencia: caso Quiavicuzas, por Gerardo Mart\u00ednez Ortega\" \/><\/a><\/p>\n<h2 class=\"posttitle \"><a title=\"Enlace Permanente a Declinaci\u00f3n de competencia: caso Quiavicuzas, por Gerardo Mart\u00ednez Ortega\" href=\"http:\/\/www.eloriente.net\/home\/2015\/09\/11\/declinacion-de-competencia-caso-quiavicuzas-por-gerardo-martinez-ortega\/\" rel=\"bookmark\">Declinaci\u00f3n de competencia: caso Quiavicuzas, por Gerardo Mart\u00ednez Ortega<\/a><\/h2>\n<\/div>\n<p>(www.eloriente.net, M\u00e9xico, 11 de septiembre de 2015, por Gerardo Mart\u00ednez Ortega*).- \u00a0El 26 de enero del a\u00f1o 2012, a un ind\u00edgena originario de la comunidad zapoteca\u00a0de Santiago Quiavicuzas,\u2026<\/p>\n<p class=\"postmeta\"><span class=\"meta_date\">septiembre 11, 2015<\/span><\/p>\n<div class=\"toolbar-social\"><\/div>\n<\/div>\n<div class=\"featuredpost\">\n<div class=\"flow_hide\">\n<p><a href=\"http:\/\/www.eloriente.net\/home\/2015\/09\/10\/fallece-victor-de-la-cruz-reacciona-con-tristeza-medio-cultural\/\" rel=\"bookmark\"><img decoding=\"async\" class=\"alignleft\" title=\"Fallece V\u00edctor de la Cruz; reacciona con tristeza medio cultural\" src=\"http:\/\/www.eloriente.net\/home\/wp-content\/themes\/city-desk\/timthumb.php?src=http%3A%2F%2Fwww.eloriente.net%2Fhome%2Fwp-content%2Fuploads%2F2012%2F08%2FVictor-de-la-Cruz-BLOG-GPE-LOAEZA-e1441984283650.jpg&amp;q=90&amp;w=70&amp;h=45&amp;zc=1\" alt=\"Fallece V\u00edctor de la Cruz; reacciona con tristeza medio cultural\" \/><\/a><\/p>\n<h2 class=\"posttitle \"><a title=\"Enlace Permanente a Fallece V\u00edctor de la Cruz; reacciona con tristeza medio cultural\" href=\"http:\/\/www.eloriente.net\/home\/2015\/09\/10\/fallece-victor-de-la-cruz-reacciona-con-tristeza-medio-cultural\/\" rel=\"bookmark\">Fallece V\u00edctor de la Cruz; reacciona con tristeza medio cultural<\/a><\/h2>\n<\/div>\n<p>(www.eloriente.net, M\u00e9xico, a 10 de septiembre de 2015, por Valery L\u00f3pez).- En luto se encuentra la comunidad cultural e intelectual de Oaxaca y M\u00e9xico, despu\u00e9s de darse\u2026<\/p>\n<p class=\"postmeta\"><span class=\"meta_date\">septiembre 10, 2015<\/span><\/p>\n<\/div>\n\n\t\t\t  <div \n\t\t\t  \tclass = \"fb-comments\" \n\t\t\t  \tdata-href = \"http:\/\/www.eloriente.net\/home\/2015\/09\/12\/con-semana-academica-cultural-celebran-al-medico-veterinario-en-su-dia\/\"\n\t\t\t  \tdata-numposts = \"10\"\n\t\t\t\tdata-colorscheme = \"dark\"\n\t\t\t\tdata-order-by = \"social\"\n\t\t\t\tdata-mobile=true>\n\t\t\t  <\/div>\n\t\t  <style>\n\t\t\t.fb_iframe_widget_fluid_desktop iframe {\n\t\t\t    width: 100% !important;\n\t\t\t}\n\t\t  <\/style>\n\t\t  ","protected":false},"excerpt":{"rendered":"<p>&nbsp; &nbsp; eloriente.net\/UABJO 12 de septiembre de 2015 El rector de la Universidad Aut\u00f3noma \u201cBenito Ju\u00e1rez\u201d de Oaxaca (UABJO) Eduardo\u00a0Mart\u00ednez Helmes, encabez\u00f3 la inauguraci\u00f3n de la 6\u00aa Semana Acad\u00e9mica-Cultural del D\u00eda\u00a0del M\u00e9dico Veterinario organizado por Escuela de Medicina Veterinaria y Zootecnia\u00a0(EMVZ). Durante su participaci\u00f3n, el titular de la EMVZ, Jorge Mor\u00edn Rubio expres\u00f3 que esta [&hellip;]<\/p>\n","protected":false},"author":44,"featured_media":39084,"comment_status":"open","ping_status":"open","sticky":false,"template":"","format":"standard","meta":{"_jetpack_memberships_contains_paid_content":false,"footnotes":""},"categories":[1588,18,32,63,464,30,84],"tags":[4195,3760,4273,4272,1532,182],"class_list":["post-39083","post","type-post","status-publish","format-standard","has-post-thumbnail","hentry","category-comunicados-y-boletines","category-educacion-y-cultura","category-entradas","category-estados","category-oaxaca-estados","category-salud","category-universidades","tag-comunicado","tag-eduardo-martinez-helmes","tag-emvz","tag-medico-veterinario","tag-semana-academica","tag-uabjo"],"jetpack_featured_media_url":"http:\/\/www.eloriente.net\/home\/wp-content\/uploads\/2015\/09\/6ta-Semana-Acac\u00e9mica-Cultural-UABJO.jpg","jetpack_sharing_enabled":true,"_links":{"self":[{"href":"http:\/\/www.eloriente.net\/home\/wp-json\/wp\/v2\/posts\/39083"}],"collection":[{"href":"http:\/\/www.eloriente.net\/home\/wp-json\/wp\/v2\/posts"}],"about":[{"href":"http:\/\/www.eloriente.net\/home\/wp-json\/wp\/v2\/types\/post"}],"author":[{"embeddable":true,"href":"http:\/\/www.eloriente.net\/home\/wp-json\/wp\/v2\/users\/44"}],"replies":[{"embeddable":true,"href":"http:\/\/www.eloriente.net\/home\/wp-json\/wp\/v2\/comments?post=39083"}],"version-history":[{"count":4,"href":"http:\/\/www.eloriente.net\/home\/wp-json\/wp\/v2\/posts\/39083\/revisions"}],"predecessor-version":[{"id":39091,"href":"http:\/\/www.eloriente.net\/home\/wp-json\/wp\/v2\/posts\/39083\/revisions\/39091"}],"wp:featuredmedia":[{"embeddable":true,"href":"http:\/\/www.eloriente.net\/home\/wp-json\/wp\/v2\/media\/39084"}],"wp:attachment":[{"href":"http:\/\/www.eloriente.net\/home\/wp-json\/wp\/v2\/media?parent=39083"}],"wp:term":[{"taxonomy":"category","embeddable":true,"href":"http:\/\/www.eloriente.net\/home\/wp-json\/wp\/v2\/categories?post=39083"},{"taxonomy":"post_tag","embeddable":true,"href":"http:\/\/www.eloriente.net\/home\/wp-json\/wp\/v2\/tags?post=39083"}],"curies":[{"name":"wp","href":"https:\/\/api.w.org\/{rel}","templated":true}]}}