{"id":39167,"date":"2015-09-17T11:09:11","date_gmt":"2015-09-17T17:09:11","guid":{"rendered":"http:\/\/www.eloriente.net\/home\/?p=39167"},"modified":"2015-09-17T11:20:56","modified_gmt":"2015-09-17T17:20:56","slug":"como-afecto-a-los-creadores-el-terremoto-del-85","status":"publish","type":"post","link":"http:\/\/www.eloriente.net\/home\/2015\/09\/17\/como-afecto-a-los-creadores-el-terremoto-del-85\/","title":{"rendered":"\u00bfC\u00f3mo afect\u00f3 a los creadores el terremoto del 85?"},"content":{"rendered":"<p><script src=\"\/\/pagead2.googlesyndication.com\/pagead\/js\/adsbygoogle.js\" async=\"\"><\/script><!-- BANNER ELORIENTE INCRUSTADO NOTAS --> <ins class=\"adsbygoogle\" style=\"display: inline-block; width: 300px; height: 250px;\" data-ad-client=\"ca-pub-1136171134853753\" data-ad-slot=\"7974633627\"><\/ins><script>\/\/ <![CDATA[\n(adsbygoogle = window.adsbygoogle || []).push({});\n\/\/ ]]><\/script><\/p>\n<p>&nbsp;<\/p>\n<p>eloriente.net\/<a href=\"http:\/\/agencian22.blogspot.mx\/\" target=\"_blank\">Agencia N22<\/a><\/p>\n<p>17 de septiembre de 2015<\/p>\n<p style=\"text-align: right;\">Por Irma Gallo<\/p>\n<p style=\"text-align: right;\"><a href=\"https:\/\/twitter.com\/irmagallo\" target=\"_blank\">@irmagallo<\/a><\/p>\n<p>Ah\u00ed reflexionaron ellos, pensaron que ten\u00edan que hacer una exposici\u00f3n sobre el sismo del 85, y despu\u00e9s a los seis meses invitaron a Ana Elena Mallet, que es una historiadora del arte, especialista en dise\u00f1o, para hacer la curadur\u00eda y despu\u00e9s, en los meses posteriores me invitan a m\u00ed, coment\u00f3 la curadora de la exposici\u00f3n, Lorena Botello.<\/p>\n<p>Inspirada en el libro Septiembre, zona de desastre, de Fabrizio Mej\u00eda Madrid y el caricaturista Jos\u00e9 Hern\u00e1ndez, la exposici\u00f3n Los d\u00edas del terremoto rinde tributo a la sociedad civil y a los artistas que el 19 de septiembre de 1985 manifestaron su solidaridad de todas las maneras posibles.<\/p>\n<p>Durante mucho tiempo se crey\u00f3 que el sismo no hab\u00eda impactado culturalmente a los artistas, sino que hab\u00eda muy poca producci\u00f3n pl\u00e1stica, etc\u00e9tera. Entonces nosotros haciendo toda la investigaci\u00f3n nos dimos cuenta que hab\u00eda bastante obra, sobre todo fotograf\u00eda, y en el arte, en el mundo del arte hab\u00eda muchas piezas, pues entonces la idea era que esta exposici\u00f3n reflexionara sobre el impacto cultural que tuvo el sismo del 85 en ese momento y hasta nuestros d\u00edas, agreg\u00f3.<\/p>\n<p><script src=\"\/\/pagead2.googlesyndication.com\/pagead\/js\/adsbygoogle.js\" async=\"\"><\/script><!-- BANNER PEQUE\u00d1O PARA ENTRENOTAS EL ORIENTE --> <ins class=\"adsbygoogle\" style=\"display: inline-block; width: 468px; height: 60px;\" data-ad-client=\"ca-pub-1136171134853753\" data-ad-slot=\"4953536424\"><\/ins><script>\/\/ <![CDATA[\n(adsbygoogle = window.adsbygoogle || []).push({});\n\/\/ ]]><\/script><\/p>\n<p>Algunos de los artistas cuya obra forma parte de Los d\u00edas del terremoto son Rogelio Naranjo, Pedro Valtierra, Vicente Rojo, Rafael Barajas \u00abEl Fisg\u00f3n\u00bb, M\u00f3nica Mayer y Carlos M\u00e9rida, entre otros, as\u00ed como fragmentos de pel\u00edculas de Alberto Isaac y Maricarmen de Lara.<\/p>\n<p>\u201cTenemos un documental que es un documento hist\u00f3rico muy importante que a m\u00ed me lo parece, de Maricarmen de Lara No les pedimos un viaje a la luna, donde se cuenta toda la historia de las costureras. Tambi\u00e9n tenemos un fragmento de Mariana, Mariana\u201d.<\/p>\n<p>La primera parte es la parte documental de esta muestra. Quisimos un poco abordar- contin\u00fao Botello-. Sabemos que la Ciudad de M\u00e9xico es una zona s\u00edsmica desde hace much\u00edsimo tiempo, entonces en la primera parte tenemos ah\u00ed un gui\u00f1o al sismo del 57, que tambi\u00e9n impact\u00f3 culturalmente a ciertos artistas y fot\u00f3grafos por supuesto, y por ejemplo tenemos las tres piezas del \u00e1ngel ca\u00eddo de Manuel \u00c1lvarez Bravo.<\/p>\n<p>Los d\u00edas del terremoto se podr\u00e1 visitar hasta el 12 de enero de 2016 en el Museo del Estanquillo.<\/p>\n<p><iframe loading=\"lazy\" src=\"https:\/\/www.youtube.com\/embed\/hamuVv2I-sg\" width=\"560\" height=\"315\" frameborder=\"0\" allowfullscreen=\"allowfullscreen\"><\/iframe><\/p>\n<p><a href=\"http:\/\/www.eloriente.net\/home\/wp-content\/uploads\/2015\/09\/Exposici\u00f3n-los-d\u00eda-del-temblor.jpg\"><img loading=\"lazy\" decoding=\"async\" class=\"alignnone size-medium wp-image-39168\" src=\"http:\/\/www.eloriente.net\/home\/wp-content\/uploads\/2015\/09\/Exposici\u00f3n-los-d\u00eda-del-temblor-300x199.jpg\" alt=\"Exposici\u00f3n los d\u00eda del temblor\" width=\"300\" height=\"199\" srcset=\"http:\/\/www.eloriente.net\/home\/wp-content\/uploads\/2015\/09\/Exposici\u00f3n-los-d\u00eda-del-temblor-300x199.jpg 300w, http:\/\/www.eloriente.net\/home\/wp-content\/uploads\/2015\/09\/Exposici\u00f3n-los-d\u00eda-del-temblor-1024x678.jpg 1024w, http:\/\/www.eloriente.net\/home\/wp-content\/uploads\/2015\/09\/Exposici\u00f3n-los-d\u00eda-del-temblor-900x596.jpg 900w\" sizes=\"(max-width: 300px) 100vw, 300px\" \/><\/a><\/p>\n<p><strong>OTRAS ENTRADAS<\/strong><\/p>\n<div class=\"featuredpost\">\n<div class=\"flow_hide\">\n<h2 class=\"posttitle bigposttitle\"><a title=\"Enlace Permanente a Nuevas formas de comunicaci\u00f3n no asaltan el poder, asaltan las mentes: Manuel Castells\" href=\"http:\/\/www.eloriente.net\/home\/2015\/09\/16\/nuevas-formas-de-comunicacion-no-asaltan-el-poder-asaltan-las-mentes-manuel-castells\/\" rel=\"bookmark\">Nuevas formas de comunicaci\u00f3n no asaltan el poder, asaltan las mentes: Manuel Castells<\/a><\/h2>\n<\/div>\n<p>eloriente.net\/FLACSO 16 de septiembre de 2015 Estamos frente a una forma de producci\u00f3n distinta, atada a muchas de las formas pol\u00edticas que nacieron en el per\u00edodo anterior:Vald\u00e9s Ugalde\u2026<\/p>\n<p class=\"postmeta\"><span class=\"meta_date\">septiembre 16, 2015<\/span><\/p>\n<div class=\"toolbar-social\"><\/div>\n<\/div>\n<div class=\"featuredpost\">\n<div class=\"flow_hide\">\n<p><a href=\"http:\/\/www.eloriente.net\/home\/2015\/09\/15\/15sep15-en-vivo-el-grito-de-la-independencia-de-mexico\/\" rel=\"bookmark\"><img decoding=\"async\" class=\"alignleft\" title=\"15\/Sep\/15: En Vivo el Grito de la Independencia de M\u00e9xico\" src=\"http:\/\/www.eloriente.net\/home\/wp-content\/themes\/city-desk\/timthumb.php?src=http%3A%2F%2Fwww.eloriente.net%2Fhome%2Fwp-content%2Fuploads%2F2015%2F09%2FGabino-Cue-Grito.jpg&amp;q=90&amp;w=70&amp;h=45&amp;zc=1\" alt=\"15\/Sep\/15: En Vivo el Grito de la Independencia de M\u00e9xico\" \/><\/a><\/p>\n<h2 class=\"posttitle \"><a title=\"Enlace Permanente a 15\/Sep\/15: En Vivo el Grito de la Independencia de M\u00e9xico\" href=\"http:\/\/www.eloriente.net\/home\/2015\/09\/15\/15sep15-en-vivo-el-grito-de-la-independencia-de-mexico\/\" rel=\"bookmark\">15\/Sep\/15: En Vivo el Grito de la Independencia de M\u00e9xico<\/a><\/h2>\n<\/div>\n<p>eloriente.net 15 de septiembre de 2015 Una de las principales tradiciones mexicanas es sin duda la celebraci\u00f3n de la noche del Grito de la Independencia Nacional. Por eso,\u2026<\/p>\n<p class=\"postmeta\"><span class=\"meta_date\">septiembre 15, 2015<\/span><\/p>\n<div class=\"toolbar-social\"><\/div>\n<\/div>\n<div class=\"featuredpost\">\n<div class=\"flow_hide\">\n<p><a href=\"http:\/\/www.eloriente.net\/home\/2015\/09\/14\/final-lmb-2015-por-jaime-palau\/\" rel=\"bookmark\"><img decoding=\"async\" class=\"alignleft\" title=\"Final LMB 2015, por Jaime Palau\" src=\"http:\/\/www.eloriente.net\/home\/wp-content\/themes\/city-desk\/timthumb.php?src=http%3A%2F%2Fwww.eloriente.net%2Fhome%2Fwp-content%2Fuploads%2F2014%2F10%2FCr%C3%B3nicas-Beisboleras.jpg&amp;q=90&amp;w=70&amp;h=45&amp;zc=1\" alt=\"Final LMB 2015, por Jaime Palau\" \/><\/a><\/p>\n<h2 class=\"posttitle \"><a title=\"Enlace Permanente a Final LMB 2015, por Jaime Palau\" href=\"http:\/\/www.eloriente.net\/home\/2015\/09\/14\/final-lmb-2015-por-jaime-palau\/\" rel=\"bookmark\">Final LMB 2015, por Jaime Palau<\/a><\/h2>\n<\/div>\n<p>(www.eloriente.net, M\u00e9xico, a 14 de septiembre de 2015, por Jaime Palau Ranz).- \u00a0Ya inici\u00f3 esta semana la gran final, la Serie del Rey, se enfrentan los\u2026<\/p>\n<p class=\"postmeta\"><span class=\"meta_date\">septiembre 14, 2015<\/span><\/p>\n<\/div>\n\n\t\t\t  <div \n\t\t\t  \tclass = \"fb-comments\" \n\t\t\t  \tdata-href = \"http:\/\/www.eloriente.net\/home\/2015\/09\/17\/como-afecto-a-los-creadores-el-terremoto-del-85\/\"\n\t\t\t  \tdata-numposts = \"10\"\n\t\t\t\tdata-colorscheme = \"dark\"\n\t\t\t\tdata-order-by = \"social\"\n\t\t\t\tdata-mobile=true>\n\t\t\t  <\/div>\n\t\t  <style>\n\t\t\t.fb_iframe_widget_fluid_desktop iframe {\n\t\t\t    width: 100% !important;\n\t\t\t}\n\t\t  <\/style>\n\t\t  ","protected":false},"excerpt":{"rendered":"<p>&nbsp; eloriente.net\/Agencia N22 17 de septiembre de 2015 Por Irma Gallo @irmagallo Ah\u00ed reflexionaron ellos, pensaron que ten\u00edan que hacer una exposici\u00f3n sobre el sismo del 85, y despu\u00e9s a los seis meses invitaron a Ana Elena Mallet, que es una historiadora del arte, especialista en dise\u00f1o, para hacer la curadur\u00eda y despu\u00e9s, en los [&hellip;]<\/p>\n","protected":false},"author":44,"featured_media":39168,"comment_status":"open","ping_status":"open","sticky":false,"template":"","format":"standard","meta":{"_jetpack_memberships_contains_paid_content":false,"footnotes":""},"categories":[18,32,10,24],"tags":[4305,4306,4304,240,123,141,4307,242,4303],"class_list":["post-39167","post","type-post","status-publish","format-standard","has-post-thumbnail","hentry","category-educacion-y-cultura","category-entradas","category-lo-mas-reciente","category-mexico-y-el-mundo","tag-4305","tag-agencia-n22","tag-artistica","tag-exposicion","tag-fotografia","tag-mexico","tag-museo-del-estanquillo","tag-pintura","tag-terremoto"],"jetpack_featured_media_url":"http:\/\/www.eloriente.net\/home\/wp-content\/uploads\/2015\/09\/Exposici\u00f3n-los-d\u00eda-del-temblor.jpg","jetpack_sharing_enabled":true,"_links":{"self":[{"href":"http:\/\/www.eloriente.net\/home\/wp-json\/wp\/v2\/posts\/39167"}],"collection":[{"href":"http:\/\/www.eloriente.net\/home\/wp-json\/wp\/v2\/posts"}],"about":[{"href":"http:\/\/www.eloriente.net\/home\/wp-json\/wp\/v2\/types\/post"}],"author":[{"embeddable":true,"href":"http:\/\/www.eloriente.net\/home\/wp-json\/wp\/v2\/users\/44"}],"replies":[{"embeddable":true,"href":"http:\/\/www.eloriente.net\/home\/wp-json\/wp\/v2\/comments?post=39167"}],"version-history":[{"count":3,"href":"http:\/\/www.eloriente.net\/home\/wp-json\/wp\/v2\/posts\/39167\/revisions"}],"predecessor-version":[{"id":39173,"href":"http:\/\/www.eloriente.net\/home\/wp-json\/wp\/v2\/posts\/39167\/revisions\/39173"}],"wp:featuredmedia":[{"embeddable":true,"href":"http:\/\/www.eloriente.net\/home\/wp-json\/wp\/v2\/media\/39168"}],"wp:attachment":[{"href":"http:\/\/www.eloriente.net\/home\/wp-json\/wp\/v2\/media?parent=39167"}],"wp:term":[{"taxonomy":"category","embeddable":true,"href":"http:\/\/www.eloriente.net\/home\/wp-json\/wp\/v2\/categories?post=39167"},{"taxonomy":"post_tag","embeddable":true,"href":"http:\/\/www.eloriente.net\/home\/wp-json\/wp\/v2\/tags?post=39167"}],"curies":[{"name":"wp","href":"https:\/\/api.w.org\/{rel}","templated":true}]}}