{"id":39202,"date":"2015-09-18T13:23:20","date_gmt":"2015-09-18T19:23:20","guid":{"rendered":"http:\/\/www.eloriente.net\/home\/?p=39202"},"modified":"2015-09-27T10:58:46","modified_gmt":"2015-09-27T16:58:46","slug":"5-actividades-culturales-en-oaxaca-que-no-te-puedes-perder-18-20-de-septiembre","status":"publish","type":"post","link":"http:\/\/www.eloriente.net\/home\/2015\/09\/18\/5-actividades-culturales-en-oaxaca-que-no-te-puedes-perder-18-20-de-septiembre\/","title":{"rendered":"5 actividades culturales en Oaxaca que no te puedes perder (18-20 de septiembre)"},"content":{"rendered":"<p><script src=\"\/\/pagead2.googlesyndication.com\/pagead\/js\/adsbygoogle.js\" async=\"\"><\/script><!-- BANNER ELORIENTE INCRUSTADO NOTAS --> <ins class=\"adsbygoogle\" style=\"display: inline-block; width: 300px; height: 250px;\" data-ad-client=\"ca-pub-1136171134853753\" data-ad-slot=\"7974633627\"><\/ins><script>\/\/ <![CDATA[\n(adsbygoogle = window.adsbygoogle || []).push({});\n\/\/ ]]><\/script><\/p>\n<p>(www.eloriente.net, M\u00e9xico, a 18 de septiembre de 2015, por Valery L\u00f3pez).- Como cada semana, en EL ORIENTE nos dimos a la tarea de buscar las actividades culturales que no puedes dejar pasar en el fin de semana. En esta ocasi\u00f3n tenemos todo tipo de eventos, desde convenciones hasta funciones de cine, todos ellos muy interesantes.<\/p>\n<p><strong>1.- <a href=\"https:\/\/www.facebook.com\/SalonDelMangaComicyAnimeOaxaca?fref=ts\" target=\"_blank\">Sal\u00f3n del Manga, C\u00f3mic y Anime de Oaxaca<\/a><\/strong><\/p>\n<p>Es la primera edici\u00f3n de este evento en la ciudad, y aunque se han realizado otros similares, el Sal\u00f3n del Manga es diferente por centrarse en el aprendizaje\u00a0del p\u00fablico, prueba de ello son los diferentes talleres y conferencias relacionados con el mundo del c\u00f3mic que se llevar\u00e1n a cabo durante los tres d\u00edas que dura el evento.<\/p>\n<p>Si te gustan los s\u00faper h\u00e9roes, el anime, la cultura japonesa, el c\u00f3mic, y el mundo de fantas\u00eda, entonces \u00e9ste evento es para ti.<\/p>\n<p>Se realizar\u00e1 los d\u00edas 18,19 y 20 de septiembre de 2015 en el Centro de Convenciones Monte Alb\u00e1n, en un horario de 11:00 a 19:00 hrs. El costo del boleto es de $50 pesos.<\/p>\n<p>La fanpage <a href=\"https:\/\/www.facebook.com\/todooaxacaradio?fref=ts\" target=\"_blank\">Todo Oaxaca<\/a> est\u00e1 obsequiando algunos pases para el Sal\u00f3n del Manga.<\/p>\n<p>&nbsp;<\/p>\n<p><a href=\"http:\/\/www.eloriente.net\/home\/wp-content\/uploads\/2015\/09\/salon-del-manga-banner-e1442602356629.jpg\"><img loading=\"lazy\" decoding=\"async\" class=\"alignnone size-full wp-image-39207\" src=\"http:\/\/www.eloriente.net\/home\/wp-content\/uploads\/2015\/09\/salon-del-manga-banner-e1442602356629.jpg\" alt=\"salon del manga banner\" width=\"560\" height=\"206\" \/><\/a><\/p>\n<p><strong>2.- Semana de Cine Mexicano: Caf\u00e9 de\u00a0Hatuey Viveros Lavielle<\/strong><\/p>\n<p>Como parte de la extensa cartelera de la Semana de Cine Mexicano que presenta OaxacaCine se proyectar\u00e1 la pel\u00edcula \u00abCaf\u00e9\u00bb del Director\u00a0Hatuey Viveros Lavielle. Esta funci\u00f3n es especial \u00a0pues contar\u00e1 con la presencia de los protagonistas de la cinta:\u00a0Jorge y Rosario Hern\u00e1ndez.<\/p>\n<p>La proyecci\u00f3n ser\u00e1 el viernes 18 de septiembre en punto de las 19:00 hrs. En el teatro Macedonio Alcal\u00e1. El costo del boleto es de $30.<\/p>\n<p><a href=\"http:\/\/www.eloriente.net\/home\/wp-content\/uploads\/2015\/09\/caf\u00e9-documental.jpg\"><img loading=\"lazy\" decoding=\"async\" class=\"alignnone size-full wp-image-39208\" src=\"http:\/\/www.eloriente.net\/home\/wp-content\/uploads\/2015\/09\/caf\u00e9-documental-e1442602432499.jpg\" alt=\"caf\u00e9 documental\" width=\"560\" height=\"830\" \/><\/a><\/p>\n<p><iframe loading=\"lazy\" src=\"https:\/\/www.youtube.com\/embed\/qGq5Qmx7QLQ\" width=\"560\" height=\"315\" frameborder=\"0\" allowfullscreen=\"allowfullscreen\"><\/iframe><\/p>\n<p><strong>3.- Presentaci\u00f3n del libro \u00abLa casa tambi\u00e9n tiene nombre\u00bb de\u00a0Helder Castellanos y Mar\u00eda Santib\u00e1\u00f1ez<\/strong><\/p>\n<p>El <a href=\"https:\/\/www.facebook.com\/IAGOmx?fref=ts\" target=\"_blank\">Instituto de Artes Gr\u00e1ficas de Oaxaca<\/a> invita a la presentaci\u00f3n del libro\u00a0\u00abLa casa tambi\u00e9n tiene nombre\u00bb, donde se contar\u00e1 con la presencia de\u00a0Oscar Hagerman, quien sirvi\u00f3 de inspiraci\u00f3n para crear a Jagerman, protagonista de este libro, tambi\u00e9n estar\u00e1n presentes\u00a0Helder Castellanos, autor del libro, y Mar\u00eda Santib\u00e1\u00f1ez quien se encarg\u00f3 de las ilustraciones del mismo.<\/p>\n<p>La presentaci\u00f3n ser\u00e1 el s\u00e1bado 19 de septiembre a las 12:00 hrs. En la cafeter\u00eda El Alacr\u00e1n, ubicada en Macedonio Alcal\u00e1 507.<\/p>\n<p><a href=\"http:\/\/www.eloriente.net\/home\/wp-content\/uploads\/2015\/09\/La-casa-tambi\u00e9n-tiene-nombre-e1442602077104.jpg\"><img loading=\"lazy\" decoding=\"async\" class=\"alignnone size-full wp-image-39206\" src=\"http:\/\/www.eloriente.net\/home\/wp-content\/uploads\/2015\/09\/La-casa-tambi\u00e9n-tiene-nombre-e1442602077104.jpg\" alt=\"La casa tambi\u00e9n tiene nombre\" width=\"560\" height=\"431\" \/><\/a><\/p>\n<p><script src=\"\/\/pagead2.googlesyndication.com\/pagead\/js\/adsbygoogle.js\" async=\"\"><\/script><!-- BANNER PEQUE\u00d1O PARA ENTRENOTAS EL ORIENTE --> <ins class=\"adsbygoogle\" style=\"display: inline-block; width: 468px; height: 60px;\" data-ad-client=\"ca-pub-1136171134853753\" data-ad-slot=\"4953536424\"><\/ins><script>\/\/ <![CDATA[\n(adsbygoogle = window.adsbygoogle || []).push({});\n\/\/ ]]><\/script><\/p>\n<p><strong>4.- Conferencia de\u00a0Lapiztola y Said Dokins<\/strong><\/p>\n<p>En el marco del Ciclo de Dise\u00f1o Latinoamericano, se presentan en el Instituto de Artes Gr\u00e1ficas de Oaxaca Lapiztola y Said Dokins, un colectivo (formado por Roberto Vega, Rosario Mart\u00ednez y Yankel Balderas) y un artista, ellos se apropian de las calles de diferentes ciudades alrededor del mundo. Hablar\u00e1n de la intervenci\u00f3n de espacios urbanos como un grito y un medio de protesta y di\u00e1logo con sus habitantes.<\/p>\n<p>La cita es el viernes 18 de septiembre a las 19:00 hrs en el IAGO.<\/p>\n<p><a href=\"http:\/\/www.eloriente.net\/home\/wp-content\/uploads\/2015\/09\/ciclo_diseno-e1441328963991.jpg\"><img loading=\"lazy\" decoding=\"async\" class=\"alignnone size-full wp-image-38870\" src=\"http:\/\/www.eloriente.net\/home\/wp-content\/uploads\/2015\/09\/ciclo_diseno-e1441328963991.jpg\" alt=\"ciclo_diseno\" width=\"560\" height=\"431\" \/><\/a><\/p>\n<p>&nbsp;<\/p>\n<p><strong>5.- Primer aniversario de Mano a Mano<\/strong><\/p>\n<p><a href=\"https:\/\/www.facebook.com\/manoa.mano.50\/timeline\" target=\"_blank\">Mano a Mano<\/a> es un espacio donde artistas gr\u00e1ficos, artesanos y dise\u00f1adores oaxaque\u00f1os pueden exponer y vender sus trabajos. En estas fechas cumplen un a\u00f1o de existencia y para celebrarlo han realizado diversas actividades, una de ellas es el taller \u00abPinta tu alebrije\u00bb en el cual se les ense\u00f1ar\u00e1 a los participantes a hacer uso del color y las texturas para decorar un alebrije.<\/p>\n<p>El taller ser\u00e1 el 20 de septiembre a las 12:00 hrs. En la Biblioteca P\u00fablica Central y no tiene costo.<\/p>\n<p><a href=\"http:\/\/www.eloriente.net\/home\/wp-content\/uploads\/2015\/09\/Taller-alebrijes-Mano-a-Mano-e1442602518597.jpg\"><img loading=\"lazy\" decoding=\"async\" class=\"alignnone size-full wp-image-39209\" src=\"http:\/\/www.eloriente.net\/home\/wp-content\/uploads\/2015\/09\/Taller-alebrijes-Mano-a-Mano-e1442602518597.jpg\" alt=\"Taller alebrijes, Mano a Mano\" width=\"560\" height=\"336\" \/><\/a><\/p>\n<p><strong>OTRAS ENTRADAS<\/strong><\/p>\n<div class=\"featuredpost\">\n<div class=\"flow_hide\">\n<h2 class=\"posttitle bigposttitle\"><a title=\"Enlace Permanente a Conoce a fondo el Paquete Econ\u00f3mico 2016\" href=\"http:\/\/www.eloriente.net\/home\/2015\/09\/18\/conoce-a-fondo-el-paquete-economico-2016\/\" rel=\"bookmark\">Conoce a fondo el Paquete Econ\u00f3mico 2016<\/a><\/h2>\n<\/div>\n<p>eloriente.net\/ciep 18 de septiembre de 2015 El Paquete Econ\u00f3mico 2016 hace un esfuerzo por reestructurar el gasto p\u00fablico, aunque dista de ser base cero, ya que propone modificar\u2026<\/p>\n<p class=\"postmeta\"><span class=\"meta_date\">septiembre 18, 2015<\/span><\/p>\n<div class=\"toolbar-social\"><\/div>\n<\/div>\n<div class=\"featuredpost\">\n<div class=\"flow_hide\">\n<p><a href=\"http:\/\/www.eloriente.net\/home\/2015\/09\/17\/el-uso-del-podcast-en-la-ensenanza-aprendizaje-de-idiomas-por-diego-gonzalez-algara\/\" rel=\"bookmark\"><img decoding=\"async\" class=\"alignleft\" title=\"El uso del Podcast en la ense\u00f1anza-aprendizaje de idiomas, por Diego Gonz\u00e1lez Algara\" src=\"http:\/\/www.eloriente.net\/home\/wp-content\/themes\/city-desk\/timthumb.php?src=http%3A%2F%2Fwww.eloriente.net%2Fhome%2Fwp-content%2Fuploads%2F2015%2F09%2Fpostcad-educativo.png&amp;q=90&amp;w=70&amp;h=45&amp;zc=1\" alt=\"El uso del Podcast en la ense\u00f1anza-aprendizaje de idiomas, por Diego Gonz\u00e1lez Algara\" \/><\/a><\/p>\n<h2 class=\"posttitle \"><a title=\"Enlace Permanente a El uso del Podcast en la ense\u00f1anza-aprendizaje de idiomas, por Diego Gonz\u00e1lez Algara\" href=\"http:\/\/www.eloriente.net\/home\/2015\/09\/17\/el-uso-del-podcast-en-la-ensenanza-aprendizaje-de-idiomas-por-diego-gonzalez-algara\/\" rel=\"bookmark\">El uso del Podcast en la ense\u00f1anza-aprendizaje de idiomas, por Diego Gonz\u00e1lez Algara<\/a><\/h2>\n<\/div>\n<p>(www.eloriente.net, M\u00e9xico, a 17 de septiembre de 2015, por Diego Gonz\u00e1lez Algara. @diegogalgara).-\u00a0Este art\u00edculo es el segundo, de un serie de cuatro, referentes a la ense\u00f1anza \u2013aprendizaje\u2026<\/p>\n<p class=\"postmeta\"><span class=\"meta_date\">septiembre 17, 2015<\/span><\/p>\n<div class=\"toolbar-social\"><\/div>\n<\/div>\n<div class=\"featuredpost\">\n<div class=\"flow_hide\">\n<p><a href=\"http:\/\/www.eloriente.net\/home\/2015\/09\/17\/conoce-las-7-producciones-mexicanas-que-compiten-en-el-raindance-film-festival\/\" rel=\"bookmark\"><img decoding=\"async\" class=\"alignleft\" title=\"Conoce las 7 producciones mexicanas que compiten en el Raindance Film Festival\" src=\"http:\/\/www.eloriente.net\/home\/wp-content\/themes\/city-desk\/timthumb.php?src=http%3A%2F%2Fwww.eloriente.net%2Fhome%2Fwp-content%2Fuploads%2F2015%2F09%2Fraindancefestival.jpg&amp;q=90&amp;w=70&amp;h=45&amp;zc=1\" alt=\"Conoce las 7 producciones mexicanas que compiten en el Raindance Film Festival\" \/><\/a><\/p>\n<h2 class=\"posttitle \"><a title=\"Enlace Permanente a Conoce las 7 producciones mexicanas que compiten en el Raindance Film Festival\" href=\"http:\/\/www.eloriente.net\/home\/2015\/09\/17\/conoce-las-7-producciones-mexicanas-que-compiten-en-el-raindance-film-festival\/\" rel=\"bookmark\">Conoce las 7 producciones mexicanas que compiten en el Raindance Film Festival<\/a><\/h2>\n<\/div>\n<p>eloriente.net\/Agencia N22 17 de septiembre de 2015 Por\u00a0Huemanzin Rodr\u00edguez A partir del 23 de septiembre y hasta el 4 de octubre, el Raindance Film Festival de Londres\u2026<\/p>\n<p class=\"postmeta\"><span class=\"meta_date\">septiembre 17, 2015<\/span><\/p>\n<\/div>\n\n\t\t\t  <div \n\t\t\t  \tclass = \"fb-comments\" \n\t\t\t  \tdata-href = \"http:\/\/www.eloriente.net\/home\/2015\/09\/18\/5-actividades-culturales-en-oaxaca-que-no-te-puedes-perder-18-20-de-septiembre\/\"\n\t\t\t  \tdata-numposts = \"10\"\n\t\t\t\tdata-colorscheme = \"dark\"\n\t\t\t\tdata-order-by = \"social\"\n\t\t\t\tdata-mobile=true>\n\t\t\t  <\/div>\n\t\t  <style>\n\t\t\t.fb_iframe_widget_fluid_desktop iframe {\n\t\t\t    width: 100% !important;\n\t\t\t}\n\t\t  <\/style>\n\t\t  ","protected":false},"excerpt":{"rendered":"<p>(www.eloriente.net, M\u00e9xico, a 18 de septiembre de 2015, por Valery L\u00f3pez).- Como cada semana, en EL ORIENTE nos dimos a la tarea de buscar las actividades culturales que no puedes dejar pasar en el fin de semana. En esta ocasi\u00f3n tenemos todo tipo de eventos, desde convenciones hasta funciones de cine, todos ellos muy interesantes. [&hellip;]<\/p>\n","protected":false},"author":44,"featured_media":39207,"comment_status":"open","ping_status":"open","sticky":false,"template":"","format":"standard","meta":{"_jetpack_memberships_contains_paid_content":false,"footnotes":""},"categories":[8,56,18,32,63,3153],"tags":[4318,4137,4328,4330,4332,1241,4331,4316,4326,2366,652,4329,4327],"class_list":["post-39202","post","type-post","status-publish","format-standard","has-post-thumbnail","hentry","category-agenda","category-cine","category-educacion-y-cultura","category-entradas","category-estados","category-letras-educacion-y-cultura","tag-anime","tag-cafe","tag-ciclo-de-diseno-latinoamericano","tag-comics","tag-hatuey-viveros-lavielle","tag-iago","tag-la-casa-tambien-tiene-nombre","tag-manga","tag-mano-a-mano","tag-oaxaca-cine","tag-presentacion","tag-salon-del-manga-comic-y-anime-de-oaxaca","tag-taller-pinta-tu-albirje"],"jetpack_featured_media_url":"http:\/\/www.eloriente.net\/home\/wp-content\/uploads\/2015\/09\/salon-del-manga-banner-e1442602356629.jpg","jetpack_sharing_enabled":true,"_links":{"self":[{"href":"http:\/\/www.eloriente.net\/home\/wp-json\/wp\/v2\/posts\/39202"}],"collection":[{"href":"http:\/\/www.eloriente.net\/home\/wp-json\/wp\/v2\/posts"}],"about":[{"href":"http:\/\/www.eloriente.net\/home\/wp-json\/wp\/v2\/types\/post"}],"author":[{"embeddable":true,"href":"http:\/\/www.eloriente.net\/home\/wp-json\/wp\/v2\/users\/44"}],"replies":[{"embeddable":true,"href":"http:\/\/www.eloriente.net\/home\/wp-json\/wp\/v2\/comments?post=39202"}],"version-history":[{"count":1,"href":"http:\/\/www.eloriente.net\/home\/wp-json\/wp\/v2\/posts\/39202\/revisions"}],"predecessor-version":[{"id":39210,"href":"http:\/\/www.eloriente.net\/home\/wp-json\/wp\/v2\/posts\/39202\/revisions\/39210"}],"wp:featuredmedia":[{"embeddable":true,"href":"http:\/\/www.eloriente.net\/home\/wp-json\/wp\/v2\/media\/39207"}],"wp:attachment":[{"href":"http:\/\/www.eloriente.net\/home\/wp-json\/wp\/v2\/media?parent=39202"}],"wp:term":[{"taxonomy":"category","embeddable":true,"href":"http:\/\/www.eloriente.net\/home\/wp-json\/wp\/v2\/categories?post=39202"},{"taxonomy":"post_tag","embeddable":true,"href":"http:\/\/www.eloriente.net\/home\/wp-json\/wp\/v2\/tags?post=39202"}],"curies":[{"name":"wp","href":"https:\/\/api.w.org\/{rel}","templated":true}]}}