{"id":39320,"date":"2015-09-25T21:56:00","date_gmt":"2015-09-26T03:56:00","guid":{"rendered":"http:\/\/www.eloriente.net\/home\/?p=39320"},"modified":"2015-09-25T21:59:08","modified_gmt":"2015-09-26T03:59:08","slug":"celebra-oaxaca-a-huatla-mazunte-mitla-y-teposcolula-nuevos-pueblos-magicos","status":"publish","type":"post","link":"http:\/\/www.eloriente.net\/home\/2015\/09\/25\/celebra-oaxaca-a-huatla-mazunte-mitla-y-teposcolula-nuevos-pueblos-magicos\/","title":{"rendered":"Celebra Oaxaca a Huatla, Mazunte, Mitla y Teposcolula, nuevos Pueblos M\u00e1gicos"},"content":{"rendered":"<p><script src=\"\/\/pagead2.googlesyndication.com\/pagead\/js\/adsbygoogle.js\" async=\"\"><\/script><!-- BANNER ELORIENTE INCRUSTADO NOTAS --> <ins class=\"adsbygoogle\" style=\"display: inline-block; width: 300px; height: 250px;\" data-ad-client=\"ca-pub-1136171134853753\" data-ad-slot=\"7974633627\"><\/ins><script>\/\/ <![CDATA[\n(adsbygoogle = window.adsbygoogle || []).push({});\n\/\/ ]]><\/script><br \/>\neloriente.net\/GobOax<\/p>\n<p>25 de septiembre de 2015<\/p>\n<p><strong>Puebla, Puebla.- <\/strong>Este viernes, la Secretar\u00eda de Turismo del Gobierno de la Rep\u00fablica otorg\u00f3 la denominaci\u00f3n de Pueblos M\u00e1gicos a cuatro comunidades oaxaque\u00f1as, cuyos reconocimientos fueron recibidos por el Gobernador Gabino Cu\u00e9 Monteagudo, quien asisti\u00f3 como invitado de honor a la inauguraci\u00f3n de la Segunda Feria Nacional de Pueblos M\u00e1gicos.<br \/>\n<span id=\"more-23149\"><\/span><br \/>\nEste encuentro, celebrado en el Centro Expositor y de Convenciones de la capital poblana, reuni\u00f3 a 83 localidades que integran el Comit\u00e9 de Pueblos M\u00e1gicos, donde el Gobernador oaxaque\u00f1o celebr\u00f3 el hecho de que la entidad cuente a partir de hoy con cinco Pueblos M\u00e1gicos m\u00e1s: Capul\u00e1lpam de M\u00e9ndez \u2013cuya distinci\u00f3n fue otorgada en 2008- as\u00ed como Huautla de Jim\u00e9nez, Mazunte, San Pablo Villa de Mitla, y San Pedro y San Pablo Teposcolula.<\/p>\n<p>Al recibir los cuatro distinciones, Cu\u00e9 Monteagudo se\u00f1al\u00f3 que el m\u00e9rito y el reconocimiento de este significativo logro corresponde a los habitantes y autoridades de las comunidades galardonadas quienes a lo largo de los \u00faltimos cuatro a\u00f1os han contado con el respaldo y acompa\u00f1amiento de la Secretar\u00eda de Turismo y Desarrollo Econ\u00f3mico, y desde luego \u2013dijo- de la Secretar\u00eda de Turismo del Gobierno de la Rep\u00fablica.<\/p>\n<p>&nbsp;<\/p>\n<p><script src=\"\/\/pagead2.googlesyndication.com\/pagead\/js\/adsbygoogle.js\" async=\"\"><\/script><!-- BANNER PEQUE\u00d1O PARA ENTRENOTAS EL ORIENTE --> <ins class=\"adsbygoogle\" style=\"display: inline-block; width: 468px; height: 60px;\" data-ad-client=\"ca-pub-1136171134853753\" data-ad-slot=\"4953536424\"><\/ins><script>\/\/ <![CDATA[\n(adsbygoogle = window.adsbygoogle || []).push({});\n\/\/ ]]><\/script><\/p>\n<p>Ante el titular de la SECTUR, Enrique de la Madrid Cordero, el gobernador oaxaque\u00f1o refiri\u00f3 que la entidad obtiene este importante logro por la fuerza de sus ra\u00edces y tradiciones, pero tambi\u00e9n por las condiciones de paz y concordia social que prevalece en la entidad oaxaque\u00f1a.<\/p>\n<p>Detall\u00f3 asimismo que la denominaci\u00f3n de Pueblos M\u00e1gicos, reconoce los atributos simb\u00f3licos leyendas, historia y magia que emana de cada una de las manifestaciones socio-culturales de cada comunidad.<\/p>\n<p>Al concluir el evento y luego de expresar su reconocimiento y felicitaci\u00f3n a los municipios de las otras 14 entidades que tambi\u00e9n fueron favorecidos con este nombramiento, el mandatario oaxaque\u00f1o refiri\u00f3 que estas acciones promueven la diversidad \u00e9tnica de Oaxaca, as\u00ed como la riqueza de los entornos naturales de los bosques, selvas y \u00e1reas protegidas, adem\u00e1s de su gastronom\u00eda, las expresiones danc\u00edsticas y producci\u00f3n artesanal de sus pueblos originarios.<\/p>\n<p>Entrevistado por representantes de los medios de comunicaci\u00f3n, el Gobernador Gabino Cu\u00e9 destac\u00f3 que la entidad cuenta con una diversa oferta tur\u00edstica, por lo que la designaci\u00f3n de estos Pueblos M\u00e1gicos tendr\u00e1 un impacto mayor en sus comunidades al aumentar la afluencia tur\u00edstica, ocupaci\u00f3n hotelera y derrama econ\u00f3mica en el estado.<\/p>\n<p>Asimismo, se\u00f1al\u00f3 que la denominaci\u00f3n deriva de la promoci\u00f3n que ha realizado el Gobierno de Oaxaca a trav\u00e9s de la Secretar\u00eda de Turismo y Desarrollo Econ\u00f3mico que encabeza Jos\u00e9 Zorrilla de San Mart\u00edn Diego, adem\u00e1s del apoyo recibido por el Gobierno del Presidente Enrique Pe\u00f1a Nieto a trav\u00e9s de la SECTUR.<\/p>\n<p>Durante su intervenci\u00f3n, Cu\u00e9 Monteagudo invit\u00f3 al turismo local, nacional e internacional a seguir disfrutando de los principales atractivos y destinos tur\u00edsticos de Oaxaca: Ciudad de Oaxaca de Ju\u00e1rez, Puerto Escondido, Bah\u00edas de Huatulco y sus nuevos productos tur\u00edsticos, as\u00ed como las Ruta del Mezcal y las Artesan\u00edas, y desde luego, de sus cinco Pueblos M\u00e1gicos.<\/p>\n<p>En esta II Feria Nacional de Pueblos M\u00e1gicos, el Gobernador Cu\u00e9 Monteagudo asegur\u00f3 que de acuerdo con los indicadores de la actividad tur\u00edstica en Oaxaca, durante 2015 se ha registrado una ocupaci\u00f3n de 46 por ciento en la ciudad de Oaxaca; 59 por ciento en Bah\u00edas de Huatulco y Puerto Escondido.<\/p>\n<p>Lo anterior, dijo, se debe a la nueva realidad oaxaque\u00f1a que ofrece las condiciones de seguridad y amplios atractivos tur\u00edsticos, para que las y los visitantes nacionales y extranjeros conozcan y disfruten el estado en un ambiente de tranquilidad.<\/p>\n<p>Manifest\u00f3 que el entorno de paz y concordia entre la poblaci\u00f3n ha permitido un flujo de inversi\u00f3n privada sin precedentes, de m\u00e1s de 57 mil millones de pesos, que ha hecho posible la apertura de nuevas cadenas y plazas comerciales, as\u00ed como miles de peque\u00f1os y medianos negocios en todo el territorio oaxaque\u00f1o para ofrecer mejores servicios.<\/p>\n<p>El mandatario mencion\u00f3 que en lo que va de su administraci\u00f3n se han invertido 4,320 millones de d\u00f3lares en el desarrollo de nuevos parques e\u00f3licos, lo que ha hecho posible que la entidad se coloque como el primer productor de energ\u00eda alternativa del pa\u00eds.<\/p>\n<p>En este contexto, detall\u00f3 que la construcci\u00f3n de las supercarreteras a la Costa y al Istmo de Tehuantepec, hoy son proyectos estrat\u00e9gicos que impactan de forma favorable en la comunicaci\u00f3n de nuestras comunidades.<\/p>\n<p><strong>Pueblos M\u00e1gicos, con est\u00e1ndares adecuados al desarrollo de las comunidades<\/strong><\/p>\n<p>Con motivo de la inauguraci\u00f3n de la Segunda Feria Nacional de Pueblos M\u00e1gicos, el Secretario de Turismo (SECTUR) a nivel Federal, Enrique de la Madrid Cordero, destac\u00f3 que los reconocimientos que se hicieron a los nuevos destinos con esta categor\u00eda se realizaron bajo estrictas condiciones luego de someterlas a un proceso de an\u00e1lisis y evaluaci\u00f3n.<\/p>\n<p>Asimismo, expres\u00f3 que este encuentro es un espacio de promoci\u00f3n y exposici\u00f3n para los municipios integrantes del Programa Federal, que propicia el intercambio de pr\u00e1cticas exitosas que les permite atraer a turistas nacionales y extranjeros gracias a su cultura, tradici\u00f3n, gastronom\u00eda, clima, entre otros atractivos.<\/p>\n<p>Dijo que convertirse en un Pueblo M\u00e1gico tambi\u00e9n significa adquirir un compromiso para que la comunidad cuente con est\u00e1ndares adecuados de desarrollo. Cabe mencionar que al encuentro asistieron representantes de los tres niveles de Gobierno y organismos p\u00fablicos, prestadores de servicios y operadores especializados, as\u00ed como el Fondo Nacional para el Fomento de las Artesan\u00edas (Fonart).<\/p>\n<p><strong>Informaci\u00f3n adicional:<\/strong><\/p>\n<p><strong>Huautla de Jim\u00e9nez<\/strong><br \/>\nEste municipio rural es la d\u00e9cima poblaci\u00f3n m\u00e1s grande del estado oaxaque\u00f1o, cuenta con diversos actores involucrados en el desarrollo tur\u00edstico, entre ellos Autoridades Municipales, Prestadores de Servicios, personas caracterizadas, cronistas, m\u00e9dicos tradicionales y Sociedad en general, que comparten la visi\u00f3n y el compromiso de reforzar los atractivos tur\u00edsticos del lugar.<\/p>\n<p><strong>Mazunte<\/strong><br \/>\nEsta localidad perteneciente a Santa Mar\u00eda Tonameca, en la regi\u00f3n de la Costa, cuenta con atractivos tur\u00edsticos como Punta Cometa o Cerro Sagrado, una de las monta\u00f1as m\u00e1s salientes de M\u00e9xico en el Pacifico Sur.<\/p>\n<p>Su localizaci\u00f3n permite apreciar asombrosos amaneceres y magn\u00edficas puestas de sol. Es un lugar importante para las migraciones de especies marinas y aves, destacando las migraciones de ballenas jorobadas en los meses de diciembre a marzo.<\/p>\n<p>Tambi\u00e9n posee el Centro Mexicano de la Tortuga, y la F\u00e1brica de Cosm\u00e9ticos Naturales. Asimismo, tiene playas como San Agustinillo que deleitan a las y los visitantes con sus atractivos. Destaca tambi\u00e9n por sus festivales como el Internacional de Jazz, Equinoccio de Primavera o el a\u00f1o Sol y la Muestra Internacional de Danza, entre otros.<\/p>\n<p><strong>San Pablo Villa de Mitla<\/strong><br \/>\nMunicipio perteneciente a la regi\u00f3n de los Valles Centrales, es la segunda zona arqueol\u00f3gica en importancia en la capital oaxaque\u00f1a. Cuenta con construcciones como: las Columnas, el Arroyo, el adobe y el mogote; algunos salones de estos grupos tienen piedras engarzadas que forman grecas. Ofrece majestuosos templos como el de San Pablo Ap\u00f3stol, El Calvario, Museo \u201cFrisell\u201d, y las F\u00e1bricas de Mezcal artesanal, entre otros productos tur\u00edsticos y gastron\u00f3micos.<\/p>\n<p><strong>San Pedro y San Pablo Teposcolula<\/strong><br \/>\nMunicipio de la regi\u00f3n Mixteca que ofrece entre sus atractivos tur\u00edsticos la Casa de la Cacica, palacio donde vivi\u00f3 la \u00faltima reina de la cultura Mixteca y que funcion\u00f3 como almac\u00e9n de pieles, plumas, diamantes, oro, seda y dem\u00e1s art\u00edculos de gran valor, tra\u00eddos de los sitios que conformaban el cacicazgo de Teposcolula.<\/p>\n<p>El Conjunto conventual del siglo XVI, el Templo de San Pedro y San Pablo, Ex convento dominico, la Zona de Monumentos Hist\u00f3ricos, tambi\u00e9n forman parte de estos monumentos hist\u00f3ricos.<\/p>\n<p>Asimismo posee atractivos naturales como los cerros que rodean a la poblaci\u00f3n: Pe\u00f1asco, los Tres Arbolitos, el Fort\u00edn, la Pe\u00f1a de Le\u00f3n y Buena Vista; en estos puntos se encuentran los ranchos de Do\u00f1a Chole, Del Pe\u00f1asco y El Molino, adem\u00e1s del Llano de la Cebada y la Laguna; los antiguos caminos a San Jos\u00e9 y San Felipe Ixtapa y los puentes del Yuinio y de la Pe\u00f1a de Le\u00f3n, con senderos interpretativos avalados por SEMARNATy el Fondo Mundial para la Naturaleza (WWF).<\/p>\n<p><strong>Puebla, Puebla., 25 de septiembre de 2015.<\/strong><\/p>\n<p>&nbsp;<\/p>\n<p><a href=\"http:\/\/www.eloriente.net\/home\/wp-content\/uploads\/2015\/09\/Gabino-cue-pueblos-magicos-sep2015.jpg\"><img loading=\"lazy\" decoding=\"async\" class=\"alignnone wp-image-39321\" src=\"http:\/\/www.eloriente.net\/home\/wp-content\/uploads\/2015\/09\/Gabino-cue-pueblos-magicos-sep2015-1024x681.jpg\" alt=\"Gabino cue pueblos magicos sep2015\" width=\"497\" height=\"331\" srcset=\"http:\/\/www.eloriente.net\/home\/wp-content\/uploads\/2015\/09\/Gabino-cue-pueblos-magicos-sep2015.jpg 1024w, http:\/\/www.eloriente.net\/home\/wp-content\/uploads\/2015\/09\/Gabino-cue-pueblos-magicos-sep2015-300x200.jpg 300w, http:\/\/www.eloriente.net\/home\/wp-content\/uploads\/2015\/09\/Gabino-cue-pueblos-magicos-sep2015-900x599.jpg 900w\" sizes=\"(max-width: 497px) 100vw, 497px\" \/><\/a><\/p>\n<p>Imagen: GobOax<\/p>\n<p><strong>OTRAS ENTRADAS:<\/strong><\/p>\n<div id=\"post-35122\" class=\"entry loop-default border_bottom_30 post-35122 post type-post status-publish format-standard has-post-thumbnail hentry category-comunicados-y-boletines category-entradas category-estados category-lo-mas-reciente category-merida category-mexico-y-el-mundo category-principal category-turismo-y-negocios tag-pueblos-magicos tag-sectur tag-turismo tag-unesco\">\n<h2 class=\"entry_title\"><a title=\"Enlace Permanente a Incentivos para Pueblos M\u00e1gicos y C\u00f3digo para Selva Maya, acuerdan UNESCO y Turismo\" href=\"http:\/\/www.eloriente.net\/home\/2015\/01\/30\/incentivos-para-pueblos-magicos-y-codigo-para-selva-maya-acuerdan-unesco-y-turismo\/\" rel=\"bookmark\">Incentivos para Pueblos M\u00e1gicos y C\u00f3digo para Selva Maya, acuerdan UNESCO y Turismo<\/a><\/h2>\n<p><a href=\"http:\/\/www.eloriente.net\/home\/2015\/01\/30\/incentivos-para-pueblos-magicos-y-codigo-para-selva-maya-acuerdan-unesco-y-turismo\/\" rel=\"bookmark\"><img decoding=\"async\" class=\"alignleft\" title=\"Incentivos para Pueblos M\u00e1gicos y C\u00f3digo para Selva Maya, acuerdan UNESCO y Turismo\" src=\"http:\/\/www.eloriente.net\/home\/wp-content\/themes\/city-desk\/timthumb.php?src=http%3A%2F%2Fwww.eloriente.net%2Fhome%2Fwp-content%2Fuploads%2F2015%2F01%2FSELVA-MAYA-cc-David-Leonardo-Me%CC%81ndez.jpg&amp;q=90&amp;w=160&amp;h=106&amp;zc=1\" alt=\"Incentivos para Pueblos M\u00e1gicos y C\u00f3digo para Selva Maya, acuerdan UNESCO y Turismo\" \/><\/a>eloriente.net\/UNESCOmx 30 de enero de 2015 El Acuerdo comprende la elaboraci\u00f3n de un C\u00f3digo \u00c9tico de Turismo para la Selva Maya y un Plan de Salvaguarda e Incentivos para el Patrimonio de los Pueblos M\u00e1gicos La Secretar\u00eda de Turismo (SECTUR) y la Oficina en M\u00e9xico de la Organizaci\u00f3n de las Naciones Unidas para la Educaci\u00f3n, [\u2026]<\/p>\n<p class=\"postmeta\"><span class=\"meta_date\">enero 30, 2015<\/span><span class=\"meta_comment\">Comentarios desactivados<span class=\"screen-reader-text\"> en Incentivos para Pueblos M\u00e1gicos y C\u00f3digo para Selva Maya, acuerdan UNESCO y Turismo<\/span><\/span><\/p>\n<\/div>\n<div id=\"post-32612\" class=\"entry loop-default border_bottom_30 post-32612 post type-post status-publish format-standard has-post-thumbnail hentry category-entradas category-estados category-jalisco-estados category-lo-mas-reciente category-municipios category-oaxaca-estados category-principal category-turismo-y-negocios tag-capulalpam tag-lineamientos-turismo tag-pueblos-magicos tag-sectur tag-turismo tag-turismo-cultural\">\n<h2 class=\"entry_title\"><a title=\"Enlace Permanente a Capul\u00e1lpam y otros Pueblos M\u00e1gicos deber\u00e1n acreditar permanencia\" href=\"http:\/\/www.eloriente.net\/home\/2014\/09\/26\/capulalpam-y-otros-pueblos-magicos-deberan-acreditar-permanencia\/\" rel=\"bookmark\">Capul\u00e1lpam y otros Pueblos M\u00e1gicos deber\u00e1n acreditar permanencia<\/a><\/h2>\n<p><a href=\"http:\/\/www.eloriente.net\/home\/2014\/09\/26\/capulalpam-y-otros-pueblos-magicos-deberan-acreditar-permanencia\/\" rel=\"bookmark\"><img decoding=\"async\" class=\"alignleft\" title=\"Capul\u00e1lpam y otros Pueblos M\u00e1gicos deber\u00e1n acreditar permanencia\" src=\"http:\/\/www.eloriente.net\/home\/wp-content\/themes\/city-desk\/timthumb.php?src=http%3A%2F%2Fwww.eloriente.net%2Fhome%2Fwp-content%2Fuploads%2F2014%2F09%2FCapul%C3%A1lpam.jpg&amp;q=90&amp;w=160&amp;h=106&amp;zc=1\" alt=\"Capul\u00e1lpam y otros Pueblos M\u00e1gicos deber\u00e1n acreditar permanencia\" \/><\/a>eloriente.net 26 de septiembre de 2014 Por: Fernando Ventura, Redacci\u00f3n-Turismo ELORIENTE.NET eloriente.net (Oaxaca, M\u00e9xico, a 26 de septiembre de 2014).- Los procesos de incorporaci\u00f3n y permanencia al programa Pueblos M\u00e1gicos cuentan desde esta fecha con nuevos lineamientos generales, seg\u00fan se ha publicado en el Diario Oficial de la Federaci\u00f3n en acuerdo de la Secretar\u00eda de [\u2026]<\/p>\n<p class=\"postmeta\"><span class=\"meta_date\">septiembre 26, 2014<\/span><span class=\"meta_comment\">Comentarios desactivados<span class=\"screen-reader-text\"> en Capul\u00e1lpam y otros Pueblos M\u00e1gicos deber\u00e1n acreditar permanencia<\/span><\/span><\/p>\n<\/div>\n<div id=\"post-14228\" class=\"entry loop-default border_bottom_30 post-14228 post type-post status-publish format-standard has-post-thumbnail hentry category-entradas category-especiales category-lo-mas-reciente category-tecnologia category-turismo-y-negocios\">\n<h2 class=\"entry_title\"><a title=\"Enlace Permanente a Descarga App de Pueblos M\u00e1gicos: Fotos, informaci\u00f3n y mapas a tu alcance\" href=\"http:\/\/www.eloriente.net\/home\/2013\/07\/06\/descarga-app-de-pueblos-magicos-fotos-informacion-y-mapas-a-tu-alcance\/\" rel=\"bookmark\">Descarga App de Pueblos M\u00e1gicos: Fotos, informaci\u00f3n y mapas a tu alcance<\/a><\/h2>\n<p><a href=\"http:\/\/www.eloriente.net\/home\/2013\/07\/06\/descarga-app-de-pueblos-magicos-fotos-informacion-y-mapas-a-tu-alcance\/\" rel=\"bookmark\"><img decoding=\"async\" class=\"alignleft\" title=\"Descarga App de Pueblos M\u00e1gicos: Fotos, informaci\u00f3n y mapas a tu alcance\" src=\"http:\/\/www.eloriente.net\/home\/wp-content\/themes\/city-desk\/timthumb.php?src=http%3A%2F%2Fwww.eloriente.net%2Fhome%2Fwp-content%2Fuploads%2F2013%2F07%2Faplicacion-pueblos-magicos-mexico-desconocido.jpg&amp;q=90&amp;w=160&amp;h=106&amp;zc=1\" alt=\"Descarga App de Pueblos M\u00e1gicos: Fotos, informaci\u00f3n y mapas a tu alcance\" \/><\/a>eloriente.net 6 de julio de 2013 eloriente.net (Oaxaca, Oax.) 6 de julio de 2013.- El portal M\u00e9xico desconocido, hace algunos meses puso a disposici\u00f3n de los viajeros la aplicaci\u00f3n \u201cPueblos M\u00e1gicos\u201d, la cual puede descargarse gratis en una tablet o smartphone y llevar as\u00ed informaci\u00f3n sobre 64 hermosos lugares de la Rep\u00fablica Mexicana que han [\u2026]<\/p>\n<p class=\"postmeta\"><span class=\"meta_date\">julio 6, 2013<\/span><\/p>\n<\/div>\n\n\t\t\t  <div \n\t\t\t  \tclass = \"fb-comments\" \n\t\t\t  \tdata-href = \"http:\/\/www.eloriente.net\/home\/2015\/09\/25\/celebra-oaxaca-a-huatla-mazunte-mitla-y-teposcolula-nuevos-pueblos-magicos\/\"\n\t\t\t  \tdata-numposts = \"10\"\n\t\t\t\tdata-colorscheme = \"dark\"\n\t\t\t\tdata-order-by = \"social\"\n\t\t\t\tdata-mobile=true>\n\t\t\t  <\/div>\n\t\t  <style>\n\t\t\t.fb_iframe_widget_fluid_desktop iframe {\n\t\t\t    width: 100% !important;\n\t\t\t}\n\t\t  <\/style>\n\t\t  ","protected":false},"excerpt":{"rendered":"<p>eloriente.net\/GobOax 25 de septiembre de 2015 Puebla, Puebla.- Este viernes, la Secretar\u00eda de Turismo del Gobierno de la Rep\u00fablica otorg\u00f3 la denominaci\u00f3n de Pueblos M\u00e1gicos a cuatro comunidades oaxaque\u00f1as, cuyos reconocimientos fueron recibidos por el Gobernador Gabino Cu\u00e9 Monteagudo, quien asisti\u00f3 como invitado de honor a la inauguraci\u00f3n de la Segunda Feria Nacional de Pueblos [&hellip;]<\/p>\n","protected":false},"author":1,"featured_media":39321,"comment_status":"open","ping_status":"open","sticky":false,"template":"","format":"standard","meta":{"_jetpack_memberships_contains_paid_content":false,"footnotes":""},"categories":[1588,32,13,63,24,23,31,19],"tags":[4393,4394,2729,4395,2644,4392,1682],"class_list":["post-39320","post","type-post","status-publish","format-standard","has-post-thumbnail","hentry","category-comunicados-y-boletines","category-entradas","category-especiales","category-estados","category-mexico-y-el-mundo","category-municipios","category-principal","category-turismo-y-negocios","tag-capulalpan","tag-huatla","tag-mazunte","tag-pluma-hidalgo","tag-pueblos-magicos","tag-turismo-mexico","tag-turismo-oaxaca"],"jetpack_featured_media_url":"http:\/\/www.eloriente.net\/home\/wp-content\/uploads\/2015\/09\/Gabino-cue-pueblos-magicos-sep2015.jpg","jetpack_sharing_enabled":true,"_links":{"self":[{"href":"http:\/\/www.eloriente.net\/home\/wp-json\/wp\/v2\/posts\/39320"}],"collection":[{"href":"http:\/\/www.eloriente.net\/home\/wp-json\/wp\/v2\/posts"}],"about":[{"href":"http:\/\/www.eloriente.net\/home\/wp-json\/wp\/v2\/types\/post"}],"author":[{"embeddable":true,"href":"http:\/\/www.eloriente.net\/home\/wp-json\/wp\/v2\/users\/1"}],"replies":[{"embeddable":true,"href":"http:\/\/www.eloriente.net\/home\/wp-json\/wp\/v2\/comments?post=39320"}],"version-history":[{"count":1,"href":"http:\/\/www.eloriente.net\/home\/wp-json\/wp\/v2\/posts\/39320\/revisions"}],"predecessor-version":[{"id":39322,"href":"http:\/\/www.eloriente.net\/home\/wp-json\/wp\/v2\/posts\/39320\/revisions\/39322"}],"wp:featuredmedia":[{"embeddable":true,"href":"http:\/\/www.eloriente.net\/home\/wp-json\/wp\/v2\/media\/39321"}],"wp:attachment":[{"href":"http:\/\/www.eloriente.net\/home\/wp-json\/wp\/v2\/media?parent=39320"}],"wp:term":[{"taxonomy":"category","embeddable":true,"href":"http:\/\/www.eloriente.net\/home\/wp-json\/wp\/v2\/categories?post=39320"},{"taxonomy":"post_tag","embeddable":true,"href":"http:\/\/www.eloriente.net\/home\/wp-json\/wp\/v2\/tags?post=39320"}],"curies":[{"name":"wp","href":"https:\/\/api.w.org\/{rel}","templated":true}]}}