{"id":39375,"date":"2015-09-28T12:52:10","date_gmt":"2015-09-28T18:52:10","guid":{"rendered":"http:\/\/www.eloriente.net\/home\/?p=39375"},"modified":"2015-09-28T16:48:19","modified_gmt":"2015-09-28T22:48:19","slug":"rinde-protesta-comite-de-barra-nacional-de-mujeres-profesionales-del-derecho","status":"publish","type":"post","link":"http:\/\/www.eloriente.net\/home\/2015\/09\/28\/rinde-protesta-comite-de-barra-nacional-de-mujeres-profesionales-del-derecho\/","title":{"rendered":"Buscar\u00e1n Mujeres Profesionales del Derecho convenios con Poder Judicial"},"content":{"rendered":"<p><script src=\"\/\/pagead2.googlesyndication.com\/pagead\/js\/adsbygoogle.js\" async=\"\"><\/script><!-- BANNER ELORIENTE INCRUSTADO NOTAS --> <ins class=\"adsbygoogle\" style=\"display: inline-block; width: 300px; height: 250px;\" data-ad-client=\"ca-pub-1136171134853753\" data-ad-slot=\"7974633627\"><\/ins><script>\/\/ <![CDATA[\n(adsbygoogle = window.adsbygoogle || []).push({});\n\/\/ ]]><\/script><\/p>\n<p>eloriente.net\/TSJ<\/p>\n<p>28 de septiembre de 2015<\/p>\n<p>El titular del Poder Judicial tom\u00f3 protesta al Comit\u00e9 Nacional Ejecutivo de la Barra\u00a0Nacional de Mujeres Profesionales del Derecho, A.C<\/p>\n<p>El titular del Poder Judicial de Oaxaca, magistrado Alfredo Rodrigo Lagunas Rivera\u00a0afirm\u00f3 que hoy los sistemas jur\u00eddicos, sus instituciones y pr\u00e1cticas han cambiado, por\u00a0ello las alianzas estrat\u00e9gicas entre gobierno y sociedad civil, son la clave para\u00a0empoderar a las y los ciudadanos en sus derechos humanos, desde la l\u00f3gica de las\u00a0competencias y atribuciones de cada autoridad.<\/p>\n<p>El presidente del Tribunal Superior de Justicia y del Consejo de la Judicatura, en\u00a0solemne ceremonia tom\u00f3 protesta al Comit\u00e9 Nacional Ejecutivo de la Barra Nacional\u00a0de Mujeres Profesionales del Derecho, A.C., as\u00ed como a sus coordinaciones\u00a0nacionales de academias de derecho y presidentas de sedes regionales en el estado,\u00a0cuya labor contribuir\u00e1 a la consolidaci\u00f3n de la cultura jur\u00eddica.<\/p>\n<p>En su mensaje ante la comunidad de abogadas, enfatiz\u00f3 que la reforma constitucional\u00a0en materia de derechos humanos de 2011, establece un nuevo paradigma que\u00a0demanda de instancias p\u00fablicas y sectores sociales, una refundaci\u00f3n en donde la\u00a0dignidad de las personas est\u00e9 protegida de arbitrariedades y proyectada a un estado\u00a0creciente de desarrollo y bienestar, por lo que resulta necesario continuar trabajando en\u00a0favor de los grupos vulnerables y con ello cerrar la brecha de desigualdades.<\/p>\n<p>En presencia del fiscal general, H\u00e9ctor Joaqu\u00edn Carrillo Ruiz y del consejero jur\u00eddico\u00a0del Gobierno de Oaxaca, V\u00edctor Hugo Alejo Torres, resalt\u00f3 que la Barra Nacional de\u00a0Mujeres Profesionales del Derecho, representa la expresi\u00f3n cristalina de empoderar a\u00a0las mujeres en sus derechos, e impulsar proyectos con perspectiva de g\u00e9nero,\u00a0paridad y equidad sustantiva.<\/p>\n<p><script src=\"\/\/pagead2.googlesyndication.com\/pagead\/js\/adsbygoogle.js\" async=\"\"><\/script><!-- BANNER PEQUE\u00d1O PARA ENTRENOTAS EL ORIENTE --> <ins class=\"adsbygoogle\" style=\"display: inline-block; width: 468px; height: 60px;\" data-ad-client=\"ca-pub-1136171134853753\" data-ad-slot=\"4953536424\"><\/ins><script>\/\/ <![CDATA[\n(adsbygoogle = window.adsbygoogle || []).push({});\n\/\/ ]]><\/script><\/p>\n<p>\u201cEn el Poder Judicial, encontrar\u00e1n las puertas abiertas para implementar un di\u00e1logo\u00a0acad\u00e9mico, as\u00ed como proyectos de intercambio institucional en defensa y promoci\u00f3n\u00a0de los derechos humanos; procesos de profesionalizaci\u00f3n y lo m\u00e1s significativo, una\u00a0permanente transparencia para coadyuvar en acciones comunes, tendientes a\u00a0mejorar las condiciones de acceso a la justicia, puntualiz\u00f3 el magistrado Lagunas\u00a0Rivera.<\/p>\n<p>En su intervenci\u00f3n, la presidenta de la Barra Nacional de Mujeres Profesionales del\u00a0Derecho, Edna Liliana S\u00e1nchez Cort\u00e9s detall\u00f3 que el principal objetivo de esta\u00a0asociaci\u00f3n es visualizar el trabajo de las abogadas en el \u00e1mbito de la administraci\u00f3n y\u00a0procuraci\u00f3n de justicia, as\u00ed como en la academia y en el ejercicio profesional.<\/p>\n<p>Luego de se\u00f1alar que \u201cla mujer tiene mucho que aportar al derecho\u201d, anunci\u00f3 que con\u00a0el fin de ampliar la participaci\u00f3n del sector femenino y reforzar su preparaci\u00f3n en el\u00a0tema del sistema de justicia penal acusatorio y oral, la agrupaci\u00f3n que encabeza\u00a0promover\u00e1 la firma de convenios de colaboraci\u00f3n con el Poder Judicial y la Fiscal\u00eda\u00a0General del Estado.<\/p>\n<p>La Barra Nacional de Mujeres Profesionales del Derecho, surgi\u00f3 en el a\u00f1o 2011 en el\u00a0estado de Oaxaca; actualmente la mayor\u00eda de las entidades federativas se han\u00a0sumado al proyecto y la integran 250 profesionistas con doctorado o maestr\u00eda, de las\u00a0cuales cien son originarias de la entidad.<\/p>\n<p>El actual Comit\u00e9 Nacional Ejecutivo est\u00e1 conformado Edna Liliana S\u00e1nchez Cort\u00e9s,\u00a0como presidenta; A\u00edda G\u00f3mez Pi\u00f1\u00f3n, en el cargo de secretaria general; Sandra\u00a0Gurrola Cruz, como secretaria t\u00e9cnica y Heidy S\u00e1nchez Fuentes, quien funge como\u00a0secretaria de finanzas.<\/p>\n<p>Al evento de toma de protesta asistieron tambi\u00e9n el s\u00edndico procurador del\u00a0Ayuntamiento de Oaxaca de Ju\u00e1rez, Rodrigo Gonz\u00e1lez llescas, en representaci\u00f3n del\u00a0presidente municipal de Oaxaca de Ju\u00e1rez, Javier Villaca\u00f1a Jim\u00e9nez; as\u00ed como el\u00a0presidente del Tribunal de lo Contencioso Administrativo, magistrado Hugo Villegas\u00a0Aquino y el cronista de la ciudad, Rub\u00e9n Vasconcelos Beltr\u00e1n.<\/p>\n<p><a href=\"http:\/\/www.eloriente.net\/home\/wp-content\/uploads\/2015\/09\/Intervenci\u00f3n-del-magistrado-Alfredo-Lagunas.jpg\"><img loading=\"lazy\" decoding=\"async\" class=\"alignnone size-medium wp-image-39376\" src=\"http:\/\/www.eloriente.net\/home\/wp-content\/uploads\/2015\/09\/Intervenci\u00f3n-del-magistrado-Alfredo-Lagunas-300x184.jpg\" alt=\"Intervenci\u00f3n del magistrado Alfredo Lagunas\" width=\"300\" height=\"184\" srcset=\"http:\/\/www.eloriente.net\/home\/wp-content\/uploads\/2015\/09\/Intervenci\u00f3n-del-magistrado-Alfredo-Lagunas-300x184.jpg 300w, http:\/\/www.eloriente.net\/home\/wp-content\/uploads\/2015\/09\/Intervenci\u00f3n-del-magistrado-Alfredo-Lagunas-1024x629.jpg 1024w, http:\/\/www.eloriente.net\/home\/wp-content\/uploads\/2015\/09\/Intervenci\u00f3n-del-magistrado-Alfredo-Lagunas-900x553.jpg 900w, http:\/\/www.eloriente.net\/home\/wp-content\/uploads\/2015\/09\/Intervenci\u00f3n-del-magistrado-Alfredo-Lagunas.jpg 1600w\" sizes=\"(max-width: 300px) 100vw, 300px\" \/><\/a><\/p>\n<p><strong>OTRAS ENTRADAS<\/strong><\/p>\n<div class=\"featuredpost\">\n<div class=\"flow_hide\">\n<h2 class=\"posttitle bigposttitle\"><a title=\"Enlace Permanente a El uso de los blogs en la ense\u00f1anza-aprendizaje de idiomas, por Diego Gonz\u00e1lez Algara\" href=\"http:\/\/www.eloriente.net\/home\/2015\/09\/28\/el-uso-de-los-blogs-en-la-ensenanza-aprendizaje-de-idiomas-por-diego-gonzalez-algara\/\" rel=\"bookmark\">El uso de los blogs en la ense\u00f1anza-aprendizaje de idiomas, por Diego Gonz\u00e1lez Algara<\/a><\/h2>\n<\/div>\n<p>(www.eloriente.net, M\u00e9xico, a 28 de septiembre de 2015, por Diego Gonz\u00e1lez Algara).-\u00a0Este es el tercer art\u00edculo de cuatro, dedicado a la ense\u00f1anza de idiomas asistidos por las\u00a0tecnolog\u00edas, en\u2026<\/p>\n<p class=\"postmeta\"><span class=\"meta_date\">septiembre 28, 2015<\/span><\/p>\n<div class=\"toolbar-social\"><\/div>\n<\/div>\n<div class=\"featuredpost\">\n<div class=\"flow_hide\">\n<p><a href=\"http:\/\/www.eloriente.net\/home\/2015\/09\/28\/consulta-aqui-fechas-de-comparecencias-ante-senado-tercer-informe-pena-nieto\/\" rel=\"bookmark\"><img decoding=\"async\" class=\"alignleft\" title=\"Consulta aqu\u00ed fechas de comparecencias ante Senado: Tercer Informe Pe\u00f1a Nieto\" src=\"http:\/\/www.eloriente.net\/home\/wp-content\/themes\/city-desk\/timthumb.php?src=http%3A%2F%2Fwww.eloriente.net%2Fhome%2Fwp-content%2Fuploads%2F2013%2F12%2Fsenado1.jpg&amp;q=90&amp;w=70&amp;h=45&amp;zc=1\" alt=\"Consulta aqu\u00ed fechas de comparecencias ante Senado: Tercer Informe Pe\u00f1a Nieto\" \/><\/a><\/p>\n<h2 class=\"posttitle \"><a title=\"Enlace Permanente a Consulta aqu\u00ed fechas de comparecencias ante Senado: Tercer Informe Pe\u00f1a Nieto\" href=\"http:\/\/www.eloriente.net\/home\/2015\/09\/28\/consulta-aqui-fechas-de-comparecencias-ante-senado-tercer-informe-pena-nieto\/\" rel=\"bookmark\">Consulta aqu\u00ed fechas de comparecencias ante Senado: Tercer Informe Pe\u00f1a Nieto<\/a><\/h2>\n<\/div>\n<p>(www.eloriente.net, M\u00e9xico, a 28 de septiembre de 2015, por Valery L\u00f3pez).- A partir del martes 29 de septiembre comenzar\u00e1n\u00a0en el Congreso de la Uni\u00f3n\u00a0las comparecencias de an\u00e1lisis\u2026<\/p>\n<p class=\"postmeta\"><span class=\"meta_date\">septiembre 28, 2015<\/span><\/p>\n<div class=\"toolbar-social\"><\/div>\n<\/div>\n<div class=\"featuredpost\">\n<div class=\"flow_hide\">\n<p><a href=\"http:\/\/www.eloriente.net\/home\/2015\/09\/28\/es-autentica-el-acta-de-independencia-del-imperio-mexicano\/\" rel=\"bookmark\"><img decoding=\"async\" class=\"alignleft\" title=\"\u00bfEs aut\u00e9ntica el Acta de Independencia del Imperio Mexicano?\" src=\"http:\/\/www.eloriente.net\/home\/wp-content\/themes\/city-desk\/timthumb.php?src=http%3A%2F%2Fwww.eloriente.net%2Fhome%2Fwp-content%2Fuploads%2F2015%2F09%2FActa-de-Independencia-del-Imperio-Mexicano-bicentenarios.es_.jpg&amp;q=90&amp;w=70&amp;h=45&amp;zc=1\" alt=\"\u00bfEs aut\u00e9ntica el Acta de Independencia del Imperio Mexicano?\" \/><\/a><\/p>\n<h2 class=\"posttitle \"><a title=\"Enlace Permanente a \u00bfEs aut\u00e9ntica el Acta de Independencia del Imperio Mexicano?\" href=\"http:\/\/www.eloriente.net\/home\/2015\/09\/28\/es-autentica-el-acta-de-independencia-del-imperio-mexicano\/\" rel=\"bookmark\">\u00bfEs aut\u00e9ntica el Acta de Independencia del Imperio Mexicano?<\/a><\/h2>\n<\/div>\n<p>(www.eloriente.net, M\u00e9xico, 28 de septiembre de 2015).- El Acta de Independencia del Imperio Mexicano hoy cumple a\u00f1os. En efecto, fue en 1821 cuando personajes como Agust\u00edn de Iturbide,\u2026<\/p>\n<p class=\"postmeta\"><span class=\"meta_date\">septiembre 28, 2015<\/span><\/p>\n<\/div>\n\n\t\t\t  <div \n\t\t\t  \tclass = \"fb-comments\" \n\t\t\t  \tdata-href = \"http:\/\/www.eloriente.net\/home\/2015\/09\/28\/rinde-protesta-comite-de-barra-nacional-de-mujeres-profesionales-del-derecho\/\"\n\t\t\t  \tdata-numposts = \"10\"\n\t\t\t\tdata-colorscheme = \"dark\"\n\t\t\t\tdata-order-by = \"social\"\n\t\t\t\tdata-mobile=true>\n\t\t\t  <\/div>\n\t\t  <style>\n\t\t\t.fb_iframe_widget_fluid_desktop iframe {\n\t\t\t    width: 100% !important;\n\t\t\t}\n\t\t  <\/style>\n\t\t  ","protected":false},"excerpt":{"rendered":"<p>eloriente.net\/TSJ 28 de septiembre de 2015 El titular del Poder Judicial tom\u00f3 protesta al Comit\u00e9 Nacional Ejecutivo de la Barra\u00a0Nacional de Mujeres Profesionales del Derecho, A.C El titular del Poder Judicial de Oaxaca, magistrado Alfredo Rodrigo Lagunas Rivera\u00a0afirm\u00f3 que hoy los sistemas jur\u00eddicos, sus instituciones y pr\u00e1cticas han cambiado, por\u00a0ello las alianzas estrat\u00e9gicas entre gobierno [&hellip;]<\/p>\n","protected":false},"author":44,"featured_media":39376,"comment_status":"open","ping_status":"open","sticky":false,"template":"","format":"standard","meta":{"_jetpack_memberships_contains_paid_content":false,"footnotes":""},"categories":[1588,91,22,32,63,464,21],"tags":[4427,4429,4430,4428,4195,102,189,582,225],"class_list":["post-39375","post","type-post","status-publish","format-standard","has-post-thumbnail","hentry","category-comunicados-y-boletines","category-congreso-y-justicia","category-derechos-humanos","category-entradas","category-estados","category-oaxaca-estados","category-politica-y-gobierno","tag-abogadas","tag-alfredo-rodrigo-lagunas","tag-barra-nacional-de-mujeres-profesionales-del-derecho","tag-boletin","tag-comunicado","tag-derecho","tag-mujeres","tag-profesionales","tag-tsj"],"jetpack_featured_media_url":"http:\/\/www.eloriente.net\/home\/wp-content\/uploads\/2015\/09\/Intervenci\u00f3n-del-magistrado-Alfredo-Lagunas.jpg","jetpack_sharing_enabled":true,"_links":{"self":[{"href":"http:\/\/www.eloriente.net\/home\/wp-json\/wp\/v2\/posts\/39375"}],"collection":[{"href":"http:\/\/www.eloriente.net\/home\/wp-json\/wp\/v2\/posts"}],"about":[{"href":"http:\/\/www.eloriente.net\/home\/wp-json\/wp\/v2\/types\/post"}],"author":[{"embeddable":true,"href":"http:\/\/www.eloriente.net\/home\/wp-json\/wp\/v2\/users\/44"}],"replies":[{"embeddable":true,"href":"http:\/\/www.eloriente.net\/home\/wp-json\/wp\/v2\/comments?post=39375"}],"version-history":[{"count":3,"href":"http:\/\/www.eloriente.net\/home\/wp-json\/wp\/v2\/posts\/39375\/revisions"}],"predecessor-version":[{"id":39399,"href":"http:\/\/www.eloriente.net\/home\/wp-json\/wp\/v2\/posts\/39375\/revisions\/39399"}],"wp:featuredmedia":[{"embeddable":true,"href":"http:\/\/www.eloriente.net\/home\/wp-json\/wp\/v2\/media\/39376"}],"wp:attachment":[{"href":"http:\/\/www.eloriente.net\/home\/wp-json\/wp\/v2\/media?parent=39375"}],"wp:term":[{"taxonomy":"category","embeddable":true,"href":"http:\/\/www.eloriente.net\/home\/wp-json\/wp\/v2\/categories?post=39375"},{"taxonomy":"post_tag","embeddable":true,"href":"http:\/\/www.eloriente.net\/home\/wp-json\/wp\/v2\/tags?post=39375"}],"curies":[{"name":"wp","href":"https:\/\/api.w.org\/{rel}","templated":true}]}}