{"id":39480,"date":"2015-10-01T14:10:41","date_gmt":"2015-10-01T20:10:41","guid":{"rendered":"http:\/\/www.eloriente.net\/home\/?p=39480"},"modified":"2015-10-01T15:38:02","modified_gmt":"2015-10-01T21:38:02","slug":"aumentan-el-numero-de-delitos-en-oaxaca-envipe-2015","status":"publish","type":"post","link":"http:\/\/www.eloriente.net\/home\/2015\/10\/01\/aumentan-el-numero-de-delitos-en-oaxaca-envipe-2015\/","title":{"rendered":"Aumenta el n\u00famero de delitos en Oaxaca; ENVIPE 2015"},"content":{"rendered":"<p><script src=\"\/\/pagead2.googlesyndication.com\/pagead\/js\/adsbygoogle.js\" async=\"\"><\/script><!-- BANNER ELORIENTE INCRUSTADO NOTAS --> <ins class=\"adsbygoogle\" style=\"display: inline-block; width: 300px; height: 250px;\" data-ad-client=\"ca-pub-1136171134853753\" data-ad-slot=\"7974633627\"><\/ins><script>\/\/ <![CDATA[\n(adsbygoogle = window.adsbygoogle || []).push({});\n\/\/ ]]><\/script><\/p>\n<p>(www.eloriente.net, M\u00e9xico a 01 de octubre de 2015, por Valery L\u00f3pez).- El Instituto Nacional de Estad\u00edstica y Geograf\u00eda, (INEGI) ha dado a conocer los resultados de la Encuesta Nacional de Victimizaci\u00f3n y Percepci\u00f3n sobre Seguridad P\u00fablica (ENVIPE) 2015, en la cual se presenta un aumento en el n\u00famero de las v\u00edctimas de delitos y p\u00e9rdida de confianza en instituciones como el Ej\u00e9rcito y la Marina.<\/p>\n<p>El prop\u00f3sito de esta encuesta es conocer informaci\u00f3n a nivel nacional y estatal sobre el fen\u00f3meno de la victimizaci\u00f3n delictiva as\u00ed como la percepci\u00f3n social respecto de la\u00a0seguridad p\u00fablica y el desempe\u00f1o de las autoridades en esa materia.<\/p>\n<p><strong>Principales resultados de la ENVIPE 2015<\/strong><\/p>\n<p>La <strong>ENVIPE<\/strong> estima <strong>22.8 millones<\/strong> de personas de 18 a\u00f1os o m\u00e1s que fueron <strong>v\u00edctimas de alg\u00fan delito<\/strong>, lo cual representa una tasa de <strong>28,200 v\u00edctimas<\/strong> por cada <strong>100,000 habitantes<\/strong> durante <strong>2014, <\/strong>cifra estad\u00edsticamente equivalente a la estimada para <strong>2013<\/strong>, a\u00f1o en el cual se estimaron <strong>22.5 millones<\/strong> de v\u00edctimas, lo cual represent\u00f3 una tasa de <strong>28,224<\/strong> por cada 100,000 habitantes.<\/p>\n<ul>\n<li>La tasa de <strong>incidencia delictiva<\/strong> por cada cien mil habitantes en <strong>2014<\/strong> fue de <strong>41,655<\/strong>, tambi\u00e9n\u00a0manteni\u00e9ndose en niveles similares a <strong>2013<\/strong> con una tasa de <strong>41,563<\/strong>.<\/li>\n<\/ul>\n<ul>\n<li>La <strong>extorsi\u00f3n<\/strong> sigue siendo el segundo delito m\u00e1s frecuente representando <strong>23.6%<\/strong> del total de\u00a0los delitos ocurridos durante <strong>2014<\/strong>, sin embargo, el pago de lo solicitado disminuy\u00f3 de <strong>6.4%<\/strong> en\u00a0<strong>2013<\/strong> a <strong>5.4%<\/strong> en <strong>2014.\u00a0<\/strong><\/li>\n<\/ul>\n<ul>\n<li>La <strong>cifra negra<\/strong>, es decir el nivel de delitos no denunciados o que no derivaron en averiguaci\u00f3n\u00a0previa fue de <strong>92.8%<\/strong> a nivel nacional durante<strong> 2014<\/strong> mientras que en <strong>2013<\/strong> fue de <strong>93.8 por ciento.<\/strong><\/li>\n<\/ul>\n<ul>\n<li>La <strong>ENVIPE 2015<\/strong> estima que los <strong>principales motivos<\/strong> que llevan a la poblaci\u00f3n v\u00edctima de un delito\u00a0a no denunciar son <strong>circunstancias atribuibles a la autoridad<\/strong>, como considerar la denuncia como\u00a0una p\u00e9rdida de tiempo con <strong>32.2%<\/strong> y la <strong>desconfianza en la autoridad<\/strong> con 1<strong>6.8 por ciento.<\/strong><\/li>\n<\/ul>\n<ul>\n<li>La <strong>percepci\u00f3n de inseguridad<\/strong> en las entidades federativas al momento del levantamiento de la\u00a0encuesta (marzo-abril 2015), lleg\u00f3 a<strong> 73.2%<\/strong> de la poblaci\u00f3n de 18 a\u00f1os y m\u00e1s, manteni\u00e9ndose\u00a0en niveles similares que en <strong>2014.<\/strong><\/li>\n<\/ul>\n<p><script src=\"\/\/pagead2.googlesyndication.com\/pagead\/js\/adsbygoogle.js\" async=\"\"><\/script><!-- BANNER PEQUE\u00d1O PARA ENTRENOTAS EL ORIENTE --> <ins class=\"adsbygoogle\" style=\"display: inline-block; width: 468px; height: 60px;\" data-ad-client=\"ca-pub-1136171134853753\" data-ad-slot=\"4953536424\"><\/ins><script>\/\/ <![CDATA[\n(adsbygoogle = window.adsbygoogle || []).push({});\n\/\/ ]]><\/script><\/p>\n<p>Estad\u00edsticamente hablando, la ENVIPE estima a nivel nacional que el <strong>58%<\/strong> de la poblaci\u00f3n de 18 a\u00f1os y m\u00e1s considera la <strong>Inseguridad y delincuencia<\/strong> como el problema m\u00e1s importante que aqueja hoy en d\u00eda en su entidad federativa, seguido del <strong>Desempleo<\/strong> con <strong>44.1%<\/strong> y el <strong>Aumento de Precios<\/strong> con <strong>33.2 por ciento.\u00a0<\/strong><\/p>\n<p>En cuanto a instituciones de seguridad el <strong>81.6%<\/strong> de la poblaci\u00f3n identifica a la <strong>Marina<\/strong> como la autoridad que mayor confianza le inspira con <strong>\u201cMucha o Alguna\u201d<\/strong>, seguido del <strong>Ej\u00e9rcito<\/strong> con <strong>77.6 por ciento<\/strong>.<\/p>\n<p>A continuaci\u00f3n los datos referentes a Oaxaca<\/p>\n<div id=\"vgdiv275\" style=\"margin: 0 auto; max-width: 820px; position: relative; padding-bottom: 100%; height: 0; overflow: hidden;\"><iframe loading=\"lazy\" id=\"vgframe275\" style=\"position: absolute; top: 0; left: 0; width: 100%; height: 100%; border: 0; overflow: hidden; max-width: 820px;\" src=\"https:\/\/infograph.venngage.com\/e3\/48464\/envipe-oaxaca-2015\" width=\"300\" height=\"150\"><\/iframe><\/div>\n<p style=\"text-align: center; font-size: 14px; padding-top: 4px;\"><a href=\"https:\/\/venngage.com\">Create free infographics<\/a> with <a href=\"https:\/\/venngage.com\">Venngage<\/a><\/p>\n<p><script>\/\/ <![CDATA[\n!function(){var t=document.getElementById(\"vgframe275\"),e=document.getElementById(\"vgdiv275\"),n=function(){t.contentWindow.postMessage(e.offsetWidth,\"*\"),e.style.paddingBottom=e.offsetWidth*1969\/820+\"px\"};window.addEventListener(\"resize\",n),window.addEventListener(\"load\",n)}();\n\/\/ ]]><\/script><\/p>\n<p><a href=\"http:\/\/www.eloriente.net\/home\/wp-content\/uploads\/2014\/06\/Polic\u00eda-Por-GobOax-e1424046323877.jpg\"><img loading=\"lazy\" decoding=\"async\" class=\"alignnone size-medium wp-image-28662\" src=\"http:\/\/www.eloriente.net\/home\/wp-content\/uploads\/2014\/06\/Polic\u00eda-Por-GobOax-e1424046323877-300x154.jpg\" alt=\"Polic\u00eda-Por GobOax\" width=\"300\" height=\"154\" srcset=\"http:\/\/www.eloriente.net\/home\/wp-content\/uploads\/2014\/06\/Polic\u00eda-Por-GobOax-e1424046323877-300x154.jpg 300w, http:\/\/www.eloriente.net\/home\/wp-content\/uploads\/2014\/06\/Polic\u00eda-Por-GobOax-e1424046323877-1024x526.jpg 1024w, http:\/\/www.eloriente.net\/home\/wp-content\/uploads\/2014\/06\/Polic\u00eda-Por-GobOax-e1424046323877.jpg 1588w\" sizes=\"(max-width: 300px) 100vw, 300px\" \/><\/a><\/p>\n<p><strong>OTRAS ENTRADAS<\/strong><\/p>\n<div class=\"featuredpost\">\n<div class=\"flow_hide\">\n<h2 class=\"posttitle bigposttitle\"><a title=\"Enlace Permanente a El Expreso del Terror: Una lucha de clases sobre ruedas, por Hugo Albert Rojano\" href=\"http:\/\/www.eloriente.net\/home\/2015\/10\/01\/el-expreso-del-terror-una-lucha-de-clases-sobre-ruedas-por-hugo-albert-rojano\/\" rel=\"bookmark\">El Expreso del Terror: Una lucha de clases sobre ruedas, por Hugo Albert Rojano<\/a><\/h2>\n<\/div>\n<p>(www.eloriente.net, M\u00e9xico, a 01 de octubre de 2015, por\u00a0Hugo Alberto Rojano P\u00e9rez).- El fin del mundo o los futuros apocal\u00edpticos han sido un tema recurrente en las\u00a0pel\u00edculas de\u2026<\/p>\n<p class=\"postmeta\"><span class=\"meta_date\">octubre 1, 2015<\/span><\/p>\n<div class=\"toolbar-social\"><\/div>\n<\/div>\n<div class=\"featuredpost\">\n<div class=\"flow_hide\">\n<p><a href=\"http:\/\/www.eloriente.net\/home\/2015\/09\/30\/festivales-culturales-en-mexico-a-disfrutar-en-2016-2\/\" rel=\"bookmark\"><img decoding=\"async\" class=\"alignleft\" title=\"Festivales culturales en M\u00e9xico a disfrutar en 2016\" src=\"http:\/\/www.eloriente.net\/home\/wp-content\/themes\/city-desk\/timthumb.php?src=http%3A%2F%2Fwww.eloriente.net%2Fhome%2Fwp-content%2Fuploads%2F2015%2F09%2F%40festival-cultura-maya.jpg&amp;q=90&amp;w=70&amp;h=45&amp;zc=1\" alt=\"Festivales culturales en M\u00e9xico a disfrutar en 2016\" \/><\/a><\/p>\n<h2 class=\"posttitle \"><a title=\"Enlace Permanente a Festivales culturales en M\u00e9xico a disfrutar en 2016\" href=\"http:\/\/www.eloriente.net\/home\/2015\/09\/30\/festivales-culturales-en-mexico-a-disfrutar-en-2016-2\/\" rel=\"bookmark\">Festivales culturales en M\u00e9xico a disfrutar en 2016<\/a><\/h2>\n<\/div>\n<p>(www.eloriente.net, M\u00e9xico, a 30 de septiembre de 2015, por Valery L\u00f3pez).- A lo largo y ancho de M\u00e9xico se desarrollan cada a\u00f1o una gran cantidad de festivales culturales\u2026<\/p>\n<p class=\"postmeta\"><span class=\"meta_date\">septiembre 30, 2015<\/span><\/p>\n<div class=\"toolbar-social\"><\/div>\n<\/div>\n<div class=\"featuredpost\">\n<div class=\"flow_hide\">\n<p><a href=\"http:\/\/www.eloriente.net\/home\/2015\/09\/29\/5-vacantes-para-contadores-martesdevacantes-2\/\" rel=\"bookmark\"><img decoding=\"async\" class=\"alignleft\" title=\"5 Vacantes para mujeres #MartesdeVacantes\" src=\"http:\/\/www.eloriente.net\/home\/wp-content\/themes\/city-desk\/timthumb.php?src=http%3A%2F%2Fwww.eloriente.net%2Fhome%2Fwp-content%2Fuploads%2F2014%2F05%2Fmartes-de-vacantes.jpg&amp;q=90&amp;w=70&amp;h=45&amp;zc=1\" alt=\"5 Vacantes para mujeres #MartesdeVacantes\" \/><\/a><\/p>\n<h2 class=\"posttitle \"><a title=\"Enlace Permanente a 5 Vacantes para mujeres #MartesdeVacantes\" href=\"http:\/\/www.eloriente.net\/home\/2015\/09\/29\/5-vacantes-para-contadores-martesdevacantes-2\/\" rel=\"bookmark\">5 Vacantes para mujeres #MartesdeVacantes<\/a><\/h2>\n<\/div>\n<p>(www.eloriente.net, M\u00e9xico, a 29 de septiembre de 2015, por Valery L\u00f3pez).-\u00a0Conscientes de la importancia para la ciudadan\u00eda en general de la b\u00fasqueda de nuevas oportunidades de crecimiento profesional,\u2026<\/p>\n<p class=\"postmeta\"><span class=\"meta_date\">septiembre 29, 2015<\/span><\/p>\n<\/div>\n\n\t\t\t  <div \n\t\t\t  \tclass = \"fb-comments\" \n\t\t\t  \tdata-href = \"http:\/\/www.eloriente.net\/home\/2015\/10\/01\/aumentan-el-numero-de-delitos-en-oaxaca-envipe-2015\/\"\n\t\t\t  \tdata-numposts = \"10\"\n\t\t\t\tdata-colorscheme = \"dark\"\n\t\t\t\tdata-order-by = \"social\"\n\t\t\t\tdata-mobile=true>\n\t\t\t  <\/div>\n\t\t  <style>\n\t\t\t.fb_iframe_widget_fluid_desktop iframe {\n\t\t\t    width: 100% !important;\n\t\t\t}\n\t\t  <\/style>\n\t\t  ","protected":false},"excerpt":{"rendered":"<p>(www.eloriente.net, M\u00e9xico a 01 de octubre de 2015, por Valery L\u00f3pez).- El Instituto Nacional de Estad\u00edstica y Geograf\u00eda, (INEGI) ha dado a conocer los resultados de la Encuesta Nacional de Victimizaci\u00f3n y Percepci\u00f3n sobre Seguridad P\u00fablica (ENVIPE) 2015, en la cual se presenta un aumento en el n\u00famero de las v\u00edctimas de delitos y p\u00e9rdida [&hellip;]<\/p>\n","protected":false},"author":44,"featured_media":28662,"comment_status":"open","ping_status":"open","sticky":false,"template":"","format":"standard","meta":{"_jetpack_memberships_contains_paid_content":false,"footnotes":""},"categories":[1547,32,63,35,24,464,31],"tags":[],"class_list":["post-39480","post","type-post","status-publish","format-standard","has-post-thumbnail","hentry","category-infografias","category-entradas","category-estados","category-secciones-oriente","category-mexico-y-el-mundo","category-oaxaca-estados","category-principal"],"jetpack_featured_media_url":"http:\/\/www.eloriente.net\/home\/wp-content\/uploads\/2014\/06\/Polic\u00eda-Por-GobOax-e1424046323877.jpg","jetpack_sharing_enabled":true,"_links":{"self":[{"href":"http:\/\/www.eloriente.net\/home\/wp-json\/wp\/v2\/posts\/39480"}],"collection":[{"href":"http:\/\/www.eloriente.net\/home\/wp-json\/wp\/v2\/posts"}],"about":[{"href":"http:\/\/www.eloriente.net\/home\/wp-json\/wp\/v2\/types\/post"}],"author":[{"embeddable":true,"href":"http:\/\/www.eloriente.net\/home\/wp-json\/wp\/v2\/users\/44"}],"replies":[{"embeddable":true,"href":"http:\/\/www.eloriente.net\/home\/wp-json\/wp\/v2\/comments?post=39480"}],"version-history":[{"count":6,"href":"http:\/\/www.eloriente.net\/home\/wp-json\/wp\/v2\/posts\/39480\/revisions"}],"predecessor-version":[{"id":39496,"href":"http:\/\/www.eloriente.net\/home\/wp-json\/wp\/v2\/posts\/39480\/revisions\/39496"}],"wp:featuredmedia":[{"embeddable":true,"href":"http:\/\/www.eloriente.net\/home\/wp-json\/wp\/v2\/media\/28662"}],"wp:attachment":[{"href":"http:\/\/www.eloriente.net\/home\/wp-json\/wp\/v2\/media?parent=39480"}],"wp:term":[{"taxonomy":"category","embeddable":true,"href":"http:\/\/www.eloriente.net\/home\/wp-json\/wp\/v2\/categories?post=39480"},{"taxonomy":"post_tag","embeddable":true,"href":"http:\/\/www.eloriente.net\/home\/wp-json\/wp\/v2\/tags?post=39480"}],"curies":[{"name":"wp","href":"https:\/\/api.w.org\/{rel}","templated":true}]}}