{"id":39482,"date":"2015-10-01T11:06:47","date_gmt":"2015-10-01T17:06:47","guid":{"rendered":"http:\/\/www.eloriente.net\/home\/?p=39482"},"modified":"2015-10-01T12:51:20","modified_gmt":"2015-10-01T18:51:20","slug":"el-expreso-del-terror-una-lucha-de-clases-sobre-ruedas-por-hugo-albert-rojano","status":"publish","type":"post","link":"http:\/\/www.eloriente.net\/home\/2015\/10\/01\/el-expreso-del-terror-una-lucha-de-clases-sobre-ruedas-por-hugo-albert-rojano\/","title":{"rendered":"El Expreso del Terror: Una  lucha de clases sobre ruedas, por Hugo Alberto Rojano"},"content":{"rendered":"<p><script src=\"\/\/pagead2.googlesyndication.com\/pagead\/js\/adsbygoogle.js\" async=\"\"><\/script><!-- BANNER ELORIENTE INCRUSTADO NOTAS --> <ins class=\"adsbygoogle\" style=\"display: inline-block; width: 300px; height: 250px;\" data-ad-client=\"ca-pub-1136171134853753\" data-ad-slot=\"7974633627\"><\/ins><script>\/\/ <![CDATA[\n(adsbygoogle = window.adsbygoogle || []).push({});\n\/\/ ]]><\/script><\/p>\n<p>(www.eloriente.net, M\u00e9xico, a 01 de octubre de 2015, por\u00a0Hugo Alberto Rojano P\u00e9rez).- El fin del mundo o los futuros apocal\u00edpticos han sido un tema recurrente en las\u00a0pel\u00edculas de la actualidad. Sin embargo, han sido pocos los t\u00edtulos que lo abordan\u00a0desde un punto de vista relacionado con el cambio clim\u00e1tico, y m\u00e1s\u00a0espec\u00edficamente, con una glaciaci\u00f3n. Es por ello que \u00abEl Expreso del Terror\u00bb (Snowpiercer) resulta una propuesta interesante para ampliar nuestra visi\u00f3n sobre\u00a0lo que podr\u00eda derivarse en una lucha por la supervivencia a causa de una\u00a0glaciaci\u00f3n de la cual todos buscan huir.<\/p>\n<p>\u00bfDe qu\u00e9 manera se podr\u00eda huir de una cat\u00e1strofe de esta naturaleza que se\u00a0apodere por completo del planeta? La respuesta es m\u00e1s sencilla de lo que parece:\u00a0a trav\u00e9s del movimiento. Y es que el viejo refr\u00e1n que nos dice \u201cdonde hay\u00a0movimiento hay vida\u201d, no pudo ser mejor representado que a trav\u00e9s de una\u00a0locomotora que se encuentra eternamente en marcha, dando una vuelta por todo\u00a0el mundo la cual le toma aproximadamente un a\u00f1o para realizar el recorrido.<\/p>\n<p>Dicha locomotora resguarda a\u00a0distintas clases sociales que, independientemente de su origen \u00e9tnico, se dividen\u00a0de acuerdo con el vag\u00f3n en el que habitan (mientras m\u00e1s adelante se encuentren,\u00a0mayor poder y privilegios tendr\u00e1n). No es cuesti\u00f3n de dinero o raza, sino\u00a0de condici\u00f3n.<\/p>\n<p><iframe loading=\"lazy\" src=\"https:\/\/www.youtube.com\/embed\/o6RCdVZOgXY\" width=\"560\" height=\"315\" frameborder=\"0\" allowfullscreen=\"allowfullscreen\"><\/iframe><\/p>\n<p>La paciencia tiene limites, y como en la historia de toda comunidad social\u00a0independiente, llega un momento en el que las clases m\u00e1s bajas se cansan de la\u00a0falta de equidad, la opresi\u00f3n y los maltratos de los que son v\u00edctimas d\u00eda con d\u00eda.<\/p>\n<p>La \u00fanica forma de erradicar estos males ser\u00e1 confrontando directamente al poder,\u00a0cuestionando los aspectos de la realidad en la que viven y c\u00f3mo podr\u00edan ser\u00a0mejorados, dispuestos a luchar sin importar cuan sanguinario pueda llegar a ser el\u00a0proceso.<\/p>\n<p><script src=\"\/\/pagead2.googlesyndication.com\/pagead\/js\/adsbygoogle.js\" async=\"\"><\/script><!-- BANNER PEQUE\u00d1O PARA ENTRENOTAS EL ORIENTE --> <ins class=\"adsbygoogle\" style=\"display: inline-block; width: 468px; height: 60px;\" data-ad-client=\"ca-pub-1136171134853753\" data-ad-slot=\"4953536424\"><\/ins><script>\/\/ <![CDATA[\n(adsbygoogle = window.adsbygoogle || []).push({});\n\/\/ ]]><\/script><br \/>\nEl \u00abExpreso del Terror\u00bb (Snowpiercer), una pel\u00edcula del 2013, ser\u00e1 estrenada este 1\u00a0de octubre en nuestro pa\u00eds, noticia que ha conmocionado incluso a quienes ya han\u00a0tenido la oportunidad de verla, al tratarse de un filme \u00e9pico que ha sido capaz de\u00a0fusionar la acci\u00f3n con el trasfondo humano, digna de apreciarse en la pantalla\u00a0grande.<\/p>\n<p>Hugo Alberto Rojano P\u00e9rez es estudiante en la Facultad de Ciencias Pol\u00edticas y Sociales de la UNAM y <a href=\"https:\/\/www.youtube.com\/channel\/UCR6S-fXfX07uLTI-iTJ242Q\" target=\"_blank\">videoblogger\u00a0<\/a><\/p>\n<p><a href=\"https:\/\/twitter.com\/HewHewson\" target=\"_blank\">@HewHewson<\/a><\/p>\n<p><a href=\"http:\/\/www.eloriente.net\/home\/wp-content\/uploads\/2015\/10\/snow-piercer12.jpg\"><img loading=\"lazy\" decoding=\"async\" class=\"alignnone size-medium wp-image-39483\" src=\"http:\/\/www.eloriente.net\/home\/wp-content\/uploads\/2015\/10\/snow-piercer12-300x169.jpg\" alt=\"snow-piercer12\" width=\"300\" height=\"169\" srcset=\"http:\/\/www.eloriente.net\/home\/wp-content\/uploads\/2015\/10\/snow-piercer12-300x169.jpg 300w, http:\/\/www.eloriente.net\/home\/wp-content\/uploads\/2015\/10\/snow-piercer12-1024x576.jpg 1024w, http:\/\/www.eloriente.net\/home\/wp-content\/uploads\/2015\/10\/snow-piercer12-900x506.jpg 900w, http:\/\/www.eloriente.net\/home\/wp-content\/uploads\/2015\/10\/snow-piercer12.jpg 1920w\" sizes=\"(max-width: 300px) 100vw, 300px\" \/><\/a><\/p>\n<p><strong>OTRAS ENTRADAS<\/strong><\/p>\n<div class=\"featuredpost\">\n<div class=\"flow_hide\">\n<h2 class=\"posttitle bigposttitle\"><a title=\"Enlace Permanente a Festivales culturales en M\u00e9xico a disfrutar en 2016\" href=\"http:\/\/www.eloriente.net\/home\/2015\/09\/30\/festivales-culturales-en-mexico-a-disfrutar-en-2016-2\/\" rel=\"bookmark\">Festivales culturales en M\u00e9xico a disfrutar en 2016<\/a><\/h2>\n<\/div>\n<p>(www.eloriente.net, M\u00e9xico, a 30 de septiembre de 2015, por Valery L\u00f3pez).- A lo largo y ancho de M\u00e9xico se desarrollan cada a\u00f1o una gran cantidad de festivales culturales\u2026<\/p>\n<p class=\"postmeta\"><span class=\"meta_date\">septiembre 30, 2015<\/span><\/p>\n<div class=\"toolbar-social\"><\/div>\n<\/div>\n<div class=\"featuredpost\">\n<div class=\"flow_hide\"><a href=\"http:\/\/www.eloriente.net\/home\/2015\/09\/29\/5-vacantes-para-contadores-martesdevacantes-2\/\" rel=\"bookmark\"><img decoding=\"async\" class=\"alignleft\" title=\"5 Vacantes para mujeres #MartesdeVacantes\" src=\"http:\/\/www.eloriente.net\/home\/wp-content\/themes\/city-desk\/timthumb.php?src=http%3A%2F%2Fwww.eloriente.net%2Fhome%2Fwp-content%2Fuploads%2F2014%2F05%2Fmartes-de-vacantes.jpg&amp;q=90&amp;w=70&amp;h=45&amp;zc=1\" alt=\"5 Vacantes para mujeres #MartesdeVacantes\" \/><\/a><\/p>\n<h2 class=\"posttitle \"><a title=\"Enlace Permanente a 5 Vacantes para mujeres #MartesdeVacantes\" href=\"http:\/\/www.eloriente.net\/home\/2015\/09\/29\/5-vacantes-para-contadores-martesdevacantes-2\/\" rel=\"bookmark\">5 Vacantes para mujeres #MartesdeVacantes<\/a><\/h2>\n<\/div>\n<p>(www.eloriente.net, M\u00e9xico, a 29 de septiembre de 2015, por Valery L\u00f3pez).-\u00a0Conscientes de la importancia para la ciudadan\u00eda en general de la b\u00fasqueda de nuevas oportunidades de crecimiento profesional,\u2026<\/p>\n<p class=\"postmeta\"><span class=\"meta_date\">septiembre 29, 2015<\/span><\/p>\n<div class=\"toolbar-social\"><\/div>\n<\/div>\n<div class=\"featuredpost\">\n<div class=\"flow_hide\"><a href=\"http:\/\/www.eloriente.net\/home\/2015\/09\/28\/70-10-sera-salario-minimo-general-a-partir-del-primero-de-octubre\/\" rel=\"bookmark\"><img decoding=\"async\" class=\"alignleft\" title=\"$70.10 ser\u00e1 salario m\u00ednimo general a partir del Primero de Octubre\" src=\"http:\/\/www.eloriente.net\/home\/wp-content\/themes\/city-desk\/timthumb.php?src=http%3A%2F%2Fwww.eloriente.net%2Fhome%2Fwp-content%2Fuploads%2F2015%2F09%2Fsecretario-navarrete-sep15-gob.mx_.jpg&amp;q=90&amp;w=70&amp;h=45&amp;zc=1\" alt=\"$70.10 ser\u00e1 salario m\u00ednimo general a partir del Primero de Octubre\" \/><\/a><\/p>\n<h2 class=\"posttitle \"><a title=\"Enlace Permanente a $70.10 ser\u00e1 salario m\u00ednimo general a partir del Primero de Octubre\" href=\"http:\/\/www.eloriente.net\/home\/2015\/09\/28\/70-10-sera-salario-minimo-general-a-partir-del-primero-de-octubre\/\" rel=\"bookmark\">$70.10 ser\u00e1 salario m\u00ednimo general a partir del Primero de Octubre<\/a><\/h2>\n<\/div>\n<p>eloriente.net\/gob.mx 28 de septiembre de 2015 El Secretario del Trabajo y Previsi\u00f3n Social recibi\u00f3 del Presidente de la Comisi\u00f3n Nacional de los Salarios M\u00ednimos (CONASAMI), Basilio Gonz\u00e1lez N\u00fa\u00f1ez,\u2026<\/p>\n<p class=\"postmeta\"><span class=\"meta_date\">septiembre 28, 2015<\/span><\/p>\n<\/div>\n\n\t\t\t  <div \n\t\t\t  \tclass = \"fb-comments\" \n\t\t\t  \tdata-href = \"http:\/\/www.eloriente.net\/home\/2015\/10\/01\/el-expreso-del-terror-una-lucha-de-clases-sobre-ruedas-por-hugo-albert-rojano\/\"\n\t\t\t  \tdata-numposts = \"10\"\n\t\t\t\tdata-colorscheme = \"dark\"\n\t\t\t\tdata-order-by = \"social\"\n\t\t\t\tdata-mobile=true>\n\t\t\t  <\/div>\n\t\t  <style>\n\t\t\t.fb_iframe_widget_fluid_desktop iframe {\n\t\t\t    width: 100% !important;\n\t\t\t}\n\t\t  <\/style>\n\t\t  ","protected":false},"excerpt":{"rendered":"<p>(www.eloriente.net, M\u00e9xico, a 01 de octubre de 2015, por\u00a0Hugo Alberto Rojano P\u00e9rez).- El fin del mundo o los futuros apocal\u00edpticos han sido un tema recurrente en las\u00a0pel\u00edculas de la actualidad. Sin embargo, han sido pocos los t\u00edtulos que lo abordan\u00a0desde un punto de vista relacionado con el cambio clim\u00e1tico, y m\u00e1s\u00a0espec\u00edficamente, con una glaciaci\u00f3n. Es [&hellip;]<\/p>\n","protected":false},"author":44,"featured_media":39483,"comment_status":"open","ping_status":"open","sticky":false,"template":"","format":"standard","meta":{"_jetpack_memberships_contains_paid_content":false,"footnotes":""},"categories":[982,56,18,32,10],"tags":[2765,4076,4472,4470,4469,3258,1217,4471],"class_list":["post-39482","post","type-post","status-publish","format-standard","has-post-thumbnail","hentry","category-juevesdecineyseries","category-cine","category-educacion-y-cultura","category-entradas","category-lo-mas-reciente","tag-juevesdecine","tag-cine","tag-el-expreso-del-terror","tag-hewhewson","tag-hugo-alberto-rojano-perez","tag-jueves-de-cine","tag-pelicula","tag-snowpiercer"],"jetpack_featured_media_url":"http:\/\/www.eloriente.net\/home\/wp-content\/uploads\/2015\/10\/snow-piercer12.jpg","jetpack_sharing_enabled":true,"_links":{"self":[{"href":"http:\/\/www.eloriente.net\/home\/wp-json\/wp\/v2\/posts\/39482"}],"collection":[{"href":"http:\/\/www.eloriente.net\/home\/wp-json\/wp\/v2\/posts"}],"about":[{"href":"http:\/\/www.eloriente.net\/home\/wp-json\/wp\/v2\/types\/post"}],"author":[{"embeddable":true,"href":"http:\/\/www.eloriente.net\/home\/wp-json\/wp\/v2\/users\/44"}],"replies":[{"embeddable":true,"href":"http:\/\/www.eloriente.net\/home\/wp-json\/wp\/v2\/comments?post=39482"}],"version-history":[{"count":2,"href":"http:\/\/www.eloriente.net\/home\/wp-json\/wp\/v2\/posts\/39482\/revisions"}],"predecessor-version":[{"id":39490,"href":"http:\/\/www.eloriente.net\/home\/wp-json\/wp\/v2\/posts\/39482\/revisions\/39490"}],"wp:featuredmedia":[{"embeddable":true,"href":"http:\/\/www.eloriente.net\/home\/wp-json\/wp\/v2\/media\/39483"}],"wp:attachment":[{"href":"http:\/\/www.eloriente.net\/home\/wp-json\/wp\/v2\/media?parent=39482"}],"wp:term":[{"taxonomy":"category","embeddable":true,"href":"http:\/\/www.eloriente.net\/home\/wp-json\/wp\/v2\/categories?post=39482"},{"taxonomy":"post_tag","embeddable":true,"href":"http:\/\/www.eloriente.net\/home\/wp-json\/wp\/v2\/tags?post=39482"}],"curies":[{"name":"wp","href":"https:\/\/api.w.org\/{rel}","templated":true}]}}