{"id":39487,"date":"2015-10-01T12:03:02","date_gmt":"2015-10-01T18:03:02","guid":{"rendered":"http:\/\/www.eloriente.net\/home\/?p=39487"},"modified":"2015-10-01T12:03:02","modified_gmt":"2015-10-01T18:03:02","slug":"jorge-caballero-ramirez-y-tony-reyes-en-todo-oaxaca-radio","status":"publish","type":"post","link":"http:\/\/www.eloriente.net\/home\/2015\/10\/01\/jorge-caballero-ramirez-y-tony-reyes-en-todo-oaxaca-radio\/","title":{"rendered":"Jorge Caballero Ram\u00edrez y Tony Reyes en Todo Oaxaca Radio"},"content":{"rendered":"<p><script src=\"\/\/pagead2.googlesyndication.com\/pagead\/js\/adsbygoogle.js\" async=\"\"><\/script><!-- BANNER ELORIENTE INCRUSTADO NOTAS --> <ins class=\"adsbygoogle\" style=\"display: inline-block; width: 300px; height: 250px;\" data-ad-client=\"ca-pub-1136171134853753\" data-ad-slot=\"7974633627\"><\/ins><script>\/\/ <![CDATA[\n(adsbygoogle = window.adsbygoogle || []).push({});\n\/\/ ]]><\/script><\/p>\n<p>eloriente.net\/<a href=\"http:\/\/todooaxacaradio.com\/\" target=\"_blank\">todooaxacaradio.com<\/a><\/p>\n<p>01 de octubrebre<\/p>\n<p>Todo Oaxaca Radio es el programa de la comunidad Cultural, como todos los martes tuvimos nuestra emisi\u00f3n en vivo y en esta ocasi\u00f3n nuestros invitados fueron el <strong>Maestro Jorge Caballero Ram\u00edrez<\/strong> quien viene a invitarnos al Festival Internacional Guitarr\u00edstico EBA UABJO 2015. Tambi\u00e9n estuvo con nosotros <b>Tony Reyes<\/b>, Secretario particular del Presidente Municipal de Oaxaca de Ju\u00e1rez, \u00e9l viene a conversar sobre el Campeonato Nacional de F\u00fatbol Scotiabank Sub 17 que se est\u00e1 desarrollando en la ciudad.<\/p>\n<p><strong>02:28 aprox.<\/strong><\/p>\n<p>Iniciamos el programa con la participaci\u00f3n del Maestro Jorge Caballero Ram\u00edrez, quien nos platica sobre el Festival Internacional Guitarr\u00edstico EBA UABJO 2015 a realizarse del 12 al 14 de octubre. Jorge comparte con nosotros informaci\u00f3n interesante sobre los invitados que asistir\u00e1n al festival, as\u00ed como de los escenarios en los cuales se presentar\u00e1n.<\/p>\n<p><a href=\"http:\/\/todooaxacaradio.com\/wp-content\/uploads\/2015\/09\/WP_20150929_004.jpg\"><img loading=\"lazy\" decoding=\"async\" class=\"alignnone size-medium wp-image-2767\" src=\"http:\/\/todooaxacaradio.com\/wp-content\/uploads\/2015\/09\/WP_20150929_004-300x168.jpg\" alt=\"WP_20150929_004\" width=\"300\" height=\"168\" \/><\/a><\/p>\n<p><script src=\"\/\/pagead2.googlesyndication.com\/pagead\/js\/adsbygoogle.js\" async=\"\"><\/script><!-- BANNER PEQUE\u00d1O PARA ENTRENOTAS EL ORIENTE --> <ins class=\"adsbygoogle\" style=\"display: inline-block; width: 468px; height: 60px;\" data-ad-client=\"ca-pub-1136171134853753\" data-ad-slot=\"4953536424\"><\/ins><script>\/\/ <![CDATA[\n(adsbygoogle = window.adsbygoogle || []).push({});\n\/\/ ]]><\/script><\/p>\n<p><strong>28:52 aprox.<\/strong><\/p>\n<p>Tony Reyes, Secretario particular del Presidente Municipal de Oaxaca de Ju\u00e1rez, viene a platicarnos los pormenores del Campeonato Nacional de F\u00fatbol Scotiaban Sub 17 que se est\u00e1 llevando se est\u00e1 llevando a cabo desde el 26 de septiembre y que finalizar\u00e1 el pr\u00f3ximo 04 de octubre. Tony nos platica sobre como ha sido el desempe\u00f1o de la selecci\u00f3n sub 17 de Oaxaca en el campeonato, as\u00ed como de los pormenores en el desarrollo del torneo.<\/p>\n<p><a href=\"http:\/\/todooaxacaradio.com\/wp-content\/uploads\/2015\/09\/WP_20150929_0081.jpg\"><img loading=\"lazy\" decoding=\"async\" class=\"alignnone size-medium wp-image-2769\" src=\"http:\/\/todooaxacaradio.com\/wp-content\/uploads\/2015\/09\/WP_20150929_0081-300x168.jpg\" alt=\"WP_20150929_008(1)\" width=\"300\" height=\"168\" \/><\/a><\/p>\n<p>Esc\u00fachanos aqu\u00ed<\/p>\n<p><iframe loading=\"lazy\" id=\"audio_8713992\" style=\"border: 1px solid #EEE; box-sizing: border-box; width: 100%;\" src=\"http:\/\/www.ivoox.com\/player_ej_8713992_4_1.html?c1=22ff00\" width=\"300\" height=\"200\" frameborder=\"0\" scrolling=\"no\" allowfullscreen=\"allowfullscreen\"><\/iframe><\/p>\n<p><strong><a href=\"http:\/\/www.eloriente.net\/home\/wp-content\/uploads\/2015\/10\/WP_20150929_0061.jpg\"><img loading=\"lazy\" decoding=\"async\" class=\"alignnone size-medium wp-image-39488\" src=\"http:\/\/www.eloriente.net\/home\/wp-content\/uploads\/2015\/10\/WP_20150929_0061-300x168.jpg\" alt=\"WP_20150929_006(1)\" width=\"300\" height=\"168\" srcset=\"http:\/\/www.eloriente.net\/home\/wp-content\/uploads\/2015\/10\/WP_20150929_0061-300x168.jpg 300w, http:\/\/www.eloriente.net\/home\/wp-content\/uploads\/2015\/10\/WP_20150929_0061.jpg 800w\" sizes=\"(max-width: 300px) 100vw, 300px\" \/><\/a><\/strong><\/p>\n<p><strong>OTRAS ENTRADAS<\/strong><\/p>\n<div class=\"featuredpost\">\n<div class=\"flow_hide\">\n<h2 class=\"posttitle bigposttitle\"><a title=\"Enlace Permanente a El Expreso del Terror: Una  lucha de clases sobre ruedas, por Hugo Albert Rojano\" href=\"http:\/\/www.eloriente.net\/home\/2015\/10\/01\/el-expreso-del-terror-una-lucha-de-clases-sobre-ruedas-por-hugo-albert-rojano\/\" rel=\"bookmark\">El Expreso del Terror: Una lucha de clases sobre ruedas, por Hugo Albert Rojano<\/a><\/h2>\n<\/div>\n<p>(www.eloriente.net, M\u00e9xico, a 01 de octubre de 2015, por\u00a0Hugo Alberto Rojano P\u00e9rez).- El fin del mundo o los futuros apocal\u00edpticos han sido un tema recurrente en las\u00a0pel\u00edculas de\u2026<\/p>\n<p class=\"postmeta\"><span class=\"meta_date\">octubre 1, 2015<\/span><\/p>\n<div class=\"toolbar-social\"><\/div>\n<\/div>\n<div class=\"featuredpost\">\n<div class=\"flow_hide\"><a href=\"http:\/\/www.eloriente.net\/home\/2015\/09\/30\/festivales-culturales-en-mexico-a-disfrutar-en-2016-2\/\" rel=\"bookmark\"><img decoding=\"async\" class=\"alignleft\" title=\"Festivales culturales en M\u00e9xico a disfrutar en 2016\" src=\"http:\/\/www.eloriente.net\/home\/wp-content\/themes\/city-desk\/timthumb.php?src=http%3A%2F%2Fwww.eloriente.net%2Fhome%2Fwp-content%2Fuploads%2F2015%2F09%2F%40festival-cultura-maya.jpg&amp;q=90&amp;w=70&amp;h=45&amp;zc=1\" alt=\"Festivales culturales en M\u00e9xico a disfrutar en 2016\" \/><\/a><\/p>\n<h2 class=\"posttitle \"><a title=\"Enlace Permanente a Festivales culturales en M\u00e9xico a disfrutar en 2016\" href=\"http:\/\/www.eloriente.net\/home\/2015\/09\/30\/festivales-culturales-en-mexico-a-disfrutar-en-2016-2\/\" rel=\"bookmark\">Festivales culturales en M\u00e9xico a disfrutar en 2016<\/a><\/h2>\n<\/div>\n<p>(www.eloriente.net, M\u00e9xico, a 30 de septiembre de 2015, por Valery L\u00f3pez).- A lo largo y ancho de M\u00e9xico se desarrollan cada a\u00f1o una gran cantidad de festivales culturales\u2026<\/p>\n<p class=\"postmeta\"><span class=\"meta_date\">septiembre 30, 2015<\/span><\/p>\n<div class=\"toolbar-social\"><\/div>\n<\/div>\n<div class=\"featuredpost\">\n<div class=\"flow_hide\"><a href=\"http:\/\/www.eloriente.net\/home\/2015\/09\/29\/5-vacantes-para-contadores-martesdevacantes-2\/\" rel=\"bookmark\"><img decoding=\"async\" class=\"alignleft\" title=\"5 Vacantes para mujeres #MartesdeVacantes\" src=\"http:\/\/www.eloriente.net\/home\/wp-content\/themes\/city-desk\/timthumb.php?src=http%3A%2F%2Fwww.eloriente.net%2Fhome%2Fwp-content%2Fuploads%2F2014%2F05%2Fmartes-de-vacantes.jpg&amp;q=90&amp;w=70&amp;h=45&amp;zc=1\" alt=\"5 Vacantes para mujeres #MartesdeVacantes\" \/><\/a><\/p>\n<h2 class=\"posttitle \"><a title=\"Enlace Permanente a 5 Vacantes para mujeres #MartesdeVacantes\" href=\"http:\/\/www.eloriente.net\/home\/2015\/09\/29\/5-vacantes-para-contadores-martesdevacantes-2\/\" rel=\"bookmark\">5 Vacantes para mujeres #MartesdeVacantes<\/a><\/h2>\n<\/div>\n<p>(www.eloriente.net, M\u00e9xico, a 29 de septiembre de 2015, por Valery L\u00f3pez).-\u00a0Conscientes de la importancia para la ciudadan\u00eda en general de la b\u00fasqueda de nuevas oportunidades de crecimiento profesional,\u2026<\/p>\n<p class=\"postmeta\"><span class=\"meta_date\">septiembre 29, 2015<\/span><\/p>\n<\/div>\n\n\t\t\t  <div \n\t\t\t  \tclass = \"fb-comments\" \n\t\t\t  \tdata-href = \"http:\/\/www.eloriente.net\/home\/2015\/10\/01\/jorge-caballero-ramirez-y-tony-reyes-en-todo-oaxaca-radio\/\"\n\t\t\t  \tdata-numposts = \"10\"\n\t\t\t\tdata-colorscheme = \"dark\"\n\t\t\t\tdata-order-by = \"social\"\n\t\t\t\tdata-mobile=true>\n\t\t\t  <\/div>\n\t\t  <style>\n\t\t\t.fb_iframe_widget_fluid_desktop iframe {\n\t\t\t    width: 100% !important;\n\t\t\t}\n\t\t  <\/style>\n\t\t  ","protected":false},"excerpt":{"rendered":"<p>eloriente.net\/todooaxacaradio.com 01 de octubrebre Todo Oaxaca Radio es el programa de la comunidad Cultural, como todos los martes tuvimos nuestra emisi\u00f3n en vivo y en esta ocasi\u00f3n nuestros invitados fueron el Maestro Jorge Caballero Ram\u00edrez quien viene a invitarnos al Festival Internacional Guitarr\u00edstico EBA UABJO 2015. Tambi\u00e9n estuvo con nosotros Tony Reyes, Secretario particular del [&hellip;]<\/p>\n","protected":false},"author":44,"featured_media":39488,"comment_status":"open","ping_status":"open","sticky":false,"template":"","format":"standard","meta":{"_jetpack_memberships_contains_paid_content":false,"footnotes":""},"categories":[18,32,63,83,464,12],"tags":[4475,4473,995,330,1394,2567,4474,4433],"class_list":["post-39487","post","type-post","status-publish","format-standard","has-post-thumbnail","hentry","category-educacion-y-cultura","category-entradas","category-estados","category-musica-de-oaxaca","category-oaxaca-estados","category-todo-oaxaca-radio","tag-campeonato-nacional-de-futbol-scotiabank-sub-17","tag-jorge-caballero-ramirez","tag-programa","tag-radio","tag-todo-oaxaca","tag-todo-oaxaca-radio-2","tag-tony-reyes","tag-ubajo"],"jetpack_featured_media_url":"http:\/\/www.eloriente.net\/home\/wp-content\/uploads\/2015\/10\/WP_20150929_0061.jpg","jetpack_sharing_enabled":true,"_links":{"self":[{"href":"http:\/\/www.eloriente.net\/home\/wp-json\/wp\/v2\/posts\/39487"}],"collection":[{"href":"http:\/\/www.eloriente.net\/home\/wp-json\/wp\/v2\/posts"}],"about":[{"href":"http:\/\/www.eloriente.net\/home\/wp-json\/wp\/v2\/types\/post"}],"author":[{"embeddable":true,"href":"http:\/\/www.eloriente.net\/home\/wp-json\/wp\/v2\/users\/44"}],"replies":[{"embeddable":true,"href":"http:\/\/www.eloriente.net\/home\/wp-json\/wp\/v2\/comments?post=39487"}],"version-history":[{"count":1,"href":"http:\/\/www.eloriente.net\/home\/wp-json\/wp\/v2\/posts\/39487\/revisions"}],"predecessor-version":[{"id":39489,"href":"http:\/\/www.eloriente.net\/home\/wp-json\/wp\/v2\/posts\/39487\/revisions\/39489"}],"wp:featuredmedia":[{"embeddable":true,"href":"http:\/\/www.eloriente.net\/home\/wp-json\/wp\/v2\/media\/39488"}],"wp:attachment":[{"href":"http:\/\/www.eloriente.net\/home\/wp-json\/wp\/v2\/media?parent=39487"}],"wp:term":[{"taxonomy":"category","embeddable":true,"href":"http:\/\/www.eloriente.net\/home\/wp-json\/wp\/v2\/categories?post=39487"},{"taxonomy":"post_tag","embeddable":true,"href":"http:\/\/www.eloriente.net\/home\/wp-json\/wp\/v2\/tags?post=39487"}],"curies":[{"name":"wp","href":"https:\/\/api.w.org\/{rel}","templated":true}]}}