{"id":39512,"date":"2015-10-03T01:00:55","date_gmt":"2015-10-03T07:00:55","guid":{"rendered":"http:\/\/www.eloriente.net\/home\/?p=39512"},"modified":"2015-10-02T17:30:50","modified_gmt":"2015-10-02T23:30:50","slug":"mexicanos-desarrollarian-primeras-vacunas-contra-el-cancer-para-2022","status":"publish","type":"post","link":"http:\/\/www.eloriente.net\/home\/2015\/10\/03\/mexicanos-desarrollarian-primeras-vacunas-contra-el-cancer-para-2022\/","title":{"rendered":"Mexicanos desarrollar\u00edan primeras vacunas contra el c\u00e1ncer para 2022"},"content":{"rendered":"<p><script src=\"\/\/pagead2.googlesyndication.com\/pagead\/js\/adsbygoogle.js\" async=\"\"><\/script><!-- BANNER ELORIENTE INCRUSTADO NOTAS --> <ins class=\"adsbygoogle\" style=\"display: inline-block; width: 300px; height: 250px;\" data-ad-client=\"ca-pub-1136171134853753\" data-ad-slot=\"7974633627\"><\/ins><script>\/\/ <![CDATA[\n(adsbygoogle = window.adsbygoogle || []).push({});\n\/\/ ]]><\/script><\/p>\n<p>&nbsp;<\/p>\n<p>(www.eloriente.net, M\u00e9xico, a 03 de octubre, por Valery L\u00f3pez).- Las primeras vacunas contra el c\u00e1ncer, que lograr\u00edan prevenir la aparici\u00f3n de tumores en personas de alto riesgo y disminuir las reca\u00eddas de quienes ya padecieron este mal, podr\u00edan ver la luz en el 2022.<\/p>\n<p>Juan Pablo M\u00e1rquez Manr\u00edquez , investigador senior de la Universidad de Washington (UW), y director del Centro de Investigaci\u00f3n del C\u00e1ncer en Sonora (CICS) inform\u00f3 en entrevista que los c\u00e1nceres de ovario, pulm\u00f3n, mieloma m\u00faltiple, colorrectal y de pr\u00f3stata, que son los de mayor recurrencia, son en los que se enfocar\u00e1n las vacunas.<\/p>\n<p>Explico que luego de 14 a\u00f1os de investigaci\u00f3n, la siguiente etapa\u00a0es el ensayo cl\u00ednico en mil 500 pacientes de Estados Unidos y M\u00e9xico, con el objetivo de obtener el registro sanitario y comenzar su distribuci\u00f3n en siete a\u00f1os.<\/p>\n<p>\u201cPara 2017 empezar\u00eda el primer protocolo cl\u00ednico para varios tipos de tumores, por lo menos cinco. Y en cinco a\u00f1os a partir de ahora (esto es para 2022) se esperar\u00eda que est\u00e9n aprobadas por lo menos tres o cuatro vacunas para prevenci\u00f3n de c\u00e1ncer\u201d, detall\u00f3.<\/p>\n<p>Bajo ese pron\u00f3stico, dijo\u00a0que\u00a0\u00abLa vacuna revolucionar\u00e1 el mundo de la ciencia a escala mundial. Se reducir\u00e1 el n\u00famero de casos de tumores, habr\u00e1 menos personas enfermas y hospitalizadas.\u00a0Se bajar\u00e1 entre 90 y 100 por ciento las reca\u00eddas, porque hay c\u00e1nceres que a\u00fan cuando se hayan tratado, reaparecen.<\/p>\n<p><script src=\"\/\/pagead2.googlesyndication.com\/pagead\/js\/adsbygoogle.js\" async=\"\"><\/script><!-- BANNER PEQUE\u00d1O PARA ENTRENOTAS EL ORIENTE --> <ins class=\"adsbygoogle\" style=\"display: inline-block; width: 468px; height: 60px;\" data-ad-client=\"ca-pub-1136171134853753\" data-ad-slot=\"4953536424\"><\/ins><script>\/\/ <![CDATA[\n(adsbygoogle = window.adsbygoogle || []).push({});\n\/\/ ]]><\/script><\/p>\n<p>\u00abTambi\u00e9n reducir\u00e1 los tiempos hospitalarios y muchos procesos ser\u00e1n ambulatorios; adem\u00e1s, se trata de una vacuna econ\u00f3mica, al alcance de la poblaci\u00f3n, que reducir\u00e1 70 por ciento el dinero que invierten los gobiernos en tratar c\u00e1ncer\u00bb.<\/p>\n<p>De igual forma explic\u00f3 que este estudio es \u00fanico en el mundo pues en otros pa\u00edses se realizan trabajos similares pero enfocados a un solo gen causante de cada tipo de c\u00e1ncer, mientras que \u00e9ste ataca cinco genes.<\/p>\n<p>Cabe se\u00f1alar que en el marco de la Inauguraci\u00f3n del primer Congreso Internacional de Inmuno-Oncolog\u00eda, el doctor Abelardo Meneses, director general de Instituto Nacional de Cancerolog\u00eda (INCan), expres\u00f3 que en M\u00e9xico tambi\u00e9n se trabaja en el tema pues especialistas del INCan\u00a0desarrollan el tratamiento Inmuno-Oncolog\u00eda, que no s\u00f3lo logra disminuir los \u00edndices de mortalidad, sino tambi\u00e9n mejora la calidad de vida de los pacientes.<\/p>\n<p>A continuaci\u00f3n les presentamos un video de 2014, producido por foroquattro.tv en el que el doctor Juan Pablo M\u00e1rquez Manr\u00edquez platica sobre el desarrollo de su investigaci\u00f3n para hallar una vacuna contra el c\u00e1ncer, y donde se puede apreciar que desde ese entonces \u00e9l proyectaba que su trabajo ser\u00eda publicado en 2015.<\/p>\n<p><iframe loading=\"lazy\" src=\"https:\/\/www.youtube.com\/embed\/wReujab5F9w\" width=\"560\" height=\"315\" frameborder=\"0\" allowfullscreen=\"allowfullscreen\"><\/iframe><\/p>\n<p><a href=\"http:\/\/www.eloriente.net\/home\/wp-content\/uploads\/2015\/10\/Vaccine-1361703500_21.jpg\"><img loading=\"lazy\" decoding=\"async\" class=\"size-medium wp-image-39520\" src=\"http:\/\/www.eloriente.net\/home\/wp-content\/uploads\/2015\/10\/Vaccine-1361703500_21-300x200.jpg\" alt=\"Vaccine\" width=\"300\" height=\"200\" srcset=\"http:\/\/www.eloriente.net\/home\/wp-content\/uploads\/2015\/10\/Vaccine-1361703500_21-300x200.jpg 300w, http:\/\/www.eloriente.net\/home\/wp-content\/uploads\/2015\/10\/Vaccine-1361703500_21-1024x683.jpg 1024w, http:\/\/www.eloriente.net\/home\/wp-content\/uploads\/2015\/10\/Vaccine-1361703500_21-900x600.jpg 900w, http:\/\/www.eloriente.net\/home\/wp-content\/uploads\/2015\/10\/Vaccine-1361703500_21.jpg 1920w\" sizes=\"(max-width: 300px) 100vw, 300px\" \/><\/a><\/p>\n<p><strong>OTRAS ENTRADAS<\/strong><\/p>\n<div class=\"featuredpost\">\n<div class=\"flow_hide\">\n<h2 class=\"posttitle bigposttitle\"><a title=\"Enlace Permanente a El Expreso del Terror: Una lucha de clases sobre ruedas, por Hugo Alberto Rojano\" href=\"http:\/\/www.eloriente.net\/home\/2015\/10\/01\/el-expreso-del-terror-una-lucha-de-clases-sobre-ruedas-por-hugo-albert-rojano\/\" rel=\"bookmark\">El Expreso del Terror: Una lucha de clases sobre ruedas, por Hugo Alberto Rojano<\/a><\/h2>\n<\/div>\n<p>(www.eloriente.net, M\u00e9xico, a 01 de octubre de 2015, por\u00a0Hugo Alberto Rojano P\u00e9rez).- El fin del mundo o los futuros apocal\u00edpticos han sido un tema recurrente en las\u00a0pel\u00edculas de\u2026<\/p>\n<p class=\"postmeta\"><span class=\"meta_date\">octubre 1, 2015<\/span><\/p>\n<div class=\"toolbar-social\"><\/div>\n<\/div>\n<div class=\"featuredpost\">\n<div class=\"flow_hide\">\n<p><a href=\"http:\/\/www.eloriente.net\/home\/2015\/09\/30\/festivales-culturales-en-mexico-a-disfrutar-en-2016-2\/\" rel=\"bookmark\"><img decoding=\"async\" class=\"alignleft\" title=\"Festivales culturales en M\u00e9xico a disfrutar en 2016\" src=\"http:\/\/www.eloriente.net\/home\/wp-content\/themes\/city-desk\/timthumb.php?src=http%3A%2F%2Fwww.eloriente.net%2Fhome%2Fwp-content%2Fuploads%2F2015%2F09%2F%40festival-cultura-maya.jpg&amp;q=90&amp;w=70&amp;h=45&amp;zc=1\" alt=\"Festivales culturales en M\u00e9xico a disfrutar en 2016\" \/><\/a><\/p>\n<h2 class=\"posttitle \"><a title=\"Enlace Permanente a Festivales culturales en M\u00e9xico a disfrutar en 2016\" href=\"http:\/\/www.eloriente.net\/home\/2015\/09\/30\/festivales-culturales-en-mexico-a-disfrutar-en-2016-2\/\" rel=\"bookmark\">Festivales culturales en M\u00e9xico a disfrutar en 2016<\/a><\/h2>\n<\/div>\n<p>(www.eloriente.net, M\u00e9xico, a 30 de septiembre de 2015, por Valery L\u00f3pez).- A lo largo y ancho de M\u00e9xico se desarrollan cada a\u00f1o una gran cantidad de festivales culturales\u2026<\/p>\n<p class=\"postmeta\"><span class=\"meta_date\">septiembre 30, 2015<\/span><\/p>\n<div class=\"toolbar-social\"><\/div>\n<\/div>\n<div class=\"featuredpost\">\n<div class=\"flow_hide\">\n<p><a href=\"http:\/\/www.eloriente.net\/home\/2015\/09\/29\/5-vacantes-para-contadores-martesdevacantes-2\/\" rel=\"bookmark\"><img decoding=\"async\" class=\"alignleft\" title=\"5 Vacantes para mujeres #MartesdeVacantes\" src=\"http:\/\/www.eloriente.net\/home\/wp-content\/themes\/city-desk\/timthumb.php?src=http%3A%2F%2Fwww.eloriente.net%2Fhome%2Fwp-content%2Fuploads%2F2014%2F05%2Fmartes-de-vacantes.jpg&amp;q=90&amp;w=70&amp;h=45&amp;zc=1\" alt=\"5 Vacantes para mujeres #MartesdeVacantes\" \/><\/a><\/p>\n<h2 class=\"posttitle \"><a title=\"Enlace Permanente a 5 Vacantes para mujeres #MartesdeVacantes\" href=\"http:\/\/www.eloriente.net\/home\/2015\/09\/29\/5-vacantes-para-contadores-martesdevacantes-2\/\" rel=\"bookmark\">5 Vacantes para mujeres #MartesdeVacantes<\/a><\/h2>\n<\/div>\n<p>(www.eloriente.net, M\u00e9xico, a 29 de septiembre de 2015, por Valery L\u00f3pez).-\u00a0Conscientes de la importancia para la ciudadan\u00eda en general de la b\u00fasqueda de nuevas oportunidades de crecimiento profesional,\u2026<\/p>\n<p class=\"postmeta\"><span class=\"meta_date\">septiembre 29, 2015<\/span><\/p>\n<\/div>\n\n\t\t\t  <div \n\t\t\t  \tclass = \"fb-comments\" \n\t\t\t  \tdata-href = \"http:\/\/www.eloriente.net\/home\/2015\/10\/03\/mexicanos-desarrollarian-primeras-vacunas-contra-el-cancer-para-2022\/\"\n\t\t\t  \tdata-numposts = \"10\"\n\t\t\t\tdata-colorscheme = \"dark\"\n\t\t\t\tdata-order-by = \"social\"\n\t\t\t\tdata-mobile=true>\n\t\t\t  <\/div>\n\t\t  <style>\n\t\t\t.fb_iframe_widget_fluid_desktop iframe {\n\t\t\t    width: 100% !important;\n\t\t\t}\n\t\t  <\/style>\n\t\t  ","protected":false},"excerpt":{"rendered":"<p>&nbsp; (www.eloriente.net, M\u00e9xico, a 03 de octubre, por Valery L\u00f3pez).- Las primeras vacunas contra el c\u00e1ncer, que lograr\u00edan prevenir la aparici\u00f3n de tumores en personas de alto riesgo y disminuir las reca\u00eddas de quienes ya padecieron este mal, podr\u00edan ver la luz en el 2022. Juan Pablo M\u00e1rquez Manr\u00edquez , investigador senior de la Universidad [&hellip;]<\/p>\n","protected":false},"author":44,"featured_media":39520,"comment_status":"open","ping_status":"open","sticky":false,"template":"","format":"standard","meta":{"_jetpack_memberships_contains_paid_content":false,"footnotes":""},"categories":[32,10,24,31,30],"tags":[4494,1038,4497,4496,4495,141,4498,2263],"class_list":["post-39512","post","type-post","status-publish","format-standard","has-post-thumbnail","hentry","category-entradas","category-lo-mas-reciente","category-mexico-y-el-mundo","category-principal","category-salud","tag-4494","tag-cancer","tag-centro-de-investigacion-del-cancer-en-sonora","tag-cientifico","tag-investigador","tag-mexico","tag-universidad-de-washington","tag-vacuna"],"jetpack_featured_media_url":"http:\/\/www.eloriente.net\/home\/wp-content\/uploads\/2015\/10\/Vaccine-1361703500_21.jpg","jetpack_sharing_enabled":true,"_links":{"self":[{"href":"http:\/\/www.eloriente.net\/home\/wp-json\/wp\/v2\/posts\/39512"}],"collection":[{"href":"http:\/\/www.eloriente.net\/home\/wp-json\/wp\/v2\/posts"}],"about":[{"href":"http:\/\/www.eloriente.net\/home\/wp-json\/wp\/v2\/types\/post"}],"author":[{"embeddable":true,"href":"http:\/\/www.eloriente.net\/home\/wp-json\/wp\/v2\/users\/44"}],"replies":[{"embeddable":true,"href":"http:\/\/www.eloriente.net\/home\/wp-json\/wp\/v2\/comments?post=39512"}],"version-history":[{"count":4,"href":"http:\/\/www.eloriente.net\/home\/wp-json\/wp\/v2\/posts\/39512\/revisions"}],"predecessor-version":[{"id":39526,"href":"http:\/\/www.eloriente.net\/home\/wp-json\/wp\/v2\/posts\/39512\/revisions\/39526"}],"wp:featuredmedia":[{"embeddable":true,"href":"http:\/\/www.eloriente.net\/home\/wp-json\/wp\/v2\/media\/39520"}],"wp:attachment":[{"href":"http:\/\/www.eloriente.net\/home\/wp-json\/wp\/v2\/media?parent=39512"}],"wp:term":[{"taxonomy":"category","embeddable":true,"href":"http:\/\/www.eloriente.net\/home\/wp-json\/wp\/v2\/categories?post=39512"},{"taxonomy":"post_tag","embeddable":true,"href":"http:\/\/www.eloriente.net\/home\/wp-json\/wp\/v2\/tags?post=39512"}],"curies":[{"name":"wp","href":"https:\/\/api.w.org\/{rel}","templated":true}]}}