{"id":39546,"date":"2015-10-04T01:00:19","date_gmt":"2015-10-04T07:00:19","guid":{"rendered":"http:\/\/www.eloriente.net\/home\/?p=39546"},"modified":"2015-10-05T12:44:32","modified_gmt":"2015-10-05T18:44:32","slug":"problematico-inicio-del-nuevo-sistema-de-emision-de-pasaportes","status":"publish","type":"post","link":"http:\/\/www.eloriente.net\/home\/2015\/10\/04\/problematico-inicio-del-nuevo-sistema-de-emision-de-pasaportes\/","title":{"rendered":"Problem\u00e1tico inicio del nuevo sistema de emisi\u00f3n de pasaportes"},"content":{"rendered":"<p><script src=\"\/\/pagead2.googlesyndication.com\/pagead\/js\/adsbygoogle.js\" async=\"\"><\/script><!-- BANNER ELORIENTE INCRUSTADO NOTAS --> <ins class=\"adsbygoogle\" style=\"display: inline-block; width: 300px; height: 250px;\" data-ad-client=\"ca-pub-1136171134853753\" data-ad-slot=\"7974633627\"><\/ins><script>\/\/ <![CDATA[\n(adsbygoogle = window.adsbygoogle || []).push({});\n\/\/ ]]><\/script><\/p>\n<p><strong>Actualizaci\u00f3n<\/strong><\/p>\n<p>(www.eloriente.net, M\u00e9xico a 05 de octubre de 2015, por Valery L\u00f3pez).- Una gran cantidad de mexicanos que esperaban con ansias poder tramitar su pasaporte de manera m\u00e1s r\u00e1pida, eficiente, y c\u00f3moda, han visto frustradas sus ilusiones, pues desde el primero de octubre se han presentado fallas en el nuevo sistema de tr\u00e1mite de pasaporte v\u00eda internet que se promet\u00eda entrar\u00eda en vigor en esa fecha.<\/p>\n<p>Antes tal situaci\u00f3n, la Secretar\u00eda de Relaciones Exteriores (SRE) decidi\u00f3 suspender de manera temporal dicho sistema y public\u00f3 un comunicado donde se disculpaban por los problemas causados, y explicaban que estos estaban siendo originados por \u00abproblemas de car\u00e1cter inform\u00e1tico\u00bb, sin que se diera una explicaci\u00f3n detallada de los mismos.<\/p>\n<p>En un nuevo comunicado publicado por la SRE el pasado s\u00e1bado, se informaba de la reanudaci\u00f3n parcial de la emisi\u00f3n de pasaportes en las delegaciones Ricardo Flores Mag\u00f3n y Mixcoac, en la Ciudad de M\u00e9xico, donde atendieron casos de emergencia para obtener el documento, esto con previa acreditaci\u00f3n de dicha situaci\u00f3n.<\/p>\n<p><script src=\"\/\/pagead2.googlesyndication.com\/pagead\/js\/adsbygoogle.js\" async=\"\"><\/script><!-- BANNER PEQUE\u00d1O PARA ENTRENOTAS EL ORIENTE --> <ins class=\"adsbygoogle\" style=\"display: inline-block; width: 468px; height: 60px;\" data-ad-client=\"ca-pub-1136171134853753\" data-ad-slot=\"4953536424\"><\/ins><script>\/\/ <![CDATA[\n(adsbygoogle = window.adsbygoogle || []).push({});\n\/\/ ]]><\/script><\/p>\n<p>En esas oficinas, y algunas otras de varios estados de la rep\u00fablica, se atend\u00edan tambi\u00e9n a quienes llevaran comprobante de haber tramitado su cita en fechas anteriores.<\/p>\n<p>Para este lunes se esperaba que el sistema ya funcionara con normalidad, sin embargo hasta el momento no se presentan novedades en el tr\u00e1mite por internet.<\/p>\n<p>La SRE, a trav\u00e9s de su cuenta de Twitter, invit\u00f3 a quienes necesitaran agendar una cita a que lo hicieran a trav\u00e9s del Call Center, sin embargo varios usuarios han reportado que al llamar se les informa que el sistema no est\u00e1 disponible y se les recomienda volver a realizar la llamada hasta despu\u00e9s de las 15:00 hrs.<\/p>\n<p>&nbsp;<\/p>\n<blockquote class=\"twitter-tweet\" lang=\"es\">\n<p dir=\"ltr\" lang=\"es\"><a href=\"https:\/\/twitter.com\/hashtag\/Aviso?src=hash\">#Aviso<\/a> Si necesitas realizar tu cita para el tr\u00e1mite de pasaporte te informamos que el Call Center 01 800 801 0773 opera con normalidad.<\/p>\n<p>\u2014 SRE M\u00e9xico (@SRE_mx) <a href=\"https:\/\/twitter.com\/SRE_mx\/status\/651076088832131072\">octubre 5, 2015<\/a><\/p><\/blockquote>\n<p><script src=\"\/\/platform.twitter.com\/widgets.js\" async=\"\" charset=\"utf-8\"><\/script><\/p>\n<p>&nbsp;<\/p>\n<p><a href=\"http:\/\/www.eloriente.net\/home\/wp-content\/uploads\/2015\/10\/Atenci\u00f3n-al-p\u00fablico-en-oficinas-de-pasaporte-de-la-SRE.jpg\"><img loading=\"lazy\" decoding=\"async\" class=\"alignnone size-medium wp-image-39547\" src=\"http:\/\/www.eloriente.net\/home\/wp-content\/uploads\/2015\/10\/Atenci\u00f3n-al-p\u00fablico-en-oficinas-de-pasaporte-de-la-SRE-300x213.jpg\" alt=\"Atenci\u00f3n al p\u00fablico en oficinas de pasaporte de la SRE\" width=\"300\" height=\"213\" srcset=\"http:\/\/www.eloriente.net\/home\/wp-content\/uploads\/2015\/10\/Atenci\u00f3n-al-p\u00fablico-en-oficinas-de-pasaporte-de-la-SRE-300x213.jpg 300w, http:\/\/www.eloriente.net\/home\/wp-content\/uploads\/2015\/10\/Atenci\u00f3n-al-p\u00fablico-en-oficinas-de-pasaporte-de-la-SRE.jpg 640w\" sizes=\"(max-width: 300px) 100vw, 300px\" \/><\/a><\/p>\n<p><strong>OTRAS ENTRADAS<\/strong><\/p>\n<div class=\"featuredpost\">\n<div class=\"flow_hide\">\n<h2 class=\"posttitle bigposttitle\"><a title=\"Enlace Permanente a M\u00e9xico padece una grave crisis de derechos humanos: CIDH\" href=\"http:\/\/www.eloriente.net\/home\/2015\/10\/03\/mexico-padece-una-grave-crisis-de-derechos-humanos-cidh\/\" rel=\"bookmark\">M\u00e9xico padece una grave crisis de derechos humanos: CIDH<\/a><\/h2>\n<\/div>\n<p>(www.eloriente.net, M\u00e9xico, a 03 de octubre de 2015, por Valery L\u00f3pez).- Despu\u00e9s de una visita de cinco d\u00edas por el pa\u00eds, la delegaci\u00f3n de la Comisi\u00f3n Interamericana de\u2026<\/p>\n<p class=\"postmeta\"><span class=\"meta_date\">octubre 3, 2015<\/span><\/p>\n<div class=\"toolbar-social\"><\/div>\n<\/div>\n<div class=\"featuredpost\">\n<div class=\"flow_hide\">\n<p><a href=\"http:\/\/www.eloriente.net\/home\/2015\/10\/03\/mexicanos-desarrollarian-primeras-vacunas-contra-el-cancer-para-2022\/\" rel=\"bookmark\"><img decoding=\"async\" class=\"alignleft\" title=\"Mexicanos desarrollar\u00edan primeras vacunas contra el c\u00e1ncer para 2022\" src=\"http:\/\/www.eloriente.net\/home\/wp-content\/themes\/city-desk\/timthumb.php?src=http%3A%2F%2Fwww.eloriente.net%2Fhome%2Fwp-content%2Fuploads%2F2015%2F10%2FVaccine-1361703500_21.jpg&amp;q=90&amp;w=70&amp;h=45&amp;zc=1\" alt=\"Mexicanos desarrollar\u00edan primeras vacunas contra el c\u00e1ncer para 2022\" \/><\/a><\/p>\n<h2 class=\"posttitle \"><a title=\"Enlace Permanente a Mexicanos desarrollar\u00edan primeras vacunas contra el c\u00e1ncer para 2022\" href=\"http:\/\/www.eloriente.net\/home\/2015\/10\/03\/mexicanos-desarrollarian-primeras-vacunas-contra-el-cancer-para-2022\/\" rel=\"bookmark\">Mexicanos desarrollar\u00edan primeras vacunas contra el c\u00e1ncer para 2022<\/a><\/h2>\n<\/div>\n<p>(www.eloriente.net, M\u00e9xico, a 03 de octubre, por Valery L\u00f3pez).- Las primeras vacunas contra el c\u00e1ncer, que lograr\u00edan prevenir la aparici\u00f3n de tumores en personas de alto riesgo\u2026<\/p>\n<p class=\"postmeta\"><span class=\"meta_date\">octubre 3, 2015<\/span><\/p>\n<div class=\"toolbar-social\"><\/div>\n<\/div>\n<div class=\"featuredpost\">\n<div class=\"flow_hide\">\n<p><a href=\"http:\/\/www.eloriente.net\/home\/2015\/10\/01\/el-expreso-del-terror-una-lucha-de-clases-sobre-ruedas-por-hugo-albert-rojano\/\" rel=\"bookmark\"><img decoding=\"async\" class=\"alignleft\" title=\"El Expreso del Terror: Una lucha de clases sobre ruedas, por Hugo Alberto Rojano\" src=\"http:\/\/www.eloriente.net\/home\/wp-content\/themes\/city-desk\/timthumb.php?src=http%3A%2F%2Fwww.eloriente.net%2Fhome%2Fwp-content%2Fuploads%2F2015%2F10%2Fsnow-piercer12.jpg&amp;q=90&amp;w=70&amp;h=45&amp;zc=1\" alt=\"El Expreso del Terror: Una lucha de clases sobre ruedas, por Hugo Alberto Rojano\" \/><\/a><\/p>\n<h2 class=\"posttitle \"><a title=\"Enlace Permanente a El Expreso del Terror: Una lucha de clases sobre ruedas, por Hugo Alberto Rojano\" href=\"http:\/\/www.eloriente.net\/home\/2015\/10\/01\/el-expreso-del-terror-una-lucha-de-clases-sobre-ruedas-por-hugo-albert-rojano\/\" rel=\"bookmark\">El Expreso del Terror: Una lucha de clases sobre ruedas, por Hugo Alberto Rojano<\/a><\/h2>\n<\/div>\n<p>(www.eloriente.net, M\u00e9xico, a 01 de octubre de 2015, por\u00a0Hugo Alberto Rojano P\u00e9rez).- El fin del mundo o los futuros apocal\u00edpticos han sido un tema recurrente en las\u00a0pel\u00edculas de\u2026<\/p>\n<p class=\"postmeta\"><span class=\"meta_date\">octubre 1, 2015<\/span><\/p>\n<\/div>\n\n\t\t\t  <div \n\t\t\t  \tclass = \"fb-comments\" \n\t\t\t  \tdata-href = \"http:\/\/www.eloriente.net\/home\/2015\/10\/04\/problematico-inicio-del-nuevo-sistema-de-emision-de-pasaportes\/\"\n\t\t\t  \tdata-numposts = \"10\"\n\t\t\t\tdata-colorscheme = \"dark\"\n\t\t\t\tdata-order-by = \"social\"\n\t\t\t\tdata-mobile=true>\n\t\t\t  <\/div>\n\t\t  <style>\n\t\t\t.fb_iframe_widget_fluid_desktop iframe {\n\t\t\t    width: 100% !important;\n\t\t\t}\n\t\t  <\/style>\n\t\t  ","protected":false},"excerpt":{"rendered":"<p>Actualizaci\u00f3n (www.eloriente.net, M\u00e9xico a 05 de octubre de 2015, por Valery L\u00f3pez).- Una gran cantidad de mexicanos que esperaban con ansias poder tramitar su pasaporte de manera m\u00e1s r\u00e1pida, eficiente, y c\u00f3moda, han visto frustradas sus ilusiones, pues desde el primero de octubre se han presentado fallas en el nuevo sistema de tr\u00e1mite de pasaporte [&hellip;]<\/p>\n","protected":false},"author":44,"featured_media":39547,"comment_status":"open","ping_status":"open","sticky":false,"template":"","format":"standard","meta":{"_jetpack_memberships_contains_paid_content":false,"footnotes":""},"categories":[32,10,24,19],"tags":[4514,4515,4513,4512,4516,2041,4517],"class_list":["post-39546","post","type-post","status-publish","format-standard","has-post-thumbnail","hentry","category-entradas","category-lo-mas-reciente","category-mexico-y-el-mundo","category-turismo-y-negocios","tag-emision-de-pasaportes","tag-fallas","tag-nuevo-sistema-de-emision","tag-pasaportes","tag-reanuda","tag-sre","tag-tramites"],"jetpack_featured_media_url":"http:\/\/www.eloriente.net\/home\/wp-content\/uploads\/2015\/10\/Atenci\u00f3n-al-p\u00fablico-en-oficinas-de-pasaporte-de-la-SRE.jpg","jetpack_sharing_enabled":true,"_links":{"self":[{"href":"http:\/\/www.eloriente.net\/home\/wp-json\/wp\/v2\/posts\/39546"}],"collection":[{"href":"http:\/\/www.eloriente.net\/home\/wp-json\/wp\/v2\/posts"}],"about":[{"href":"http:\/\/www.eloriente.net\/home\/wp-json\/wp\/v2\/types\/post"}],"author":[{"embeddable":true,"href":"http:\/\/www.eloriente.net\/home\/wp-json\/wp\/v2\/users\/44"}],"replies":[{"embeddable":true,"href":"http:\/\/www.eloriente.net\/home\/wp-json\/wp\/v2\/comments?post=39546"}],"version-history":[{"count":4,"href":"http:\/\/www.eloriente.net\/home\/wp-json\/wp\/v2\/posts\/39546\/revisions"}],"predecessor-version":[{"id":39571,"href":"http:\/\/www.eloriente.net\/home\/wp-json\/wp\/v2\/posts\/39546\/revisions\/39571"}],"wp:featuredmedia":[{"embeddable":true,"href":"http:\/\/www.eloriente.net\/home\/wp-json\/wp\/v2\/media\/39547"}],"wp:attachment":[{"href":"http:\/\/www.eloriente.net\/home\/wp-json\/wp\/v2\/media?parent=39546"}],"wp:term":[{"taxonomy":"category","embeddable":true,"href":"http:\/\/www.eloriente.net\/home\/wp-json\/wp\/v2\/categories?post=39546"},{"taxonomy":"post_tag","embeddable":true,"href":"http:\/\/www.eloriente.net\/home\/wp-json\/wp\/v2\/tags?post=39546"}],"curies":[{"name":"wp","href":"https:\/\/api.w.org\/{rel}","templated":true}]}}