{"id":39663,"date":"2015-10-08T15:56:57","date_gmt":"2015-10-08T21:56:57","guid":{"rendered":"http:\/\/www.eloriente.net\/home\/?p=39663"},"modified":"2015-10-09T11:41:58","modified_gmt":"2015-10-09T17:41:58","slug":"buscara-preparatoria-numero-3-ingresar-al-sistema-nacional-de-bachillerato","status":"publish","type":"post","link":"http:\/\/www.eloriente.net\/home\/2015\/10\/08\/buscara-preparatoria-numero-3-ingresar-al-sistema-nacional-de-bachillerato\/","title":{"rendered":"Buscar\u00e1 Preparatoria n\u00famero 3 ingresar al Sistema Nacional de Bachillerato"},"content":{"rendered":"<p><script src=\"\/\/pagead2.googlesyndication.com\/pagead\/js\/adsbygoogle.js\" async=\"\"><\/script><!-- BANNER ELORIENTE INCRUSTADO NOTAS --> <ins class=\"adsbygoogle\" style=\"display: inline-block; width: 300px; height: 250px;\" data-ad-client=\"ca-pub-1136171134853753\" data-ad-slot=\"7974633627\"><\/ins><script>\/\/ <![CDATA[\n(adsbygoogle = window.adsbygoogle || []).push({});\n\/\/ ]]><\/script><\/p>\n<p>&nbsp;<\/p>\n<p>eloriente.net\/UABJO<\/p>\n<p>08 de octubre de 2015<\/p>\n<p>Huajuapan de Le\u00f3n, Oax.- El rector de la Universidad Aut\u00f3noma \u201cBenito Ju\u00e1rez\u201d\u00a0de Oaxaca (UABJO), Eduardo Mart\u00ednez Helmes, acompa\u00f1ado del director de la\u00a0Escuela Preparatoria n\u00famero 3, Armando Mart\u00ednez Gonz\u00e1lez, inauguraron obras\u00a0de infraestructura en la instituci\u00f3n para beneficiar a cientos de estudiantes.<\/p>\n<p>Las obras entregadas fueron un aula con capacidad para 50 estudiantes,\u00a0pavimentaci\u00f3n de pasillos y construcci\u00f3n de barda perimetral en la parte posterior\u00a0de la Escuela, mismos que constituyen una gran inversi\u00f3n y se han logrado\u00a0gracias al apoyo de la administraci\u00f3n universitaria y a las autoridades municipales.<\/p>\n<p>Tambi\u00e9n se entregaron equipos de c\u00f3mputo, video proyectores, fotocopiadoras,\u00a0impresoras multifuncionales y laptops, con ello se termina de equipar el centro de\u00a0c\u00f3mputo, as\u00ed como las 16 aulas, mismas que contar\u00e1n con pizarrones\u00a0electr\u00f3nicos, pantallas y ca\u00f1\u00f3n, con lo cual se incrementan las herramientas\u00a0educativas a la comunidad estudiantil y docente.<\/p>\n<p>Adem\u00e1s se entreg\u00f3 un veh\u00edculo con capacidad para 22 personas, mismo que\u00a0permitir\u00e1 la movilidad de los estudiantes en la realizaci\u00f3n de actividades\u00a0extracurriculares, as\u00ed como viajes con fines educativos.<\/p>\n<p>Al respecto, el Rector afirm\u00f3 que se demuestra una vez m\u00e1s la capacidad de\u00a0cumplir con los compromisos fijados por la administraci\u00f3n que encabeza y que van\u00a0encaminados a solventar las necesidades de la comunidad universitaria, a quienes\u00a0reconoci\u00f3 su dedicaci\u00f3n, esfuerzo y empe\u00f1o.<\/p>\n<p><script src=\"\/\/pagead2.googlesyndication.com\/pagead\/js\/adsbygoogle.js\" async=\"\"><\/script><!-- BANNER PEQUE\u00d1O PARA ENTRENOTAS EL ORIENTE --> <ins class=\"adsbygoogle\" style=\"display: inline-block; width: 468px; height: 60px;\" data-ad-client=\"ca-pub-1136171134853753\" data-ad-slot=\"4953536424\"><\/ins><script>\/\/ <![CDATA[\n(adsbygoogle = window.adsbygoogle || []).push({});\n\/\/ ]]><\/script><\/p>\n<p>El equipamiento y la infraestructura forman parte de las responsabilidades para\u00a0formular la solicitud de ingreso al Sistema Nacional de Bachillerato (SNB), que por\u00a0primera vez se dar\u00e1 en una escuela preparatoria de la instituci\u00f3n, por lo tanto, el\u00a0Rector refrend\u00f3 el compromiso y manifest\u00f3 su reconocimiento, admiraci\u00f3n y\u00a0respeto.<\/p>\n<p>Agreg\u00f3 que la administraci\u00f3n a su cargo tiene muy claro que con la\u00a0responsabilidad compartida se entregan buenos resultados, al tiempo que afirm\u00f3\u00a0\u201cnuestra Universidad es una instituci\u00f3n digna y democr\u00e1tica que el d\u00eda de hoy\u00a0exige respeto, que no genera ni permite la violencia ni la confrontaci\u00f3n y pugna\u00a0por la legalidad y por el trabajo responsable\u201d.<\/p>\n<p>Durante la ceremonia el director dio a conocer que hace unos d\u00edas se recibi\u00f3 la\u00a0visita de la Comisi\u00f3n Estatal para la Planeaci\u00f3n y Programaci\u00f3n de la Educaci\u00f3n\u00a0Superior (CEPEMS), para la elaboraci\u00f3n de un diagnostico en los requerimientos\u00a0para ingresar al SNB con miras a la evaluaci\u00f3n a realizarse en noviembre.<\/p>\n<p>Adem\u00e1s entreg\u00f3 al Rector, el certificado de calidad que expidi\u00f3 la Asociaci\u00f3n\u00a0Espa\u00f1ola de Normalizaci\u00f3n y Certificaci\u00f3n (AENOR), bajo la norma ISO 9000-2008, que a la letra dice: proceso de ense\u00f1anza-aprendizaje a nivel medio\u00a0superior que incluye el dise\u00f1o, desarrollo, seguimiento de plan de estudios y\u00a0programas de asignatura as\u00ed como el proceso acad\u00e9mico administrativo a nivel\u00a0medio superior desde la administraci\u00f3n, inscripci\u00f3n, y reinscripci\u00f3n apoyado por\u00a0servicios de laboratorios, biblioteca, servicio m\u00e9dico y servicios escolares.<\/p>\n<p>De esta forma se concluy\u00f3 la visita de trabajo a la regi\u00f3n mixteca, con lo cual se\u00a0demuestra una vez m\u00e1s con resultados el producto de los esfuerzos conjuntos en\u00a0beneficio de la comunidad universitaria.<\/p>\n<p><a href=\"http:\/\/www.eloriente.net\/home\/wp-content\/uploads\/2015\/10\/Inauguraci\u00f3n-computo-prepa-3.jpg\"><img loading=\"lazy\" decoding=\"async\" class=\"alignnone size-full wp-image-39664\" src=\"http:\/\/www.eloriente.net\/home\/wp-content\/uploads\/2015\/10\/Inauguraci\u00f3n-computo-prepa-3.jpg\" alt=\"Inauguraci\u00f3n computo prepa 3\" width=\"3300\" height=\"1524\" srcset=\"http:\/\/www.eloriente.net\/home\/wp-content\/uploads\/2015\/10\/Inauguraci\u00f3n-computo-prepa-3.jpg 3300w, http:\/\/www.eloriente.net\/home\/wp-content\/uploads\/2015\/10\/Inauguraci\u00f3n-computo-prepa-3-300x139.jpg 300w, http:\/\/www.eloriente.net\/home\/wp-content\/uploads\/2015\/10\/Inauguraci\u00f3n-computo-prepa-3-1024x473.jpg 1024w, http:\/\/www.eloriente.net\/home\/wp-content\/uploads\/2015\/10\/Inauguraci\u00f3n-computo-prepa-3-900x416.jpg 900w\" sizes=\"(max-width: 3300px) 100vw, 3300px\" \/><\/a><\/p>\n<p><strong>OTRAS ENTRADAS<\/strong><\/p>\n<div class=\"featuredpost\">\n<div class=\"flow_hide\">\n<h2 class=\"posttitle bigposttitle\"><a title=\"Enlace Permanente a Investigadora mexicana descubre que agave podr\u00eda combatir la osteoporosis\" href=\"http:\/\/www.eloriente.net\/home\/2015\/10\/06\/investigadora-mexicana-descubre-que-agave-podria-combatir-la-osteoporosis\/\" rel=\"bookmark\">Investigadora mexicana descubre que agave podr\u00eda combatir la osteoporosis<\/a><\/h2>\n<\/div>\n<p>(www.eloriente.net, M\u00e9xico, 06 de octubre de 2015, por Valery L\u00f3pez).- Hace unos d\u00edas en EL ORIENTE inform\u00e1bamos sobre el desarrollo de una vacuna contra el c\u00e1ncer\u00a0a cargo\u00a0de\u2026<\/p>\n<p class=\"postmeta\"><span class=\"meta_date\">octubre 6, 2015<\/span><\/p>\n<div class=\"toolbar-social\"><\/div>\n<\/div>\n<div class=\"featuredpost\">\n<div class=\"flow_hide\">\n<p><a href=\"http:\/\/www.eloriente.net\/home\/2015\/10\/06\/mexicanos-consideran-a-internet-como-el-medio-mas-confiable\/\" rel=\"bookmark\"><img decoding=\"async\" class=\"alignleft\" title=\"84% en Baja California y 49% en Guerrero, el porcentaje de personas que usan internet en M\u00e9xico\" src=\"http:\/\/www.eloriente.net\/home\/wp-content\/themes\/city-desk\/timthumb.php?src=http%3A%2F%2Fwww.eloriente.net%2Fhome%2Fwp-content%2Fuploads%2F2015%2F10%2FQu%C3%A9-tan-conecyado-est%C3%A1-M%C3%A9xico.png&amp;q=90&amp;w=70&amp;h=45&amp;zc=1\" alt=\"84% en Baja California y 49% en Guerrero, el porcentaje de personas que usan internet en M\u00e9xico\" \/><\/a><\/p>\n<h2 class=\"posttitle \"><a title=\"Enlace Permanente a 84% en Baja California y 49% en Guerrero, el porcentaje de personas que usan internet en M\u00e9xico\" href=\"http:\/\/www.eloriente.net\/home\/2015\/10\/06\/mexicanos-consideran-a-internet-como-el-medio-mas-confiable\/\" rel=\"bookmark\">84% en Baja California y 49% en Guerrero, el porcentaje de personas que usan internet en M\u00e9xico<\/a><\/h2>\n<\/div>\n<p>(www.eloriente.net, M\u00e9xico, 06 de octubre de 2015).- Cada d\u00eda m\u00e1s personas tienen acceso a internet. La expansi\u00f3n de los tel\u00e9fonos inteligentes en el mercado, as\u00ed como las\u2026<\/p>\n<p class=\"postmeta\"><span class=\"meta_date\">octubre 6, 2015<\/span><\/p>\n<div class=\"toolbar-social\"><\/div>\n<\/div>\n<div class=\"featuredpost\">\n<div class=\"flow_hide\">\n<p><a href=\"http:\/\/www.eloriente.net\/home\/2015\/10\/06\/el-uso-de-las-redes-sociales-en-la-ensenanza-de-idiomas-el-uso-de-face-book-por-diego-gonzalez-algara\/\" rel=\"bookmark\"><img decoding=\"async\" class=\"alignleft\" title=\"El uso de las redes sociales en la ense\u00f1anza de idiomas: el uso de Facebook, por Diego Gonz\u00e1lez Algara\" src=\"http:\/\/www.eloriente.net\/home\/wp-content\/themes\/city-desk\/timthumb.php?src=http%3A%2F%2Fwww.eloriente.net%2Fhome%2Fwp-content%2Fuploads%2F2015%2F10%2FFacebook-Educaci%C3%B3n.jpg&amp;q=90&amp;w=70&amp;h=45&amp;zc=1\" alt=\"El uso de las redes sociales en la ense\u00f1anza de idiomas: el uso de Facebook, por Diego Gonz\u00e1lez Algara\" \/><\/a><\/p>\n<h2 class=\"posttitle \"><a title=\"Enlace Permanente a El uso de las redes sociales en la ense\u00f1anza de idiomas: el uso de Facebook, por Diego Gonz\u00e1lez Algara\" href=\"http:\/\/www.eloriente.net\/home\/2015\/10\/06\/el-uso-de-las-redes-sociales-en-la-ensenanza-de-idiomas-el-uso-de-face-book-por-diego-gonzalez-algara\/\" rel=\"bookmark\">El uso de las redes sociales en la ense\u00f1anza de idiomas: el uso de Facebook, por Diego Gonz\u00e1lez Algara<\/a><\/h2>\n<\/div>\n<p>(www.eloriente.net, M\u00e9xico, a 06 de octubre de 2015, por Diego G\u00f3nzalez Algara).- \u00a0En este art\u00edculo se analiza el uso del Facebook como una herramienta educativa en la\u00a0ense\u00f1anza-aprendizaje de\u2026<\/p>\n<p class=\"postmeta\"><span class=\"meta_date\">octubre 6, 2015<\/span><\/p>\n<\/div>\n\n\t\t\t  <div \n\t\t\t  \tclass = \"fb-comments\" \n\t\t\t  \tdata-href = \"http:\/\/www.eloriente.net\/home\/2015\/10\/08\/buscara-preparatoria-numero-3-ingresar-al-sistema-nacional-de-bachillerato\/\"\n\t\t\t  \tdata-numposts = \"10\"\n\t\t\t\tdata-colorscheme = \"dark\"\n\t\t\t\tdata-order-by = \"social\"\n\t\t\t\tdata-mobile=true>\n\t\t\t  <\/div>\n\t\t  <style>\n\t\t\t.fb_iframe_widget_fluid_desktop iframe {\n\t\t\t    width: 100% !important;\n\t\t\t}\n\t\t  <\/style>\n\t\t  ","protected":false},"excerpt":{"rendered":"<p>&nbsp; eloriente.net\/UABJO 08 de octubre de 2015 Huajuapan de Le\u00f3n, Oax.- El rector de la Universidad Aut\u00f3noma \u201cBenito Ju\u00e1rez\u201d\u00a0de Oaxaca (UABJO), Eduardo Mart\u00ednez Helmes, acompa\u00f1ado del director de la\u00a0Escuela Preparatoria n\u00famero 3, Armando Mart\u00ednez Gonz\u00e1lez, inauguraron obras\u00a0de infraestructura en la instituci\u00f3n para beneficiar a cientos de estudiantes. Las obras entregadas fueron un aula con capacidad [&hellip;]<\/p>\n","protected":false},"author":44,"featured_media":39664,"comment_status":"open","ping_status":"open","sticky":false,"template":"","format":"standard","meta":{"_jetpack_memberships_contains_paid_content":false,"footnotes":""},"categories":[1588,18,32,63,23,464,84],"tags":[4574,4572,3760,896,4570,4571,4575,4576,182,4573],"class_list":["post-39663","post","type-post","status-publish","format-standard","has-post-thumbnail","hentry","category-comunicados-y-boletines","category-educacion-y-cultura","category-entradas","category-estados","category-municipios","category-oaxaca-estados","category-universidades","tag-cepems","tag-computo","tag-eduardo-martinez-helmes","tag-inauguracion","tag-prepa-3","tag-preparatoria-numero-3","tag-sistema-nacional-de-bachillerato","tag-snb","tag-uabjo","tag-vehiculo"],"jetpack_featured_media_url":"http:\/\/www.eloriente.net\/home\/wp-content\/uploads\/2015\/10\/Inauguraci\u00f3n-computo-prepa-3.jpg","jetpack_sharing_enabled":true,"_links":{"self":[{"href":"http:\/\/www.eloriente.net\/home\/wp-json\/wp\/v2\/posts\/39663"}],"collection":[{"href":"http:\/\/www.eloriente.net\/home\/wp-json\/wp\/v2\/posts"}],"about":[{"href":"http:\/\/www.eloriente.net\/home\/wp-json\/wp\/v2\/types\/post"}],"author":[{"embeddable":true,"href":"http:\/\/www.eloriente.net\/home\/wp-json\/wp\/v2\/users\/44"}],"replies":[{"embeddable":true,"href":"http:\/\/www.eloriente.net\/home\/wp-json\/wp\/v2\/comments?post=39663"}],"version-history":[{"count":1,"href":"http:\/\/www.eloriente.net\/home\/wp-json\/wp\/v2\/posts\/39663\/revisions"}],"predecessor-version":[{"id":39665,"href":"http:\/\/www.eloriente.net\/home\/wp-json\/wp\/v2\/posts\/39663\/revisions\/39665"}],"wp:featuredmedia":[{"embeddable":true,"href":"http:\/\/www.eloriente.net\/home\/wp-json\/wp\/v2\/media\/39664"}],"wp:attachment":[{"href":"http:\/\/www.eloriente.net\/home\/wp-json\/wp\/v2\/media?parent=39663"}],"wp:term":[{"taxonomy":"category","embeddable":true,"href":"http:\/\/www.eloriente.net\/home\/wp-json\/wp\/v2\/categories?post=39663"},{"taxonomy":"post_tag","embeddable":true,"href":"http:\/\/www.eloriente.net\/home\/wp-json\/wp\/v2\/tags?post=39663"}],"curies":[{"name":"wp","href":"https:\/\/api.w.org\/{rel}","templated":true}]}}