{"id":39666,"date":"2015-10-09T06:21:54","date_gmt":"2015-10-09T12:21:54","guid":{"rendered":"http:\/\/www.eloriente.net\/home\/?p=39666"},"modified":"2015-10-09T12:29:53","modified_gmt":"2015-10-09T18:29:53","slug":"sergio-lopez-exige-todo-el-peso-de-ley-para-responsables-de-asesinato","status":"publish","type":"post","link":"http:\/\/www.eloriente.net\/home\/2015\/10\/09\/sergio-lopez-exige-todo-el-peso-de-ley-para-responsables-de-asesinato\/","title":{"rendered":"Sergio L\u00f3pez exige todo el peso de la ley para responsables de asesinato"},"content":{"rendered":"<p><script src=\"\/\/pagead2.googlesyndication.com\/pagead\/js\/adsbygoogle.js\" async=\"\"><\/script><!-- BANNER ELORIENTE INCRUSTADO NOTAS --> <ins class=\"adsbygoogle\" style=\"display: inline-block; width: 300px; height: 250px;\" data-ad-client=\"ca-pub-1136171134853753\" data-ad-slot=\"7974633627\"><\/ins><script>\/\/ <![CDATA[\n(adsbygoogle = window.adsbygoogle || []).push({});\n\/\/ ]]><\/script><br \/>\n(www.eloriente.net, M\u00e9xico, a 08 de octubre de 2015, por Valery L\u00f3pez).- Luego de 12 de d\u00edas de haber sido reportado como desaparecido, Mario S\u00e1nchez Cuevas, edil de San Miguel el Grande, Tlaxiaco, fue hallado sin vida al costado de un camino .<\/p>\n<p>De acuerdo con informaci\u00f3n de el agente municipal de Progreso, Chalcatongo de Hidalgo, Fortino Nicol\u00e1s Nicol\u00e1s, el cad\u00e1ver fue encontrado\u00a0el d\u00eda de ayer alrededor de las 18:00 horas a un costado del camino que comunica a las localidades de San Pedro Molinos y Chalcatongo de Hidalgo. El hallazgo fue realizado por una madre y su hija que iban regresando de\u00a0cuidar ganado, cuando se percataron de la presencia del cuerpo de una persona en estado de putrefacci\u00f3n por lo que dieron aviso a las autoridades.<\/p>\n<p>Mario S\u00e1nchez Cuevas hab\u00eda sido visto por \u00faltima vez el pasado 25 de septiembre cuando, al rededor de las 07:00 horas, sali\u00f3 de su casa con destino a la agencia Municipal de Iturbide, donde ratificar\u00eda apoyos para la fiesta patronal de San Miguel el Grande.<\/p>\n<p>Luego de que fuera reportada su desaparici\u00f3n, la Agencia Estatal de Investigaciones (AEI) en conjunto con la Polic\u00eda Estatal realizaron operativos \u00a0de b\u00fasqueda, los cuales dieron como resultado fueron detenidas dos personas y aseguradas dos camionetas, as\u00ed como la motocicleta en la que se transportaba el edil.<\/p>\n<p><script src=\"\/\/pagead2.googlesyndication.com\/pagead\/js\/adsbygoogle.js\" async=\"\"><\/script><!-- BANNER PEQUE\u00d1O PARA ENTRENOTAS EL ORIENTE --> <ins class=\"adsbygoogle\" style=\"display: inline-block; width: 468px; height: 60px;\" data-ad-client=\"ca-pub-1136171134853753\" data-ad-slot=\"4953536424\"><\/ins><script>\/\/ <![CDATA[\n(adsbygoogle = window.adsbygoogle || []).push({});\n\/\/ ]]><\/script><\/p>\n<p>Hasta el momento s\u00f3lo el diputado del distrito 05, Sergio L\u00f3pez S\u00e1nchez, se ha opinado con respecto este crimen. En audio publicado por\u00a0<a href=\"http:\/\/www.grupoinformativoamsa.com\/2015\/10\/08\/audio-castigo-para-los-homicidas-del-edil-de-san-miguel-el-grande-exige-diputado-federal-por-tlaxiaco\/\" target=\"_blank\">Grupo Informativo AMSA<\/a>, L\u00f3pez S\u00e1nchez se expresa en contra de este suceso y menciona lo siguiente que\u00a0\u00abEs un Hecho por dem\u00e1s lamentable, estamos exigiendo la aplicaci\u00f3n de la justicia y todo el peso de la ley para los responsables de este artero crimen, de este cobarde asesinato.\u00bb<\/p>\n<p><a href=\"http:\/\/www.eloriente.net\/home\/wp-content\/uploads\/2012\/10\/tlaxiaco.jpg\"><img loading=\"lazy\" decoding=\"async\" class=\"alignnone size-medium wp-image-3729\" src=\"http:\/\/www.eloriente.net\/home\/wp-content\/uploads\/2012\/10\/tlaxiaco-300x200.jpg\" alt=\"tlaxiaco\" width=\"300\" height=\"200\" srcset=\"http:\/\/www.eloriente.net\/home\/wp-content\/uploads\/2012\/10\/tlaxiaco-300x200.jpg 300w, http:\/\/www.eloriente.net\/home\/wp-content\/uploads\/2012\/10\/tlaxiaco.jpg 600w\" sizes=\"(max-width: 300px) 100vw, 300px\" \/><\/a><\/p>\n<p>&nbsp;<\/p>\n<p><strong>OTRAS ENTRADAS<\/strong><\/p>\n<div class=\"featuredpost\">\n<div class=\"flow_hide\">\n<h2 class=\"posttitle bigposttitle\"><a title=\"Enlace Permanente a Investigadora mexicana descubre que agave podr\u00eda combatir la osteoporosis\" href=\"http:\/\/www.eloriente.net\/home\/2015\/10\/06\/investigadora-mexicana-descubre-que-agave-podria-combatir-la-osteoporosis\/\" rel=\"bookmark\">Investigadora mexicana descubre que agave podr\u00eda combatir la osteoporosis<\/a><\/h2>\n<\/div>\n<p>(www.eloriente.net, M\u00e9xico, 06 de octubre de 2015, por Valery L\u00f3pez).- Hace unos d\u00edas en EL ORIENTE inform\u00e1bamos sobre el desarrollo de una vacuna contra el c\u00e1ncer\u00a0a cargo\u00a0de\u2026<\/p>\n<p class=\"postmeta\"><span class=\"meta_date\">octubre 6, 2015<\/span><\/p>\n<div class=\"toolbar-social\"><\/div>\n<\/div>\n<div class=\"featuredpost\">\n<div class=\"flow_hide\">\n<p><a href=\"http:\/\/www.eloriente.net\/home\/2015\/10\/06\/mexicanos-consideran-a-internet-como-el-medio-mas-confiable\/\" rel=\"bookmark\"><img decoding=\"async\" class=\"alignleft\" title=\"84% en Baja California y 49% en Guerrero, el porcentaje de personas que usan internet en M\u00e9xico\" src=\"http:\/\/www.eloriente.net\/home\/wp-content\/themes\/city-desk\/timthumb.php?src=http%3A%2F%2Fwww.eloriente.net%2Fhome%2Fwp-content%2Fuploads%2F2015%2F10%2FQu%C3%A9-tan-conecyado-est%C3%A1-M%C3%A9xico.png&amp;q=90&amp;w=70&amp;h=45&amp;zc=1\" alt=\"84% en Baja California y 49% en Guerrero, el porcentaje de personas que usan internet en M\u00e9xico\" \/><\/a><\/p>\n<h2 class=\"posttitle \"><a title=\"Enlace Permanente a 84% en Baja California y 49% en Guerrero, el porcentaje de personas que usan internet en M\u00e9xico\" href=\"http:\/\/www.eloriente.net\/home\/2015\/10\/06\/mexicanos-consideran-a-internet-como-el-medio-mas-confiable\/\" rel=\"bookmark\">84% en Baja California y 49% en Guerrero, el porcentaje de personas que usan internet en M\u00e9xico<\/a><\/h2>\n<\/div>\n<p>(www.eloriente.net, M\u00e9xico, 06 de octubre de 2015).- Cada d\u00eda m\u00e1s personas tienen acceso a internet. La expansi\u00f3n de los tel\u00e9fonos inteligentes en el mercado, as\u00ed como las\u2026<\/p>\n<p class=\"postmeta\"><span class=\"meta_date\">octubre 6, 2015<\/span><\/p>\n<div class=\"toolbar-social\"><\/div>\n<\/div>\n<div class=\"featuredpost\">\n<div class=\"flow_hide\">\n<p><a href=\"http:\/\/www.eloriente.net\/home\/2015\/10\/06\/el-uso-de-las-redes-sociales-en-la-ensenanza-de-idiomas-el-uso-de-face-book-por-diego-gonzalez-algara\/\" rel=\"bookmark\"><img decoding=\"async\" class=\"alignleft\" title=\"El uso de las redes sociales en la ense\u00f1anza de idiomas: el uso de Facebook, por Diego Gonz\u00e1lez Algara\" src=\"http:\/\/www.eloriente.net\/home\/wp-content\/themes\/city-desk\/timthumb.php?src=http%3A%2F%2Fwww.eloriente.net%2Fhome%2Fwp-content%2Fuploads%2F2015%2F10%2FFacebook-Educaci%C3%B3n.jpg&amp;q=90&amp;w=70&amp;h=45&amp;zc=1\" alt=\"El uso de las redes sociales en la ense\u00f1anza de idiomas: el uso de Facebook, por Diego Gonz\u00e1lez Algara\" \/><\/a><\/p>\n<h2 class=\"posttitle \"><a title=\"Enlace Permanente a El uso de las redes sociales en la ense\u00f1anza de idiomas: el uso de Facebook, por Diego Gonz\u00e1lez Algara\" href=\"http:\/\/www.eloriente.net\/home\/2015\/10\/06\/el-uso-de-las-redes-sociales-en-la-ensenanza-de-idiomas-el-uso-de-face-book-por-diego-gonzalez-algara\/\" rel=\"bookmark\">El uso de las redes sociales en la ense\u00f1anza de idiomas: el uso de Facebook, por Diego Gonz\u00e1lez Algara<\/a><\/h2>\n<\/div>\n<p>(www.eloriente.net, M\u00e9xico, a 06 de octubre de 2015, por Diego G\u00f3nzalez Algara).- \u00a0En este art\u00edculo se analiza el uso del Facebook como una herramienta educativa en la\u00a0ense\u00f1anza-aprendizaje de\u2026<\/p>\n<p class=\"postmeta\"><span class=\"meta_date\">octubre 6, 2015<\/span><\/p>\n<\/div>\n\n\t\t\t  <div \n\t\t\t  \tclass = \"fb-comments\" \n\t\t\t  \tdata-href = \"http:\/\/www.eloriente.net\/home\/2015\/10\/09\/sergio-lopez-exige-todo-el-peso-de-ley-para-responsables-de-asesinato\/\"\n\t\t\t  \tdata-numposts = \"10\"\n\t\t\t\tdata-colorscheme = \"dark\"\n\t\t\t\tdata-order-by = \"social\"\n\t\t\t\tdata-mobile=true>\n\t\t\t  <\/div>\n\t\t  <style>\n\t\t\t.fb_iframe_widget_fluid_desktop iframe {\n\t\t\t    width: 100% !important;\n\t\t\t}\n\t\t  <\/style>\n\t\t  ","protected":false},"excerpt":{"rendered":"<p>(www.eloriente.net, M\u00e9xico, a 08 de octubre de 2015, por Valery L\u00f3pez).- Luego de 12 de d\u00edas de haber sido reportado como desaparecido, Mario S\u00e1nchez Cuevas, edil de San Miguel el Grande, Tlaxiaco, fue hallado sin vida al costado de un camino . De acuerdo con informaci\u00f3n de el agente municipal de Progreso, Chalcatongo de Hidalgo, [&hellip;]<\/p>\n","protected":false},"author":44,"featured_media":3729,"comment_status":"open","ping_status":"open","sticky":false,"template":"","format":"standard","meta":{"_jetpack_memberships_contains_paid_content":false,"footnotes":""},"categories":[91,32,63,23,464],"tags":[4590,293,4591,4589,4588,4592,4587],"class_list":["post-39666","post","type-post","status-publish","format-standard","has-post-thumbnail","hentry","category-congreso-y-justicia","category-entradas","category-estados","category-municipios","category-oaxaca-estados","tag-cadaver","tag-diputado","tag-edil","tag-encontrado","tag-san-miguel-el-grande","tag-sergio-lopez","tag-tlaxiaco"],"jetpack_featured_media_url":"http:\/\/www.eloriente.net\/home\/wp-content\/uploads\/2012\/10\/tlaxiaco.jpg","jetpack_sharing_enabled":true,"_links":{"self":[{"href":"http:\/\/www.eloriente.net\/home\/wp-json\/wp\/v2\/posts\/39666"}],"collection":[{"href":"http:\/\/www.eloriente.net\/home\/wp-json\/wp\/v2\/posts"}],"about":[{"href":"http:\/\/www.eloriente.net\/home\/wp-json\/wp\/v2\/types\/post"}],"author":[{"embeddable":true,"href":"http:\/\/www.eloriente.net\/home\/wp-json\/wp\/v2\/users\/44"}],"replies":[{"embeddable":true,"href":"http:\/\/www.eloriente.net\/home\/wp-json\/wp\/v2\/comments?post=39666"}],"version-history":[{"count":4,"href":"http:\/\/www.eloriente.net\/home\/wp-json\/wp\/v2\/posts\/39666\/revisions"}],"predecessor-version":[{"id":39697,"href":"http:\/\/www.eloriente.net\/home\/wp-json\/wp\/v2\/posts\/39666\/revisions\/39697"}],"wp:featuredmedia":[{"embeddable":true,"href":"http:\/\/www.eloriente.net\/home\/wp-json\/wp\/v2\/media\/3729"}],"wp:attachment":[{"href":"http:\/\/www.eloriente.net\/home\/wp-json\/wp\/v2\/media?parent=39666"}],"wp:term":[{"taxonomy":"category","embeddable":true,"href":"http:\/\/www.eloriente.net\/home\/wp-json\/wp\/v2\/categories?post=39666"},{"taxonomy":"post_tag","embeddable":true,"href":"http:\/\/www.eloriente.net\/home\/wp-json\/wp\/v2\/tags?post=39666"}],"curies":[{"name":"wp","href":"https:\/\/api.w.org\/{rel}","templated":true}]}}