{"id":39668,"date":"2015-10-09T01:05:38","date_gmt":"2015-10-09T07:05:38","guid":{"rendered":"http:\/\/www.eloriente.net\/home\/?p=39668"},"modified":"2015-10-09T11:37:54","modified_gmt":"2015-10-09T17:37:54","slug":"jaime-rodriguez-el-bronco-y-memo-renteria-en-conferencia-magistral","status":"publish","type":"post","link":"http:\/\/www.eloriente.net\/home\/2015\/10\/09\/jaime-rodriguez-el-bronco-y-memo-renteria-en-conferencia-magistral\/","title":{"rendered":"Video: Jaime Rodr\u00edguez \u00abEl Bronco\u00bb y Memo Renter\u00eda en conferencia magistral"},"content":{"rendered":"<p><script src=\"\/\/pagead2.googlesyndication.com\/pagead\/js\/adsbygoogle.js\" async=\"\"><\/script><!-- BANNER ELORIENTE INCRUSTADO NOTAS --> <ins class=\"adsbygoogle\" style=\"display: inline-block; width: 300px; height: 250px;\" data-ad-client=\"ca-pub-1136171134853753\" data-ad-slot=\"7974633627\"><\/ins><script>\/\/ <![CDATA[\n(adsbygoogle = window.adsbygoogle || []).push({});\n\/\/ ]]><\/script><\/p>\n<p>&nbsp;<\/p>\n<p>(www.eloriente.net, M\u00e9xico, a 08 de octubre de 2015, por Valery L\u00f3pez).-\u00a0El pasado 24 y 25 de septiembre se realiz\u00f3 en Puebla el Congreso \u00ab<a href=\"http:\/\/www.spindoctors2016.com\/\" target=\"_blank\">Los Spin Doctors<\/a>\u00ab, un espacio que re\u00fane a las personas detr\u00e1s de las campa\u00f1as pol\u00edticas m\u00e1s exitosas en los \u00faltimos a\u00f1os para compartir sus experiencias y conocimientos con los asistentes.<\/p>\n<p>Una de las conferencias magistrales m\u00e1s interesantes del evento fue la realizada conjuntamente entre Jaime Rodr\u00edguez \u00abEl Bronco\u00bb, primer gobernador independiente de Nuevo Le\u00f3n, y <a href=\"http:\/\/www.memorenteria.com\/\" target=\"_blank\">Memo Renter\u00eda<\/a>, quien estuvo a cargo de la exitosa campa\u00f1a pol\u00edtica que llev\u00f3 a \u00abEl Bronco\u00bb a ganar la gubernatura.<\/p>\n<p>Esta conferencia la pudiste disfrutar a trav\u00e9s del canal de Periscope de ELORIENTE, pero si te la perdiste, te tenemos la excelente noticia de que a continuaci\u00f3n te traemos en video gran parte de la misma, \u00a1Disfr\u00fatala!.<\/p>\n<p><script src=\"\/\/pagead2.googlesyndication.com\/pagead\/js\/adsbygoogle.js\" async=\"\"><\/script><!-- BANNER PEQUE\u00d1O PARA ENTRENOTAS EL ORIENTE --> <ins class=\"adsbygoogle\" style=\"display: inline-block; width: 468px; height: 60px;\" data-ad-client=\"ca-pub-1136171134853753\" data-ad-slot=\"4953536424\"><\/ins><script>\/\/ <![CDATA[\n(adsbygoogle = window.adsbygoogle || []).push({});\n\/\/ ]]><\/script><\/p>\n<p><iframe loading=\"lazy\" src=\"https:\/\/www.youtube.com\/embed\/S1sz8wl4ZKA\" width=\"560\" height=\"315\" frameborder=\"0\" allowfullscreen=\"allowfullscreen\"><\/iframe><\/p>\n<p><a href=\"http:\/\/www.eloriente.net\/home\/wp-content\/uploads\/2015\/10\/El-Bronco-y-Memo-Renter\u00eda-por-@Jaime-Rodr\u00edguez-Calder\u00f3n.jpg\"><img loading=\"lazy\" decoding=\"async\" class=\"alignnone size-medium wp-image-39680\" src=\"http:\/\/www.eloriente.net\/home\/wp-content\/uploads\/2015\/10\/El-Bronco-y-Memo-Renter\u00eda-por-@Jaime-Rodr\u00edguez-Calder\u00f3n-300x224.jpg\" alt=\"El Bronco y Memo Renter\u00eda por @Jaime Rodr\u00edguez Calder\u00f3n\" width=\"300\" height=\"224\" srcset=\"http:\/\/www.eloriente.net\/home\/wp-content\/uploads\/2015\/10\/El-Bronco-y-Memo-Renter\u00eda-por-@Jaime-Rodr\u00edguez-Calder\u00f3n-300x224.jpg 300w, http:\/\/www.eloriente.net\/home\/wp-content\/uploads\/2015\/10\/El-Bronco-y-Memo-Renter\u00eda-por-@Jaime-Rodr\u00edguez-Calder\u00f3n-1024x765.jpg 1024w, http:\/\/www.eloriente.net\/home\/wp-content\/uploads\/2015\/10\/El-Bronco-y-Memo-Renter\u00eda-por-@Jaime-Rodr\u00edguez-Calder\u00f3n-900x672.jpg 900w, http:\/\/www.eloriente.net\/home\/wp-content\/uploads\/2015\/10\/El-Bronco-y-Memo-Renter\u00eda-por-@Jaime-Rodr\u00edguez-Calder\u00f3n.jpg 1280w\" sizes=\"(max-width: 300px) 100vw, 300px\" \/><\/a><\/p>\n<p><strong>OTRAS ENTRADAS<\/strong><\/p>\n<div class=\"featuredpost\">\n<div class=\"flow_hide\">\n<h2 class=\"posttitle bigposttitle\"><a title=\"Enlace Permanente a Investigadora mexicana descubre que agave podr\u00eda combatir la osteoporosis\" href=\"http:\/\/www.eloriente.net\/home\/2015\/10\/06\/investigadora-mexicana-descubre-que-agave-podria-combatir-la-osteoporosis\/\" rel=\"bookmark\">Investigadora mexicana descubre que agave podr\u00eda combatir la osteoporosis<\/a><\/h2>\n<\/div>\n<p>(www.eloriente.net, M\u00e9xico, 06 de octubre de 2015, por Valery L\u00f3pez).- Hace unos d\u00edas en EL ORIENTE inform\u00e1bamos sobre el desarrollo de una vacuna contra el c\u00e1ncer\u00a0a cargo\u00a0de\u2026<\/p>\n<p class=\"postmeta\"><span class=\"meta_date\">octubre 6, 2015<\/span><\/p>\n<div class=\"toolbar-social\"><\/div>\n<\/div>\n<div class=\"featuredpost\">\n<div class=\"flow_hide\">\n<p><a href=\"http:\/\/www.eloriente.net\/home\/2015\/10\/06\/mexicanos-consideran-a-internet-como-el-medio-mas-confiable\/\" rel=\"bookmark\"><img decoding=\"async\" class=\"alignleft\" title=\"84% en Baja California y 49% en Guerrero, el porcentaje de personas que usan internet en M\u00e9xico\" src=\"http:\/\/www.eloriente.net\/home\/wp-content\/themes\/city-desk\/timthumb.php?src=http%3A%2F%2Fwww.eloriente.net%2Fhome%2Fwp-content%2Fuploads%2F2015%2F10%2FQu%C3%A9-tan-conecyado-est%C3%A1-M%C3%A9xico.png&amp;q=90&amp;w=70&amp;h=45&amp;zc=1\" alt=\"84% en Baja California y 49% en Guerrero, el porcentaje de personas que usan internet en M\u00e9xico\" \/><\/a><\/p>\n<h2 class=\"posttitle \"><a title=\"Enlace Permanente a 84% en Baja California y 49% en Guerrero, el porcentaje de personas que usan internet en M\u00e9xico\" href=\"http:\/\/www.eloriente.net\/home\/2015\/10\/06\/mexicanos-consideran-a-internet-como-el-medio-mas-confiable\/\" rel=\"bookmark\">84% en Baja California y 49% en Guerrero, el porcentaje de personas que usan internet en M\u00e9xico<\/a><\/h2>\n<\/div>\n<p>(www.eloriente.net, M\u00e9xico, 06 de octubre de 2015).- Cada d\u00eda m\u00e1s personas tienen acceso a internet. La expansi\u00f3n de los tel\u00e9fonos inteligentes en el mercado, as\u00ed como las\u2026<\/p>\n<p class=\"postmeta\"><span class=\"meta_date\">octubre 6, 2015<\/span><\/p>\n<div class=\"toolbar-social\"><\/div>\n<\/div>\n<div class=\"featuredpost\">\n<div class=\"flow_hide\">\n<p><a href=\"http:\/\/www.eloriente.net\/home\/2015\/10\/06\/el-uso-de-las-redes-sociales-en-la-ensenanza-de-idiomas-el-uso-de-face-book-por-diego-gonzalez-algara\/\" rel=\"bookmark\"><img decoding=\"async\" class=\"alignleft\" title=\"El uso de las redes sociales en la ense\u00f1anza de idiomas: el uso de Facebook, por Diego Gonz\u00e1lez Algara\" src=\"http:\/\/www.eloriente.net\/home\/wp-content\/themes\/city-desk\/timthumb.php?src=http%3A%2F%2Fwww.eloriente.net%2Fhome%2Fwp-content%2Fuploads%2F2015%2F10%2FFacebook-Educaci%C3%B3n.jpg&amp;q=90&amp;w=70&amp;h=45&amp;zc=1\" alt=\"El uso de las redes sociales en la ense\u00f1anza de idiomas: el uso de Facebook, por Diego Gonz\u00e1lez Algara\" \/><\/a><\/p>\n<h2 class=\"posttitle \"><a title=\"Enlace Permanente a El uso de las redes sociales en la ense\u00f1anza de idiomas: el uso de Facebook, por Diego Gonz\u00e1lez Algara\" href=\"http:\/\/www.eloriente.net\/home\/2015\/10\/06\/el-uso-de-las-redes-sociales-en-la-ensenanza-de-idiomas-el-uso-de-face-book-por-diego-gonzalez-algara\/\" rel=\"bookmark\">El uso de las redes sociales en la ense\u00f1anza de idiomas: el uso de Facebook, por Diego Gonz\u00e1lez Algara<\/a><\/h2>\n<\/div>\n<p>(www.eloriente.net, M\u00e9xico, a 06 de octubre de 2015, por Diego G\u00f3nzalez Algara).- \u00a0En este art\u00edculo se analiza el uso del Facebook como una herramienta educativa en la\u00a0ense\u00f1anza-aprendizaje de\u2026<\/p>\n<p class=\"postmeta\"><span class=\"meta_date\">octubre 6, 2015<\/span><\/p>\n<\/div>\n\n\t\t\t  <div \n\t\t\t  \tclass = \"fb-comments\" \n\t\t\t  \tdata-href = \"http:\/\/www.eloriente.net\/home\/2015\/10\/09\/jaime-rodriguez-el-bronco-y-memo-renteria-en-conferencia-magistral\/\"\n\t\t\t  \tdata-numposts = \"10\"\n\t\t\t\tdata-colorscheme = \"dark\"\n\t\t\t\tdata-order-by = \"social\"\n\t\t\t\tdata-mobile=true>\n\t\t\t  <\/div>\n\t\t  <style>\n\t\t\t.fb_iframe_widget_fluid_desktop iframe {\n\t\t\t    width: 100% !important;\n\t\t\t}\n\t\t  <\/style>\n\t\t  ","protected":false},"excerpt":{"rendered":"<p>&nbsp; (www.eloriente.net, M\u00e9xico, a 08 de octubre de 2015, por Valery L\u00f3pez).-\u00a0El pasado 24 y 25 de septiembre se realiz\u00f3 en Puebla el Congreso \u00abLos Spin Doctors\u00ab, un espacio que re\u00fane a las personas detr\u00e1s de las campa\u00f1as pol\u00edticas m\u00e1s exitosas en los \u00faltimos a\u00f1os para compartir sus experiencias y conocimientos con los asistentes. Una [&hellip;]<\/p>\n","protected":false},"author":44,"featured_media":39680,"comment_status":"open","ping_status":"open","sticky":false,"template":"","format":"standard","meta":{"_jetpack_memberships_contains_paid_content":false,"footnotes":""},"categories":[32,10,21,31],"tags":[515,4578,4580,4577,4582,738,4579,4581],"class_list":["post-39668","post","type-post","status-publish","format-standard","has-post-thumbnail","hentry","category-entradas","category-lo-mas-reciente","category-politica-y-gobierno","category-principal","tag-conferencia","tag-el-bronco","tag-guillermo-renteria","tag-jaime-rodriguez-calderon","tag-los-spin-doctors","tag-marketing","tag-memo-renteria","tag-politico"],"jetpack_featured_media_url":"http:\/\/www.eloriente.net\/home\/wp-content\/uploads\/2015\/10\/El-Bronco-y-Memo-Renter\u00eda-por-@Jaime-Rodr\u00edguez-Calder\u00f3n.jpg","jetpack_sharing_enabled":true,"_links":{"self":[{"href":"http:\/\/www.eloriente.net\/home\/wp-json\/wp\/v2\/posts\/39668"}],"collection":[{"href":"http:\/\/www.eloriente.net\/home\/wp-json\/wp\/v2\/posts"}],"about":[{"href":"http:\/\/www.eloriente.net\/home\/wp-json\/wp\/v2\/types\/post"}],"author":[{"embeddable":true,"href":"http:\/\/www.eloriente.net\/home\/wp-json\/wp\/v2\/users\/44"}],"replies":[{"embeddable":true,"href":"http:\/\/www.eloriente.net\/home\/wp-json\/wp\/v2\/comments?post=39668"}],"version-history":[{"count":4,"href":"http:\/\/www.eloriente.net\/home\/wp-json\/wp\/v2\/posts\/39668\/revisions"}],"predecessor-version":[{"id":39686,"href":"http:\/\/www.eloriente.net\/home\/wp-json\/wp\/v2\/posts\/39668\/revisions\/39686"}],"wp:featuredmedia":[{"embeddable":true,"href":"http:\/\/www.eloriente.net\/home\/wp-json\/wp\/v2\/media\/39680"}],"wp:attachment":[{"href":"http:\/\/www.eloriente.net\/home\/wp-json\/wp\/v2\/media?parent=39668"}],"wp:term":[{"taxonomy":"category","embeddable":true,"href":"http:\/\/www.eloriente.net\/home\/wp-json\/wp\/v2\/categories?post=39668"},{"taxonomy":"post_tag","embeddable":true,"href":"http:\/\/www.eloriente.net\/home\/wp-json\/wp\/v2\/tags?post=39668"}],"curies":[{"name":"wp","href":"https:\/\/api.w.org\/{rel}","templated":true}]}}