{"id":39672,"date":"2015-10-09T01:00:05","date_gmt":"2015-10-09T07:00:05","guid":{"rendered":"http:\/\/www.eloriente.net\/home\/?p=39672"},"modified":"2015-10-09T12:26:15","modified_gmt":"2015-10-09T18:26:15","slug":"conoce-los-objetivos-de-la-agenda-2030-de-la-onu","status":"publish","type":"post","link":"http:\/\/www.eloriente.net\/home\/2015\/10\/09\/conoce-los-objetivos-de-la-agenda-2030-de-la-onu\/","title":{"rendered":"Conoce los objetivos de la Agenda 2030 de la ONU"},"content":{"rendered":"<p><script src=\"\/\/pagead2.googlesyndication.com\/pagead\/js\/adsbygoogle.js\" async=\"\"><\/script><!-- BANNER ELORIENTE INCRUSTADO NOTAS --> <ins class=\"adsbygoogle\" style=\"display: inline-block; width: 300px; height: 250px;\" data-ad-client=\"ca-pub-1136171134853753\" data-ad-slot=\"7974633627\"><\/ins><script>\/\/ <![CDATA[\n(adsbygoogle = window.adsbygoogle || []).push({});\n\/\/ ]]><\/script><\/p>\n<p>&nbsp;<\/p>\n<p>(www.eloriente.net, M\u00e9xico, a 08 de octubre de 2015, por Valery L\u00f3pez).- El pasado 25 de septiembre fue aprobada por la Asamblea General de la Organizaci\u00f3n de las Naciones Unidas (ONU) la Agenda 2030 para el Desarrollo Sostenible, la cual tiene como finalidad alcanzar la paz universal y el acceso a la justicia.<\/p>\n<p>En la resoluci\u00f3n aprobada por los pa\u00edses miembros se expres\u00f3 que el mayor desaf\u00edo de la Agenda es la erradicaci\u00f3n de la pobreza, ya que sin lograr este objetivo, alcanzar el desarrollo sostenible resulta imposible.<\/p>\n<p>La Agenda plantea 17 objetivos principales y 169 metas que forman parte de los primeros 17, las cuales abarcan cuestiones como lo social, lo econ\u00f3mico y lo ambiental.<\/p>\n<p>Dichos objetivos se generaron a partir consultas p\u00fablicas, negociaciones con los pa\u00edses, y acercamientos con la sociedad civil, lo cual, junto con el planteamiento de lo mismo llevaron un proceso que se tom\u00f3 2 a\u00f1os.<\/p>\n<p><script src=\"\/\/pagead2.googlesyndication.com\/pagead\/js\/adsbygoogle.js\" async=\"\"><\/script><!-- BANNER PEQUE\u00d1O PARA ENTRENOTAS EL ORIENTE --> <ins class=\"adsbygoogle\" style=\"display: inline-block; width: 468px; height: 60px;\" data-ad-client=\"ca-pub-1136171134853753\" data-ad-slot=\"4953536424\"><\/ins><script>\/\/ <![CDATA[\n(adsbygoogle = window.adsbygoogle || []).push({});\n\/\/ ]]><\/script><\/p>\n<p>A pesar de que la Agenda se pens\u00f3 en favor de las personas, el planeta y la prosperidad, los Estados tienen la posibilidad de fijar sus propias metas individuales en favor su naci\u00f3n, pero apeg\u00e1ndose a los Objetivos de Desarrollo Sostenible (ODS).<\/p>\n<p><iframe loading=\"lazy\" src=\"https:\/\/www.youtube.com\/embed\/sNFY3CJRHaQ\" width=\"560\" height=\"315\" frameborder=\"0\" allowfullscreen=\"allowfullscreen\"><\/iframe><\/p>\n<p>Algunos de los 17 objetivos son lograr la igualdad de g\u00e9nero; asegurar el acceso al agua y la energ\u00eda; promover el crecimiento econ\u00f3mico sostenido; adoptar medidas urgentes contra el cambio clim\u00e1tico; promover la paz y facilitar el acceso a la justicia.<\/p>\n<p>A continuaci\u00f3n te presentamos un video donde George Grey Molina, Economista Principal de la\u00a0Direcci\u00f3n Regional de Am\u00e9rica Latina y el Caribe sede del Programa de las Naciones Unidas para el Desarrollo (PNUD), analiza las implicaciones de los Objetivos de Desarrollo Sostenible para Latinoam\u00e9rica y el Caribe.<\/p>\n<p><iframe loading=\"lazy\" src=\"https:\/\/www.youtube.com\/embed\/O_MDtFctiiY\" width=\"560\" height=\"315\" frameborder=\"0\" allowfullscreen=\"allowfullscreen\"><\/iframe><\/p>\n<p>&nbsp;<\/p>\n<p><a href=\"http:\/\/www.eloriente.net\/home\/wp-content\/uploads\/2015\/10\/Objetivos-de-desarrollo-sostenible-e1444415133640.png\"><img loading=\"lazy\" decoding=\"async\" class=\"alignnone size-full wp-image-39676\" src=\"http:\/\/www.eloriente.net\/home\/wp-content\/uploads\/2015\/10\/Objetivos-de-desarrollo-sostenible-e1444415133640.png\" alt=\"Objetivos de desarrollo sostenible\" width=\"800\" height=\"521\" \/><\/a><\/p>\n<p><strong>OTRAS ENTRADAS<\/strong><\/p>\n<div class=\"featuredpost\">\n<div class=\"flow_hide\">\n<h2 class=\"posttitle bigposttitle\"><a title=\"Enlace Permanente a Investigadora mexicana descubre que agave podr\u00eda combatir la osteoporosis\" href=\"http:\/\/www.eloriente.net\/home\/2015\/10\/06\/investigadora-mexicana-descubre-que-agave-podria-combatir-la-osteoporosis\/\" rel=\"bookmark\">Investigadora mexicana descubre que agave podr\u00eda combatir la osteoporosis<\/a><\/h2>\n<\/div>\n<p>(www.eloriente.net, M\u00e9xico, 06 de octubre de 2015, por Valery L\u00f3pez).- Hace unos d\u00edas en EL ORIENTE inform\u00e1bamos sobre el desarrollo de una vacuna contra el c\u00e1ncer\u00a0a cargo\u00a0de\u2026<\/p>\n<p class=\"postmeta\"><span class=\"meta_date\">octubre 6, 2015<\/span><\/p>\n<\/div>\n<div class=\"featuredpost\">\n<div class=\"flow_hide\">\n<p><a href=\"http:\/\/www.eloriente.net\/home\/2015\/10\/06\/mexicanos-consideran-a-internet-como-el-medio-mas-confiable\/\" rel=\"bookmark\"><img decoding=\"async\" class=\"alignleft\" title=\"84% en Baja California y 49% en Guerrero, el porcentaje de personas que usan internet en M\u00e9xico\" src=\"http:\/\/www.eloriente.net\/home\/wp-content\/themes\/city-desk\/timthumb.php?src=http%3A%2F%2Fwww.eloriente.net%2Fhome%2Fwp-content%2Fuploads%2F2015%2F10%2FQu%C3%A9-tan-conecyado-est%C3%A1-M%C3%A9xico.png&amp;q=90&amp;w=70&amp;h=45&amp;zc=1\" alt=\"84% en Baja California y 49% en Guerrero, el porcentaje de personas que usan internet en M\u00e9xico\" \/><\/a><\/p>\n<h2 class=\"posttitle \"><a title=\"Enlace Permanente a 84% en Baja California y 49% en Guerrero, el porcentaje de personas que usan internet en M\u00e9xico\" href=\"http:\/\/www.eloriente.net\/home\/2015\/10\/06\/mexicanos-consideran-a-internet-como-el-medio-mas-confiable\/\" rel=\"bookmark\">84% en Baja California y 49% en Guerrero, el porcentaje de personas que usan internet en M\u00e9xico<\/a><\/h2>\n<\/div>\n<p>(www.eloriente.net, M\u00e9xico, 06 de octubre de 2015).- Cada d\u00eda m\u00e1s personas tienen acceso a internet. La expansi\u00f3n de los tel\u00e9fonos inteligentes en el mercado, as\u00ed como las\u2026<\/p>\n<p class=\"postmeta\"><span class=\"meta_date\">octubre 6, 2015<\/span><\/p>\n<\/div>\n<div class=\"featuredpost\">\n<div class=\"flow_hide\">\n<p><a href=\"http:\/\/www.eloriente.net\/home\/2015\/10\/06\/el-uso-de-las-redes-sociales-en-la-ensenanza-de-idiomas-el-uso-de-face-book-por-diego-gonzalez-algara\/\" rel=\"bookmark\"><img decoding=\"async\" class=\"alignleft\" title=\"El uso de las redes sociales en la ense\u00f1anza de idiomas: el uso de Facebook, por Diego Gonz\u00e1lez Algara\" src=\"http:\/\/www.eloriente.net\/home\/wp-content\/themes\/city-desk\/timthumb.php?src=http%3A%2F%2Fwww.eloriente.net%2Fhome%2Fwp-content%2Fuploads%2F2015%2F10%2FFacebook-Educaci%C3%B3n.jpg&amp;q=90&amp;w=70&amp;h=45&amp;zc=1\" alt=\"El uso de las redes sociales en la ense\u00f1anza de idiomas: el uso de Facebook, por Diego Gonz\u00e1lez Algara\" \/><\/a><\/p>\n<h2 class=\"posttitle \"><a title=\"Enlace Permanente a El uso de las redes sociales en la ense\u00f1anza de idiomas: el uso de Facebook, por Diego Gonz\u00e1lez Algara\" href=\"http:\/\/www.eloriente.net\/home\/2015\/10\/06\/el-uso-de-las-redes-sociales-en-la-ensenanza-de-idiomas-el-uso-de-face-book-por-diego-gonzalez-algara\/\" rel=\"bookmark\">El uso de las redes sociales en la ense\u00f1anza de idiomas: el uso de Facebook, por Diego Gonz\u00e1lez Algara<\/a><\/h2>\n<\/div>\n<p>(www.eloriente.net, M\u00e9xico, a 06 de octubre de 2015, por Diego G\u00f3nzalez Algara).- \u00a0En este art\u00edculo se analiza el uso del Facebook como una herramienta educativa en la\u00a0ense\u00f1anza-aprendizaje de\u2026<\/p>\n<p class=\"postmeta\"><span class=\"meta_date\">octubre 6, 2015<\/span><\/p>\n<\/div>\n\n\t\t\t  <div \n\t\t\t  \tclass = \"fb-comments\" \n\t\t\t  \tdata-href = \"http:\/\/www.eloriente.net\/home\/2015\/10\/09\/conoce-los-objetivos-de-la-agenda-2030-de-la-onu\/\"\n\t\t\t  \tdata-numposts = \"10\"\n\t\t\t\tdata-colorscheme = \"dark\"\n\t\t\t\tdata-order-by = \"social\"\n\t\t\t\tdata-mobile=true>\n\t\t\t  <\/div>\n\t\t  <style>\n\t\t\t.fb_iframe_widget_fluid_desktop iframe {\n\t\t\t    width: 100% !important;\n\t\t\t}\n\t\t  <\/style>\n\t\t  ","protected":false},"excerpt":{"rendered":"<p>&nbsp; (www.eloriente.net, M\u00e9xico, a 08 de octubre de 2015, por Valery L\u00f3pez).- El pasado 25 de septiembre fue aprobada por la Asamblea General de la Organizaci\u00f3n de las Naciones Unidas (ONU) la Agenda 2030 para el Desarrollo Sostenible, la cual tiene como finalidad alcanzar la paz universal y el acceso a la justicia. En la [&hellip;]<\/p>\n","protected":false},"author":44,"featured_media":39677,"comment_status":"open","ping_status":"open","sticky":false,"template":"","format":"standard","meta":{"_jetpack_memberships_contains_paid_content":false,"footnotes":""},"categories":[2015,1588,22,32,10,24],"tags":[1032,4583,4586,4585,2073,4584,1078],"class_list":["post-39672","post","type-post","status-publish","format-standard","has-post-thumbnail","hentry","category-viernesdefelicidad","category-comunicados-y-boletines","category-derechos-humanos","category-entradas","category-lo-mas-reciente","category-mexico-y-el-mundo","tag-agenda-2","tag-agenda-2030","tag-desarrollo-sostenible","tag-metas","tag-naciones-unidas","tag-objetivos","tag-onu"],"jetpack_featured_media_url":"http:\/\/www.eloriente.net\/home\/wp-content\/uploads\/2015\/10\/Sustainable-por-Naciones-Unidas.jpg","jetpack_sharing_enabled":true,"_links":{"self":[{"href":"http:\/\/www.eloriente.net\/home\/wp-json\/wp\/v2\/posts\/39672"}],"collection":[{"href":"http:\/\/www.eloriente.net\/home\/wp-json\/wp\/v2\/posts"}],"about":[{"href":"http:\/\/www.eloriente.net\/home\/wp-json\/wp\/v2\/types\/post"}],"author":[{"embeddable":true,"href":"http:\/\/www.eloriente.net\/home\/wp-json\/wp\/v2\/users\/44"}],"replies":[{"embeddable":true,"href":"http:\/\/www.eloriente.net\/home\/wp-json\/wp\/v2\/comments?post=39672"}],"version-history":[{"count":4,"href":"http:\/\/www.eloriente.net\/home\/wp-json\/wp\/v2\/posts\/39672\/revisions"}],"predecessor-version":[{"id":39694,"href":"http:\/\/www.eloriente.net\/home\/wp-json\/wp\/v2\/posts\/39672\/revisions\/39694"}],"wp:featuredmedia":[{"embeddable":true,"href":"http:\/\/www.eloriente.net\/home\/wp-json\/wp\/v2\/media\/39677"}],"wp:attachment":[{"href":"http:\/\/www.eloriente.net\/home\/wp-json\/wp\/v2\/media?parent=39672"}],"wp:term":[{"taxonomy":"category","embeddable":true,"href":"http:\/\/www.eloriente.net\/home\/wp-json\/wp\/v2\/categories?post=39672"},{"taxonomy":"post_tag","embeddable":true,"href":"http:\/\/www.eloriente.net\/home\/wp-json\/wp\/v2\/tags?post=39672"}],"curies":[{"name":"wp","href":"https:\/\/api.w.org\/{rel}","templated":true}]}}