{"id":39744,"date":"2015-10-14T12:18:12","date_gmt":"2015-10-14T18:18:12","guid":{"rendered":"http:\/\/www.eloriente.net\/home\/?p=39744"},"modified":"2015-10-14T13:32:36","modified_gmt":"2015-10-14T19:32:36","slug":"victor-vasquez-guadalupe-jarquin-e-irina-cabrera-giron-en-todo-oaxaca-radio","status":"publish","type":"post","link":"http:\/\/www.eloriente.net\/home\/2015\/10\/14\/victor-vasquez-guadalupe-jarquin-e-irina-cabrera-giron-en-todo-oaxaca-radio\/","title":{"rendered":"V\u00edctor V\u00e1squez y Guadalupe Jarqu\u00edn sobre Expo PyME e Irina Cabrera sobre Justicia para Adolescentes en Todo Oaxaca Radio"},"content":{"rendered":"<p><script src=\"\/\/pagead2.googlesyndication.com\/pagead\/js\/adsbygoogle.js\" async=\"\"><\/script><!-- BANNER ELORIENTE INCRUSTADO NOTAS --> <ins class=\"adsbygoogle\" style=\"display: inline-block; width: 300px; height: 250px;\" data-ad-client=\"ca-pub-1136171134853753\" data-ad-slot=\"7974633627\"><\/ins><script>\/\/ <![CDATA[\n(adsbygoogle = window.adsbygoogle || []).push({});\n\/\/ ]]><\/script><\/p>\n<p>eloriente.net\/<a href=\"http:\/\/todooaxacaradio.com\/\" target=\"_blank\">todooaxacaradio.com<\/a><\/p>\n<p>14 de octubre de 2015<\/p>\n<p>Todo Oaxaca Radio es el programa de la comunidad Cultural y, como todos los martes, tuvimos nuestra emisi\u00f3n en vivo. En esta ocasi\u00f3n nuestros invitados fueron\u00a0<strong>V\u00edctor V\u00e1squez Bocanegra<\/strong>,\u00a0Subsecretario de Industria y Comercio de la Secretar\u00eda de Turismo y Desarrollo Econ\u00f3mico, y <strong>Guadalupe Jarqu\u00edn<\/strong>, Directora de Desarrollo PyME de la misma dependencia, quienes vinieron a invitarnos a la Expo PyME Oaxaca 2015.<\/p>\n<p>Tambi\u00e9n estuvo con nosotros <b>Irina Cabrera Gir\u00f3n<\/b>, quien es Coordinadora del Juzgado de Justicia para Adolescentes, ella vino a charlar con nosotros sobre el tema de la aplicaci\u00f3n de la justicia en adolescentes a trav\u00e9s del sistema penal acusatorio.<\/p>\n<p><strong>02:25 aprox.<\/strong><\/p>\n<p>El programa comienza con la participaci\u00f3n de V\u00edctor V\u00e1squez Bocanegra, quien platica con nosotros acerca de la Expo PyME Oaxaca 2015, la cual lleva por\u00a0t\u00edtulo\u00a0\u201cFortaleciendo las Rutas Tur\u00edstico Econ\u00f3micas\u201d. De igual forma nos comenta sobre los diversas actividades, rutas y pabellones con los que se contar\u00e1 en la expo.<\/p>\n<p><a href=\"http:\/\/todooaxacaradio.com\/wp-content\/uploads\/2015\/10\/WP_20151013_0031.jpg\"><img loading=\"lazy\" decoding=\"async\" class=\"alignnone size-medium wp-image-2859\" src=\"http:\/\/todooaxacaradio.com\/wp-content\/uploads\/2015\/10\/WP_20151013_0031-300x168.jpg\" alt=\"WP_20151013_003(1)\" width=\"300\" height=\"168\" \/><\/a><\/p>\n<p>&nbsp;<\/p>\n<p><strong>16:08 aprox,<\/strong><\/p>\n<p>Llega a la cabina de Todo Oaxaca Radio la Ing. Guadalupe Jarqu\u00edn, ella comparte m\u00e1s detalles de Expo PyME, sobre todo en lo relacionado a tiempos de registros, costos, y dem\u00e1s actividades.<\/p>\n<p><ins class=\"adsbygoogle\" style=\"display: inline-block; width: 468px; height: 60px;\" data-ad-client=\"ca-pub-1136171134853753\" data-ad-slot=\"4953536424\"><\/ins><script>\/\/ <![CDATA[\n(adsbygoogle = window.adsbygoogle || []).push({});\n\/\/ ]]><\/script><\/p>\n<p><strong>28:24 aprox.<\/strong><\/p>\n<p>La Lic. Irina Cabrera Gir\u00f3n platica con nosotros acerca de la aplicaci\u00f3n del sistema penal acusatorio en adolescentes y todo lo relacionado con los procesos, la diferencia entre \u00e9stos y los que se aplican a adultos; de igual forma se toca el tema de la delincuencia juvenil y las medidas que se implementan para combatirla.<\/p>\n<p><a href=\"http:\/\/todooaxacaradio.com\/wp-content\/uploads\/2015\/10\/WP_20151013_0071.jpg\"><img loading=\"lazy\" decoding=\"async\" class=\"alignnone size-medium wp-image-2861\" src=\"http:\/\/todooaxacaradio.com\/wp-content\/uploads\/2015\/10\/WP_20151013_0071-300x168.jpg\" alt=\"WP_20151013_007(1)\" width=\"300\" height=\"168\" \/><\/a><\/p>\n<p>&nbsp;<\/p>\n<p><strong>39:00 aprox.<\/strong><\/p>\n<p>Recibimos la llamada de Gladys Castellanos, quien nos invita a la Feria Anual de la Ciudad de los Ni\u00f1os y Ni\u00f1as de Oaxaca, la cual se realizar\u00e1 el pr\u00f3ximo domingo 18 de octubre a 08:00\u00a0a 19:00 horas.<\/p>\n<p><strong>Esc\u00fachanos aqu\u00ed:<\/strong>\u00a0<iframe loading=\"lazy\" id=\"audio_8982566\" style=\"border: 1px solid #EEE; box-sizing: border-box; width: 100%;\" src=\"http:\/\/www.ivoox.com\/player_ej_8982566_4_1.html?c1=00ff3c\" width=\"300\" height=\"200\" frameborder=\"0\" scrolling=\"no\" allowfullscreen=\"allowfullscreen\"><\/iframe><\/p>\n<p><strong>OTRAS ENTRADAS<\/strong><\/p>\n<div class=\"featuredpost\">\n<div class=\"flow_hide\">\n<h2 class=\"posttitle bigposttitle\"><a title=\"Enlace Permanente a Desapariciones en M\u00e9xico a niveles epid\u00e9micos: Sting\" href=\"http:\/\/www.eloriente.net\/home\/2015\/10\/13\/desapariciones-en-mexico-a-niveles-epidemicos-sting\/\" rel=\"bookmark\">Desapariciones en M\u00e9xico a niveles epid\u00e9micos: Sting<\/a><\/h2>\n<\/div>\n<p>(www.eloriente.net, M\u00e9xico, a 13 de octubre de 2015, por Valery L\u00f3pez).- Durante su visita a M\u00e9xico, el cantante Sting expres\u00f3 su apoyo a la campa\u00f1a #NoEsNormal, la cual\u2026<\/p>\n<p class=\"postmeta\"><span class=\"meta_date\">octubre 13, 2015<\/span><\/p>\n<div class=\"toolbar-social\"><\/div>\n<\/div>\n<div class=\"featuredpost\">\n<div class=\"flow_hide\">\n<p><a href=\"http:\/\/www.eloriente.net\/home\/2015\/10\/13\/cronicas-beisboleras-postemporada-mlb-por-jaime-palau\/\" rel=\"bookmark\"><img decoding=\"async\" class=\"alignleft\" title=\"Cr\u00f3nicas Beisboleras: Postemporada MLB, por Jaime Palau\" src=\"http:\/\/www.eloriente.net\/home\/wp-content\/themes\/city-desk\/timthumb.php?src=http%3A%2F%2Fwww.eloriente.net%2Fhome%2Fwp-content%2Fuploads%2F2014%2F10%2FCr%C3%B3nicas-Beisboleras.jpg&amp;q=90&amp;w=70&amp;h=45&amp;zc=1\" alt=\"Cr\u00f3nicas Beisboleras: Postemporada MLB, por Jaime Palau\" \/><\/a><\/p>\n<h2 class=\"posttitle \"><a title=\"Enlace Permanente a Cr\u00f3nicas Beisboleras: Postemporada MLB, por Jaime Palau\" href=\"http:\/\/www.eloriente.net\/home\/2015\/10\/13\/cronicas-beisboleras-postemporada-mlb-por-jaime-palau\/\" rel=\"bookmark\">Cr\u00f3nicas Beisboleras: Postemporada MLB, por Jaime Palau<\/a><\/h2>\n<\/div>\n<p>(www.eloriente.net, M\u00e9xico, a 13 de octubre de 2015, por Jaime Palau Ranz).- \u00a0El mes de octubre siempre ha significado la llegada de los juegos de\u00a0postemporada en las\u2026<\/p>\n<p class=\"postmeta\"><span class=\"meta_date\">octubre 13, 2015<\/span><\/p>\n<div class=\"toolbar-social\"><\/div>\n<\/div>\n<div class=\"featuredpost\">\n<div class=\"flow_hide\">\n<p><a href=\"http:\/\/www.eloriente.net\/home\/2015\/10\/12\/video-diego-perry-en-conferencia-magistral\/\" rel=\"bookmark\"><img decoding=\"async\" class=\"alignleft\" title=\"Video: Diego Perry revive comunicaci\u00f3n que hizo presidenta a Bachelet\" src=\"http:\/\/www.eloriente.net\/home\/wp-content\/themes\/city-desk\/timthumb.php?src=http%3A%2F%2Fwww.eloriente.net%2Fhome%2Fwp-content%2Fuploads%2F2015%2F10%2FConferencia-Perry.png&amp;q=90&amp;w=70&amp;h=45&amp;zc=1\" alt=\"Video: Diego Perry revive comunicaci\u00f3n que hizo presidenta a Bachelet\" \/><\/a><\/p>\n<h2 class=\"posttitle \"><a title=\"Enlace Permanente a Video: Diego Perry revive comunicaci\u00f3n que hizo presidenta a Bachelet\" href=\"http:\/\/www.eloriente.net\/home\/2015\/10\/12\/video-diego-perry-en-conferencia-magistral\/\" rel=\"bookmark\">Video: Diego Perry revive comunicaci\u00f3n que hizo presidenta a Bachelet<\/a><\/h2>\n<\/div>\n<p>(www.eloriente.net, M\u00e9xico a 12 de octubre de 2015, por Valery L\u00f3pez).- El pasado 24 y 25 de septiembre se realiz\u00f3 en Puebla el Congreso \u201cLos Spin Doctors\u201c, un\u2026<\/p>\n<p class=\"postmeta\"><span class=\"meta_date\">octubre 12, 2015<\/span><\/p>\n<\/div>\n\n\t\t\t  <div \n\t\t\t  \tclass = \"fb-comments\" \n\t\t\t  \tdata-href = \"http:\/\/www.eloriente.net\/home\/2015\/10\/14\/victor-vasquez-guadalupe-jarquin-e-irina-cabrera-giron-en-todo-oaxaca-radio\/\"\n\t\t\t  \tdata-numposts = \"10\"\n\t\t\t\tdata-colorscheme = \"dark\"\n\t\t\t\tdata-order-by = \"social\"\n\t\t\t\tdata-mobile=true>\n\t\t\t  <\/div>\n\t\t  <style>\n\t\t\t.fb_iframe_widget_fluid_desktop iframe {\n\t\t\t    width: 100% !important;\n\t\t\t}\n\t\t  <\/style>\n\t\t  ","protected":false},"excerpt":{"rendered":"<p>eloriente.net\/todooaxacaradio.com 14 de octubre de 2015 Todo Oaxaca Radio es el programa de la comunidad Cultural y, como todos los martes, tuvimos nuestra emisi\u00f3n en vivo. En esta ocasi\u00f3n nuestros invitados fueron\u00a0V\u00edctor V\u00e1squez Bocanegra,\u00a0Subsecretario de Industria y Comercio de la Secretar\u00eda de Turismo y Desarrollo Econ\u00f3mico, y Guadalupe Jarqu\u00edn, Directora de Desarrollo PyME de la [&hellip;]<\/p>\n","protected":false},"author":44,"featured_media":39745,"comment_status":"open","ping_status":"open","sticky":false,"template":"","format":"standard","meta":{"_jetpack_memberships_contains_paid_content":false,"footnotes":""},"categories":[49,32,63,464,12],"tags":[3257,764,4630,4631,348,4632,3808,4633,3673,2567],"class_list":["post-39744","post","type-post","status-publish","format-standard","has-post-thumbnail","hentry","category-destacadas","category-entradas","category-estados","category-oaxaca-estados","category-todo-oaxaca-radio","tag-3257","tag-adolescentes","tag-apoyo-al-emprendedor","tag-ciudad-de-los-ninos","tag-emprendedores","tag-expo-pyme","tag-nuevo-sistema-de-justicia","tag-pequenas-y-medianas-empresas","tag-sistema-penal-acusatorio","tag-todo-oaxaca-radio-2"],"jetpack_featured_media_url":"http:\/\/www.eloriente.net\/home\/wp-content\/uploads\/2015\/10\/WP_20151013_0011.jpg","jetpack_sharing_enabled":true,"_links":{"self":[{"href":"http:\/\/www.eloriente.net\/home\/wp-json\/wp\/v2\/posts\/39744"}],"collection":[{"href":"http:\/\/www.eloriente.net\/home\/wp-json\/wp\/v2\/posts"}],"about":[{"href":"http:\/\/www.eloriente.net\/home\/wp-json\/wp\/v2\/types\/post"}],"author":[{"embeddable":true,"href":"http:\/\/www.eloriente.net\/home\/wp-json\/wp\/v2\/users\/44"}],"replies":[{"embeddable":true,"href":"http:\/\/www.eloriente.net\/home\/wp-json\/wp\/v2\/comments?post=39744"}],"version-history":[{"count":6,"href":"http:\/\/www.eloriente.net\/home\/wp-json\/wp\/v2\/posts\/39744\/revisions"}],"predecessor-version":[{"id":39754,"href":"http:\/\/www.eloriente.net\/home\/wp-json\/wp\/v2\/posts\/39744\/revisions\/39754"}],"wp:featuredmedia":[{"embeddable":true,"href":"http:\/\/www.eloriente.net\/home\/wp-json\/wp\/v2\/media\/39745"}],"wp:attachment":[{"href":"http:\/\/www.eloriente.net\/home\/wp-json\/wp\/v2\/media?parent=39744"}],"wp:term":[{"taxonomy":"category","embeddable":true,"href":"http:\/\/www.eloriente.net\/home\/wp-json\/wp\/v2\/categories?post=39744"},{"taxonomy":"post_tag","embeddable":true,"href":"http:\/\/www.eloriente.net\/home\/wp-json\/wp\/v2\/tags?post=39744"}],"curies":[{"name":"wp","href":"https:\/\/api.w.org\/{rel}","templated":true}]}}