{"id":39783,"date":"2015-10-15T15:43:44","date_gmt":"2015-10-15T21:43:44","guid":{"rendered":"http:\/\/www.eloriente.net\/home\/?p=39783"},"modified":"2015-10-15T15:43:44","modified_gmt":"2015-10-15T21:43:44","slug":"mas-de-4-mil-millones-de-pesos-para-gasoductos-en-salina-cruz","status":"publish","type":"post","link":"http:\/\/www.eloriente.net\/home\/2015\/10\/15\/mas-de-4-mil-millones-de-pesos-para-gasoductos-en-salina-cruz\/","title":{"rendered":"M\u00e1s de 4 mil millones de pesos para gasoductos en Salina Cruz"},"content":{"rendered":"<p><script src=\"\/\/pagead2.googlesyndication.com\/pagead\/js\/adsbygoogle.js\" async=\"\"><\/script><!-- BANNER ELORIENTE INCRUSTADO NOTAS --> <ins class=\"adsbygoogle\" style=\"display: inline-block; width: 300px; height: 250px;\" data-ad-client=\"ca-pub-1136171134853753\" data-ad-slot=\"7974633627\"><\/ins><script>\/\/ <![CDATA[\n(adsbygoogle = window.adsbygoogle || []).push({});\n\/\/ ]]><\/script><\/p>\n<p>(www.eloriente.net, M\u00e9xico, a 15 de octubre de 2015, por Valery L\u00f3pez).- Oaxaca contar\u00e1 con una inversi\u00f3n de m\u00e1s de 4 mil millones de pesos para la construcci\u00f3n de gasoductos que contribuir\u00e1n al desarrollo econ\u00f3mico del estado, as\u00ed lo inform\u00f3 el gobernador Gabino Cu\u00e9, durante la inauguraci\u00f3n de la Expo PyME Oaxaca 2015.<\/p>\n<p>La\u00a0inversi\u00f3n anunciada, forma parte del Plan Quinquenal presentado por la Secretar\u00eda de Energ\u00eda (Sener), en el cual se estima que se invertir\u00e1n cerca de 10 mil millones de pesos destinados a 13 proyectos, los cuales incluyen una estaci\u00f3n de compresi\u00f3n, as\u00ed como\u00a08,400 kil\u00f3metros de gasoductos a lo largo del pa\u00eds.<\/p>\n<p>El estado de Oaxaca se ver\u00e1 beneficiado por dos proyectos. El primero es el gasoducto J\u00e1ltipan-Salina Cruz, el cual contar\u00e1 con una longitud de 247 kil\u00f3metros y que funcionar\u00e1 como fuente de abasto de gas natural para 4 proyectos:<\/p>\n<ul>\n<li>Reconfiguraci\u00f3n de la refiner\u00eda de Salina Cruz.<\/li>\n<\/ul>\n<ul>\n<li>Planta de cogeneraci\u00f3n en Salina Cruz.<\/li>\n<\/ul>\n<ul>\n<li>Posible planta de licuefacci\u00f3n en Salina Cruz.<\/li>\n<\/ul>\n<ul>\n<li>Exportaci\u00f3n de gas natural hacia Centroam\u00e9rica.<\/li>\n<\/ul>\n<p>Se espera que este proyecto entre en operaciones durante el 2017.<\/p>\n<p><a href=\"http:\/\/www.eloriente.net\/home\/wp-content\/uploads\/2015\/10\/J\u00e1ltipan-Salina-Cruz.png\"><img loading=\"lazy\" decoding=\"async\" class=\"alignnone size-full wp-image-39787\" src=\"http:\/\/www.eloriente.net\/home\/wp-content\/uploads\/2015\/10\/J\u00e1ltipan-Salina-Cruz.png\" alt=\"J\u00e1ltipan - Salina Cruz\" width=\"348\" height=\"355\" srcset=\"http:\/\/www.eloriente.net\/home\/wp-content\/uploads\/2015\/10\/J\u00e1ltipan-Salina-Cruz.png 348w, http:\/\/www.eloriente.net\/home\/wp-content\/uploads\/2015\/10\/J\u00e1ltipan-Salina-Cruz-294x300.png 294w, http:\/\/www.eloriente.net\/home\/wp-content\/uploads\/2015\/10\/J\u00e1ltipan-Salina-Cruz-50x50.png 50w\" sizes=\"(max-width: 348px) 100vw, 348px\" \/><\/a><\/p>\n<p>De igual forma, el gasoducto Salina Cruz-Tapachula, de 440 kil\u00f3metros de longitud, contribuir\u00e1 al desarrollo econ\u00f3mico de los estados de Oaxaca y Chiapas, mediante la atracci\u00f3n de inversi\u00f3n para la instalaci\u00f3n de plantas productivas en la regi\u00f3n. Se estima que\u00a0comience a operar en el a\u00f1o 2018.<\/p>\n<p><script src=\"\/\/pagead2.googlesyndication.com\/pagead\/js\/adsbygoogle.js\" async=\"\"><\/script><!-- BANNER PEQUE\u00d1O PARA ENTRENOTAS EL ORIENTE --> <ins class=\"adsbygoogle\" style=\"display: inline-block; width: 468px; height: 60px;\" data-ad-client=\"ca-pub-1136171134853753\" data-ad-slot=\"4953536424\"><\/ins><script>\/\/ <![CDATA[\n(adsbygoogle = window.adsbygoogle || []).push({});\n\/\/ ]]><\/script><\/p>\n<p><a href=\"http:\/\/www.eloriente.net\/home\/wp-content\/uploads\/2015\/10\/Salina-Cruz-Tapachula.png\"><img loading=\"lazy\" decoding=\"async\" class=\"alignnone size-full wp-image-39786\" src=\"http:\/\/www.eloriente.net\/home\/wp-content\/uploads\/2015\/10\/Salina-Cruz-Tapachula.png\" alt=\"Salina Cruz - Tapachula\" width=\"388\" height=\"342\" srcset=\"http:\/\/www.eloriente.net\/home\/wp-content\/uploads\/2015\/10\/Salina-Cruz-Tapachula.png 388w, http:\/\/www.eloriente.net\/home\/wp-content\/uploads\/2015\/10\/Salina-Cruz-Tapachula-300x264.png 300w\" sizes=\"(max-width: 388px) 100vw, 388px\" \/><\/a><\/p>\n<p>Estas iniciativas, incluidas en el Plan Quinquenal de la Sener, obedecen a la propuesta hecha en meses anteriores\u00a0por el presidente Enrique Pe\u00f1a Nieto, donde se plante\u00f3 la creaci\u00f3n de 3 zonas econ\u00f3micas especiales en el sur del pa\u00eds para combatir la desigualdad que existe entre esta regi\u00f3n y la del norte de M\u00e9xico.<\/p>\n<p><a href=\"http:\/\/www.eloriente.net\/home\/wp-content\/uploads\/2015\/10\/Gasoducto-Los-Ramones-por-@Presidencia-de-la-Rep\u00fablica.jpg\"><img loading=\"lazy\" decoding=\"async\" class=\"alignnone size-medium wp-image-39785\" src=\"http:\/\/www.eloriente.net\/home\/wp-content\/uploads\/2015\/10\/Gasoducto-Los-Ramones-por-@Presidencia-de-la-Rep\u00fablica-300x200.jpg\" alt=\"Gasoducto Los Ramones, por @Presidencia de la Rep\u00fablica\" width=\"300\" height=\"200\" srcset=\"http:\/\/www.eloriente.net\/home\/wp-content\/uploads\/2015\/10\/Gasoducto-Los-Ramones-por-@Presidencia-de-la-Rep\u00fablica-300x200.jpg 300w, http:\/\/www.eloriente.net\/home\/wp-content\/uploads\/2015\/10\/Gasoducto-Los-Ramones-por-@Presidencia-de-la-Rep\u00fablica-1024x683.jpg 1024w, http:\/\/www.eloriente.net\/home\/wp-content\/uploads\/2015\/10\/Gasoducto-Los-Ramones-por-@Presidencia-de-la-Rep\u00fablica-900x600.jpg 900w, http:\/\/www.eloriente.net\/home\/wp-content\/uploads\/2015\/10\/Gasoducto-Los-Ramones-por-@Presidencia-de-la-Rep\u00fablica.jpg 2048w\" sizes=\"(max-width: 300px) 100vw, 300px\" \/><\/a><\/p>\n<p><strong>OTRAS ENTRADAS<\/strong><\/p>\n<div class=\"featuredpost\">\n<div class=\"flow_hide\">\n<h2 class=\"posttitle bigposttitle\"><a title=\"Enlace Permanente a Celebrar\u00e1 Museo Brit\u00e1nico el d\u00eda de muertos\" href=\"http:\/\/www.eloriente.net\/home\/2015\/10\/15\/celebrara-museo-britanico-el-dia-de-muertos\/\" rel=\"bookmark\">Celebrar\u00e1 Museo Brit\u00e1nico el d\u00eda de muertos<\/a><\/h2>\n<\/div>\n<p>(www.eloriente.net, M\u00e9xico, a 15 de octubre de 2015, por Valery L\u00f3pez).-\u00a0Por segunda ocasi\u00f3n en la historia, el Museo de Londres rendir\u00e1 homenaje a la tradicional fiesta mexicana\u2026<\/p>\n<p class=\"postmeta\"><span class=\"meta_date\">octubre 15, 2015<\/span><\/p>\n<div class=\"toolbar-social\"><\/div>\n<\/div>\n<div class=\"featuredpost\">\n<div class=\"flow_hide\">\n<p><a href=\"http:\/\/www.eloriente.net\/home\/2015\/10\/15\/los-mejores-momentos-musicales-en-series-o-peliculas-no-musicales-por-victor-lopez-velarde\/\" rel=\"bookmark\"><img decoding=\"async\" class=\"alignleft\" title=\"Los mejores momentos musicales en series o pel\u00edculas no musicales, por V\u00edctor L\u00f3pez Velarde\" src=\"http:\/\/www.eloriente.net\/home\/wp-content\/themes\/city-desk\/timthumb.php?src=http%3A%2F%2Fwww.eloriente.net%2Fhome%2Fwp-content%2Fuploads%2F2015%2F10%2FPulp-fiction-dance-por-%40Pulp-Fiction.png&amp;q=90&amp;w=70&amp;h=45&amp;zc=1\" alt=\"Los mejores momentos musicales en series o pel\u00edculas no musicales, por V\u00edctor L\u00f3pez Velarde\" \/><\/a><\/p>\n<h2 class=\"posttitle \"><a title=\"Enlace Permanente a Los mejores momentos musicales en series o pel\u00edculas no musicales, por V\u00edctor L\u00f3pez Velarde\" href=\"http:\/\/www.eloriente.net\/home\/2015\/10\/15\/los-mejores-momentos-musicales-en-series-o-peliculas-no-musicales-por-victor-lopez-velarde\/\" rel=\"bookmark\">Los mejores momentos musicales en series o pel\u00edculas no musicales, por V\u00edctor L\u00f3pez Velarde<\/a><\/h2>\n<\/div>\n<p>(www.eloriente.net, M\u00e9xico, a 115 de octubre de 2015, por V\u00edctor L\u00f3pez Velarde).- \u00a0Nadie se extra\u00f1a cuando en una pel\u00edcula o serie musical los personajes se\u2026<\/p>\n<p class=\"postmeta\"><span class=\"meta_date\">octubre 15, 2015<\/span><\/p>\n<div class=\"toolbar-social\"><\/div>\n<\/div>\n<div class=\"featuredpost\">\n<div class=\"flow_hide\">\n<p><a href=\"http:\/\/www.eloriente.net\/home\/2015\/10\/13\/desapariciones-en-mexico-a-niveles-epidemicos-sting\/\" rel=\"bookmark\"><img decoding=\"async\" class=\"alignleft\" title=\"Desapariciones en M\u00e9xico a niveles epid\u00e9micos: Sting\" src=\"http:\/\/www.eloriente.net\/home\/wp-content\/themes\/city-desk\/timthumb.php?src=http%3A%2F%2Fwww.eloriente.net%2Fhome%2Fwp-content%2Fuploads%2F2015%2F10%2FSting-Amnist%C3%ADa-Internacional.jpg&amp;q=90&amp;w=70&amp;h=45&amp;zc=1\" alt=\"Desapariciones en M\u00e9xico a niveles epid\u00e9micos: Sting\" \/><\/a><\/p>\n<h2 class=\"posttitle \"><a title=\"Enlace Permanente a Desapariciones en M\u00e9xico a niveles epid\u00e9micos: Sting\" href=\"http:\/\/www.eloriente.net\/home\/2015\/10\/13\/desapariciones-en-mexico-a-niveles-epidemicos-sting\/\" rel=\"bookmark\">Desapariciones en M\u00e9xico a niveles epid\u00e9micos: Sting<\/a><\/h2>\n<\/div>\n<p>(www.eloriente.net, M\u00e9xico, a 13 de octubre de 2015, por Valery L\u00f3pez).- Durante su visita a M\u00e9xico, el cantante Sting expres\u00f3 su apoyo a la campa\u00f1a #NoEsNormal, la cual\u2026<\/p>\n<p class=\"postmeta\"><span class=\"meta_date\">octubre 13, 2015<\/span><\/p>\n<\/div>\n\n\t\t\t  <div \n\t\t\t  \tclass = \"fb-comments\" \n\t\t\t  \tdata-href = \"http:\/\/www.eloriente.net\/home\/2015\/10\/15\/mas-de-4-mil-millones-de-pesos-para-gasoductos-en-salina-cruz\/\"\n\t\t\t  \tdata-numposts = \"10\"\n\t\t\t\tdata-colorscheme = \"dark\"\n\t\t\t\tdata-order-by = \"social\"\n\t\t\t\tdata-mobile=true>\n\t\t\t  <\/div>\n\t\t  <style>\n\t\t\t.fb_iframe_widget_fluid_desktop iframe {\n\t\t\t    width: 100% !important;\n\t\t\t}\n\t\t  <\/style>\n\t\t  ","protected":false},"excerpt":{"rendered":"<p>(www.eloriente.net, M\u00e9xico, a 15 de octubre de 2015, por Valery L\u00f3pez).- Oaxaca contar\u00e1 con una inversi\u00f3n de m\u00e1s de 4 mil millones de pesos para la construcci\u00f3n de gasoductos que contribuir\u00e1n al desarrollo econ\u00f3mico del estado, as\u00ed lo inform\u00f3 el gobernador Gabino Cu\u00e9, durante la inauguraci\u00f3n de la Expo PyME Oaxaca 2015. La\u00a0inversi\u00f3n anunciada, forma [&hellip;]<\/p>\n","protected":false},"author":44,"featured_media":39785,"comment_status":"open","ping_status":"open","sticky":false,"template":"","format":"standard","meta":{"_jetpack_memberships_contains_paid_content":false,"footnotes":""},"categories":[32,63,23,464,21,3205],"tags":[4670,74,937,4674,4673,1184,4672,4671,4675,1821,4676],"class_list":["post-39783","post","type-post","status-publish","format-standard","has-post-thumbnail","hentry","category-entradas","category-estados","category-municipios","category-oaxaca-estados","category-politica-y-gobierno","category-salina-cruz-municipios","tag-4-mil-millones","tag-chiapas","tag-inversion","tag-jaltipan","tag-pedro-joaquin-coldwell","tag-salina-cruz","tag-secretaria-de-energia","tag-sener","tag-tapachula","tag-veracruz","tag-zonas-economicas-especiales"],"jetpack_featured_media_url":"http:\/\/www.eloriente.net\/home\/wp-content\/uploads\/2015\/10\/Gasoducto-Los-Ramones-por-@Presidencia-de-la-Rep\u00fablica.jpg","jetpack_sharing_enabled":true,"_links":{"self":[{"href":"http:\/\/www.eloriente.net\/home\/wp-json\/wp\/v2\/posts\/39783"}],"collection":[{"href":"http:\/\/www.eloriente.net\/home\/wp-json\/wp\/v2\/posts"}],"about":[{"href":"http:\/\/www.eloriente.net\/home\/wp-json\/wp\/v2\/types\/post"}],"author":[{"embeddable":true,"href":"http:\/\/www.eloriente.net\/home\/wp-json\/wp\/v2\/users\/44"}],"replies":[{"embeddable":true,"href":"http:\/\/www.eloriente.net\/home\/wp-json\/wp\/v2\/comments?post=39783"}],"version-history":[{"count":2,"href":"http:\/\/www.eloriente.net\/home\/wp-json\/wp\/v2\/posts\/39783\/revisions"}],"predecessor-version":[{"id":39788,"href":"http:\/\/www.eloriente.net\/home\/wp-json\/wp\/v2\/posts\/39783\/revisions\/39788"}],"wp:featuredmedia":[{"embeddable":true,"href":"http:\/\/www.eloriente.net\/home\/wp-json\/wp\/v2\/media\/39785"}],"wp:attachment":[{"href":"http:\/\/www.eloriente.net\/home\/wp-json\/wp\/v2\/media?parent=39783"}],"wp:term":[{"taxonomy":"category","embeddable":true,"href":"http:\/\/www.eloriente.net\/home\/wp-json\/wp\/v2\/categories?post=39783"},{"taxonomy":"post_tag","embeddable":true,"href":"http:\/\/www.eloriente.net\/home\/wp-json\/wp\/v2\/tags?post=39783"}],"curies":[{"name":"wp","href":"https:\/\/api.w.org\/{rel}","templated":true}]}}