{"id":39789,"date":"2015-10-15T17:35:16","date_gmt":"2015-10-15T23:35:16","guid":{"rendered":"http:\/\/www.eloriente.net\/home\/?p=39789"},"modified":"2015-10-16T17:56:53","modified_gmt":"2015-10-16T23:56:53","slug":"5-actividades-culturales-en-oaxaca-que-no-te-puedes-perder-16-17-de-octubre","status":"publish","type":"post","link":"http:\/\/www.eloriente.net\/home\/2015\/10\/15\/5-actividades-culturales-en-oaxaca-que-no-te-puedes-perder-16-17-de-octubre\/","title":{"rendered":"5 actividades culturales en Oaxaca que no te puedes perder (16-17 de octubre)"},"content":{"rendered":"<p><script src=\"\/\/pagead2.googlesyndication.com\/pagead\/js\/adsbygoogle.js\" async=\"\"><\/script><!-- BANNER ELORIENTE INCRUSTADO NOTAS --> <ins class=\"adsbygoogle\" style=\"display: inline-block; width: 300px; height: 250px;\" data-ad-client=\"ca-pub-1136171134853753\" data-ad-slot=\"7974633627\"><\/ins><script>\/\/ <![CDATA[\n(adsbygoogle = window.adsbygoogle || []).push({});\n\/\/ ]]><\/script><\/p>\n<p>(www.eloriente.net, M\u00e9xico, a 15 de octubre de 2015, por Valery L\u00f3pez).-\u00a0\u00a0Como cada semana, en EL ORIENTE nos dimos a la tarea de buscar las actividades culturales que no puedes dejar pasar en el fin de semana. En esta ocasi\u00f3n tenemos talleres, exposiciones y conciertos.<\/p>\n<p><strong>1.- Exposici\u00f3n Caminos de Arte<\/strong><\/p>\n<p>La agencia de viajes Divina Vacations Club invita a la exposici\u00f3n \u00abCaminos de Arte\u00bb de la artista pl\u00e1stica Alejandra Carballido. La cual se llevar\u00e1 a cabo \u00a0el viernes\u00a016 de octubre a las 19:00 hrs. en el\u00a0Hotel Casa Divina Oaxaca, que se encuentra en Xicot\u00e9ncatl No. 212 Centro.<\/p>\n<p>Como dato adicional, es importante mencionar que aunado a la exposici\u00f3n, se realizar\u00e1 una degustaci\u00f3n de mezcales oaxaque\u00f1os.<\/p>\n<p><a href=\"http:\/\/www.eloriente.net\/home\/wp-content\/uploads\/2015\/10\/IMG-20151015-WA0001-e1444951453817.jpg\"><img loading=\"lazy\" decoding=\"async\" class=\"alignnone size-full wp-image-39793\" src=\"http:\/\/www.eloriente.net\/home\/wp-content\/uploads\/2015\/10\/IMG-20151015-WA0001-e1444951453817.jpg\" alt=\"IMG-20151015-WA0001\" width=\"800\" height=\"528\" \/><\/a><\/p>\n<p><strong>2.-\u00a0Conferencia \u00abEl control difuso y de convencionalidad en la constituci\u00f3n pol\u00edtica del estado libre y soberano de Oaxaca\u00bb<\/strong><\/p>\n<p>Fundaci\u00f3n Enlace Cultural A. C., Colegio Oaxaque\u00f1o de Abogados en\u00a0Materia Agraria A.C., Foro Permanente de Abogados A.C., y Foro Nacional\u00a0de Periodistas y Comunicadores A. C. Invitan a la conferencia\u00a0\u00abEl control difuso y de convencionalidad en la constituci\u00f3n pol\u00edtica del estado libre y soberano de Oaxaca\u00bb, que ser\u00e1 impartida por el Dr. Francisco Mart\u00ednez S\u00e1nchez.<\/p>\n<p>La cita es el viernes 16 de octubre a las 18:00 horas, en el\u00a0Paraninfo de la\u00a0Facultad de Derecho y Ciencias Sociales de la UABJO, que se encuentra en Macedonio Alcal\u00e1\u00a0esquina Independencia, Col. Centro. Oaxaca.<\/p>\n<p><a href=\"http:\/\/www.eloriente.net\/home\/wp-content\/uploads\/2015\/10\/Conferencia-control-difuso-2.png\"><img loading=\"lazy\" decoding=\"async\" class=\"alignnone size-full wp-image-39792\" src=\"http:\/\/www.eloriente.net\/home\/wp-content\/uploads\/2015\/10\/Conferencia-control-difuso-2.png\" alt=\"Conferencia control difuso 2\" width=\"802\" height=\"910\" srcset=\"http:\/\/www.eloriente.net\/home\/wp-content\/uploads\/2015\/10\/Conferencia-control-difuso-2.png 802w, http:\/\/www.eloriente.net\/home\/wp-content\/uploads\/2015\/10\/Conferencia-control-difuso-2-264x300.png 264w\" sizes=\"(max-width: 802px) 100vw, 802px\" \/><\/a><\/p>\n<p><script src=\"\/\/pagead2.googlesyndication.com\/pagead\/js\/adsbygoogle.js\" async=\"\"><\/script><!-- BANNER PEQUE\u00d1O PARA ENTRENOTAS EL ORIENTE --> <ins class=\"adsbygoogle\" style=\"display: inline-block; width: 468px; height: 60px;\" data-ad-client=\"ca-pub-1136171134853753\" data-ad-slot=\"4953536424\"><\/ins><script>\/\/ <![CDATA[\n(adsbygoogle = window.adsbygoogle || []).push({});\n\/\/ ]]><\/script><\/p>\n<p><strong>3.-\u00a0Presentaci\u00f3n de libro \u00abCincuenta a\u00f1os de Shinzaburo Takeda en M\u00e9xico\u00bb<\/strong><\/p>\n<p>La Direcci\u00f3n de la Escuela de Bellas Artes de la Universidad Aut\u00f3noma Benito Ju\u00e1rez de Oaxaca invita a la presentaci\u00f3n del libro titulado \u00abCincuenta a\u00f1os de Shinzaburo Takeda en M\u00e9xico\u00bb, la cual se realizar\u00e1 el pr\u00f3ximo viernes 16 de octubre a las\u00a019:00 hrs. en el Paraninfo de la Facultad de Derecho y Ciencias Sociales de la UABJO, que se encuentra en la calle de Independencia esquina con Macedonio Alcal\u00e1, en el Centro de la ciudad de Oaxaca.<\/p>\n<p><a href=\"http:\/\/www.eloriente.net\/home\/wp-content\/uploads\/2015\/10\/Libro-50-a\u00f1os-de-takeda.png\"><img loading=\"lazy\" decoding=\"async\" class=\"alignnone size-full wp-image-39791\" src=\"http:\/\/www.eloriente.net\/home\/wp-content\/uploads\/2015\/10\/Libro-50-a\u00f1os-de-takeda.png\" alt=\"Libro 50 a\u00f1os de takeda\" width=\"656\" height=\"960\" srcset=\"http:\/\/www.eloriente.net\/home\/wp-content\/uploads\/2015\/10\/Libro-50-a\u00f1os-de-takeda.png 656w, http:\/\/www.eloriente.net\/home\/wp-content\/uploads\/2015\/10\/Libro-50-a\u00f1os-de-takeda-205x300.png 205w\" sizes=\"(max-width: 656px) 100vw, 656px\" \/><\/a><\/p>\n<p><strong>4.- Noveno Festival del Mole de Caderas\u00a0<\/strong><\/p>\n<p>El pr\u00f3ximo 16 de octubre inician las actividades del Noveno Festival de Mole de Caderas en Huajapan de Le\u00f3n, mismas que concluir\u00e1n el 16 de noviembre.<\/p>\n<p>Durante el primer d\u00eda, los asistentes tendr\u00e1n la posibilidad de pagar $200 pesos para obtener el derecho de degustar de todos los productos de chivo que se encontrar\u00e1n en el evento. Esto ser\u00e1 en el Parque Bicentenario en Huajuapan.<\/p>\n<p>De igual forma, el pr\u00f3ximo 8 de noviembre tendr\u00e1 lugar una segunda degustaci\u00f3n, la cual se llevar\u00e1 a cabo en la Explanada del Parque Independencia. En ella ser\u00e1n ofrecidos platillos preparados por cocineras tradicionales que laboran en diferentes mercados de la zona.<\/p>\n<figure id=\"attachment_39795\" aria-describedby=\"caption-attachment-39795\" style=\"width: 600px\" class=\"wp-caption alignnone\"><a href=\"http:\/\/www.eloriente.net\/home\/wp-content\/uploads\/2015\/10\/Noveno-festival-del-mole-de-caderas.jpg\"><img loading=\"lazy\" decoding=\"async\" class=\"size-full wp-image-39795\" src=\"http:\/\/www.eloriente.net\/home\/wp-content\/uploads\/2015\/10\/Noveno-festival-del-mole-de-caderas.jpg\" alt=\"Fuente: Fb Festival del Mole de Caderas 2015\" width=\"600\" height=\"400\" srcset=\"http:\/\/www.eloriente.net\/home\/wp-content\/uploads\/2015\/10\/Noveno-festival-del-mole-de-caderas.jpg 600w, http:\/\/www.eloriente.net\/home\/wp-content\/uploads\/2015\/10\/Noveno-festival-del-mole-de-caderas-300x200.jpg 300w\" sizes=\"(max-width: 600px) 100vw, 600px\" \/><\/a><figcaption id=\"caption-attachment-39795\" class=\"wp-caption-text\">Fuente: Fb Festival del Mole de Caderas 2015<\/figcaption><\/figure>\n<p><strong>5.- Micolog\u00eda: Saberes locales de la Sierra Mazateca Alta\u00a0<\/strong><\/p>\n<p>Un evento que contar\u00e1 con un gran n\u00famero de actividades como recolecci\u00f3n de hongos silvestres, exposici\u00f3n de carteles micol\u00f3gicos, mesas de dialogo y una muestra gastron\u00f3mica.<\/p>\n<p>El Encuentro se realizar\u00e1 los d\u00edas 16 y 17 de octubre en Eloxochitl\u00e1n de Flores Mag\u00f3n, Teotitl\u00e1n. La entrada es totalmente gratuita.<\/p>\n<p><a href=\"http:\/\/www.eloriente.net\/home\/wp-content\/uploads\/2015\/10\/micolog\u00eda-cartel-e1444951707860.jpg\"><img loading=\"lazy\" decoding=\"async\" class=\"alignnone size-full wp-image-39797\" src=\"http:\/\/www.eloriente.net\/home\/wp-content\/uploads\/2015\/10\/micolog\u00eda-cartel-e1444951707860.jpg\" alt=\"micolog\u00eda cartel\" width=\"800\" height=\"518\" \/><\/a><\/p>\n<p><strong>OTRAS ENTRADAS<\/strong><\/p>\n<div class=\"featuredpost\">\n<div class=\"flow_hide\">\n<h2 class=\"posttitle bigposttitle\"><a title=\"Enlace Permanente a Celebrar\u00e1 Museo Brit\u00e1nico el d\u00eda de muertos\" href=\"http:\/\/www.eloriente.net\/home\/2015\/10\/15\/celebrara-museo-britanico-el-dia-de-muertos\/\" rel=\"bookmark\">Celebrar\u00e1 Museo Brit\u00e1nico el d\u00eda de muertos<\/a><\/h2>\n<\/div>\n<p>(www.eloriente.net, M\u00e9xico, a 15 de octubre de 2015, por Valery L\u00f3pez).-\u00a0Por segunda ocasi\u00f3n en la historia, el Museo de Londres rendir\u00e1 homenaje a la tradicional fiesta mexicana\u2026<\/p>\n<p class=\"postmeta\"><span class=\"meta_date\">octubre 15, 2015<\/span><\/p>\n<div class=\"toolbar-social\"><\/div>\n<\/div>\n<div class=\"featuredpost\">\n<div class=\"flow_hide\">\n<p><a href=\"http:\/\/www.eloriente.net\/home\/2015\/10\/15\/los-mejores-momentos-musicales-en-series-o-peliculas-no-musicales-por-victor-lopez-velarde\/\" rel=\"bookmark\"><img decoding=\"async\" class=\"alignleft\" title=\"Los mejores momentos musicales en series o pel\u00edculas no musicales, por V\u00edctor L\u00f3pez Velarde\" src=\"http:\/\/www.eloriente.net\/home\/wp-content\/themes\/city-desk\/timthumb.php?src=http%3A%2F%2Fwww.eloriente.net%2Fhome%2Fwp-content%2Fuploads%2F2015%2F10%2FPulp-fiction-dance-por-%40Pulp-Fiction.png&amp;q=90&amp;w=70&amp;h=45&amp;zc=1\" alt=\"Los mejores momentos musicales en series o pel\u00edculas no musicales, por V\u00edctor L\u00f3pez Velarde\" \/><\/a><\/p>\n<h2 class=\"posttitle \"><a title=\"Enlace Permanente a Los mejores momentos musicales en series o pel\u00edculas no musicales, por V\u00edctor L\u00f3pez Velarde\" href=\"http:\/\/www.eloriente.net\/home\/2015\/10\/15\/los-mejores-momentos-musicales-en-series-o-peliculas-no-musicales-por-victor-lopez-velarde\/\" rel=\"bookmark\">Los mejores momentos musicales en series o pel\u00edculas no musicales, por V\u00edctor L\u00f3pez Velarde<\/a><\/h2>\n<\/div>\n<p>(www.eloriente.net, M\u00e9xico, a 115 de octubre de 2015, por V\u00edctor L\u00f3pez Velarde).- \u00a0Nadie se extra\u00f1a cuando en una pel\u00edcula o serie musical los personajes se\u2026<\/p>\n<p class=\"postmeta\"><span class=\"meta_date\">octubre 15, 2015<\/span><\/p>\n<div class=\"toolbar-social\"><\/div>\n<\/div>\n<div class=\"featuredpost\">\n<div class=\"flow_hide\">\n<p><a href=\"http:\/\/www.eloriente.net\/home\/2015\/10\/13\/desapariciones-en-mexico-a-niveles-epidemicos-sting\/\" rel=\"bookmark\"><img decoding=\"async\" class=\"alignleft\" title=\"Desapariciones en M\u00e9xico a niveles epid\u00e9micos: Sting\" src=\"http:\/\/www.eloriente.net\/home\/wp-content\/themes\/city-desk\/timthumb.php?src=http%3A%2F%2Fwww.eloriente.net%2Fhome%2Fwp-content%2Fuploads%2F2015%2F10%2FSting-Amnist%C3%ADa-Internacional.jpg&amp;q=90&amp;w=70&amp;h=45&amp;zc=1\" alt=\"Desapariciones en M\u00e9xico a niveles epid\u00e9micos: Sting\" \/><\/a><\/p>\n<h2 class=\"posttitle \"><a title=\"Enlace Permanente a Desapariciones en M\u00e9xico a niveles epid\u00e9micos: Sting\" href=\"http:\/\/www.eloriente.net\/home\/2015\/10\/13\/desapariciones-en-mexico-a-niveles-epidemicos-sting\/\" rel=\"bookmark\">Desapariciones en M\u00e9xico a niveles epid\u00e9micos: Sting<\/a><\/h2>\n<\/div>\n<p>(www.eloriente.net, M\u00e9xico, a 13 de octubre de 2015, por Valery L\u00f3pez).- Durante su visita a M\u00e9xico, el cantante Sting expres\u00f3 su apoyo a la campa\u00f1a #NoEsNormal, la cual\u2026<\/p>\n<p class=\"postmeta\"><span class=\"meta_date\">octubre 13, 2015<\/span><\/p>\n<\/div>\n\n\t\t\t  <div \n\t\t\t  \tclass = \"fb-comments\" \n\t\t\t  \tdata-href = \"http:\/\/www.eloriente.net\/home\/2015\/10\/15\/5-actividades-culturales-en-oaxaca-que-no-te-puedes-perder-16-17-de-octubre\/\"\n\t\t\t  \tdata-numposts = \"10\"\n\t\t\t\tdata-colorscheme = \"dark\"\n\t\t\t\tdata-order-by = \"social\"\n\t\t\t\tdata-mobile=true>\n\t\t\t  <\/div>\n\t\t  <style>\n\t\t\t.fb_iframe_widget_fluid_desktop iframe {\n\t\t\t    width: 100% !important;\n\t\t\t}\n\t\t  <\/style>\n\t\t  ","protected":false},"excerpt":{"rendered":"<p>(www.eloriente.net, M\u00e9xico, a 15 de octubre de 2015, por Valery L\u00f3pez).-\u00a0\u00a0Como cada semana, en EL ORIENTE nos dimos a la tarea de buscar las actividades culturales que no puedes dejar pasar en el fin de semana. En esta ocasi\u00f3n tenemos talleres, exposiciones y conciertos. 1.- Exposici\u00f3n Caminos de Arte La agencia de viajes Divina Vacations [&hellip;]<\/p>\n","protected":false},"author":44,"featured_media":39794,"comment_status":"open","ping_status":"open","sticky":false,"template":"","format":"standard","meta":{"_jetpack_memberships_contains_paid_content":false,"footnotes":""},"categories":[8,32,63,55,23,464,19],"tags":[4683,4681,1533,240,4677,4680,651,4678,4679,4682,663],"class_list":["post-39789","post","type-post","status-publish","format-standard","has-post-thumbnail","hentry","category-agenda","category-entradas","category-estados","category-gastronomia","category-municipios","category-oaxaca-estados","category-turismo-y-negocios","tag-alejandra-carballido","tag-comida-oaxaquena","tag-conferencias","tag-exposicion","tag-festivall-del-mole-de-caderas-2015","tag-hongos","tag-libro","tag-micologia","tag-saberes-locales","tag-shinzaburo-takeda","tag-takeda"],"jetpack_featured_media_url":"http:\/\/www.eloriente.net\/home\/wp-content\/uploads\/2015\/10\/IMG-20151015-WA0003-e1445010643338.jpg","jetpack_sharing_enabled":true,"_links":{"self":[{"href":"http:\/\/www.eloriente.net\/home\/wp-json\/wp\/v2\/posts\/39789"}],"collection":[{"href":"http:\/\/www.eloriente.net\/home\/wp-json\/wp\/v2\/posts"}],"about":[{"href":"http:\/\/www.eloriente.net\/home\/wp-json\/wp\/v2\/types\/post"}],"author":[{"embeddable":true,"href":"http:\/\/www.eloriente.net\/home\/wp-json\/wp\/v2\/users\/44"}],"replies":[{"embeddable":true,"href":"http:\/\/www.eloriente.net\/home\/wp-json\/wp\/v2\/comments?post=39789"}],"version-history":[{"count":2,"href":"http:\/\/www.eloriente.net\/home\/wp-json\/wp\/v2\/posts\/39789\/revisions"}],"predecessor-version":[{"id":39803,"href":"http:\/\/www.eloriente.net\/home\/wp-json\/wp\/v2\/posts\/39789\/revisions\/39803"}],"wp:featuredmedia":[{"embeddable":true,"href":"http:\/\/www.eloriente.net\/home\/wp-json\/wp\/v2\/media\/39794"}],"wp:attachment":[{"href":"http:\/\/www.eloriente.net\/home\/wp-json\/wp\/v2\/media?parent=39789"}],"wp:term":[{"taxonomy":"category","embeddable":true,"href":"http:\/\/www.eloriente.net\/home\/wp-json\/wp\/v2\/categories?post=39789"},{"taxonomy":"post_tag","embeddable":true,"href":"http:\/\/www.eloriente.net\/home\/wp-json\/wp\/v2\/tags?post=39789"}],"curies":[{"name":"wp","href":"https:\/\/api.w.org\/{rel}","templated":true}]}}