{"id":39915,"date":"2015-10-22T14:41:07","date_gmt":"2015-10-22T20:41:07","guid":{"rendered":"http:\/\/www.eloriente.net\/home\/?p=39915"},"modified":"2015-10-22T14:41:07","modified_gmt":"2015-10-22T20:41:07","slug":"5-actividades-culturales-en-oaxaca-que-no-te-puedes-perder-23-27-de-octubre","status":"publish","type":"post","link":"http:\/\/www.eloriente.net\/home\/2015\/10\/22\/5-actividades-culturales-en-oaxaca-que-no-te-puedes-perder-23-27-de-octubre\/","title":{"rendered":"5 actividades culturales en Oaxaca que no te puedes perder (23-27 de octubre)"},"content":{"rendered":"<p><script src=\"\/\/pagead2.googlesyndication.com\/pagead\/js\/adsbygoogle.js\" async=\"\"><\/script><!-- BANNER ELORIENTE INCRUSTADO NOTAS --> <ins class=\"adsbygoogle\" style=\"display: inline-block; width: 300px; height: 250px;\" data-ad-client=\"ca-pub-1136171134853753\" data-ad-slot=\"7974633627\"><\/ins><script>\/\/ <![CDATA[\n(adsbygoogle = window.adsbygoogle || []).push({});\n\/\/ ]]><\/script><\/p>\n<p>&nbsp;<\/p>\n<p>(www.eloriente.net, M\u00e9xico, a 22 de octubre de 2015, por Valery L\u00f3pez).- Como cada semana, en EL ORIENTE nos dimos a la tarea de buscar las actividades culturales que no puedes dejar pasar en los pr\u00f3ximos d\u00edas. En esta ocasi\u00f3n te presentamos expos,\u00a0documentales, degustaciones, y literatura.<\/p>\n<p><strong>1.-\u00a0D\u00e9cimo Primera Expo Congreso \u201cHacia una visi\u00f3n hol\u00edstica de salud\u201d<\/strong><\/p>\n<p>Este evento se realizar\u00e1 del 22 al 25 de octubre en el Paseo Ju\u00e1rez \u00abEl Llano\u00bb, en el marco del D\u00eda Internacional de la Medicina Natural (22 de octubre) elegido por la Organizaci\u00f3n de las Naciones Unidas.<\/p>\n<p>En la expo los asistentes podr\u00e1n participar de\u00a0terapias, masajes, conferencias, mesas redondas, ponencias, ejercicios energ\u00e9ticos, proyecci\u00f3n de pel\u00edculas y eventos art\u00edsticos.<\/p>\n<p>Julieta Z\u00e1rate Playas, miembro del Impact Hub Oaxaca estar\u00e1\u00a0participando en el evento. Ella estar\u00e1 ofreciendo terapias para miembros Hub \u00a1Con un descuento del\u00a050%!.<\/p>\n<p><a href=\"http:\/\/www.eloriente.net\/home\/wp-content\/uploads\/2015\/10\/Take-Back-Your-Health-Conference-2015-Los-Angeles.jpg\"><img loading=\"lazy\" decoding=\"async\" class=\"alignnone size-full wp-image-39926\" src=\"http:\/\/www.eloriente.net\/home\/wp-content\/uploads\/2015\/10\/Take-Back-Your-Health-Conference-2015-Los-Angeles-e1445545825334.jpg\" alt=\"Take Back Your Health Conference 2015 Los Angeles\" width=\"641\" height=\"427\" \/><\/a><\/p>\n<p>&nbsp;<\/p>\n<p>&nbsp;<\/p>\n<p><strong>2.- Encuentro de Dos Mundos<\/strong><\/p>\n<p>\u00abEncuentro de Dos Mundos\u00bb, es una cena degustaci\u00f3n organizada por el Instituto de Gastronom\u00eda y Turismo de la Mixteca. En ella, los asistentes podr\u00e1n degustar de 6 platillos distintos preparados por 6 chefs egresados y certificados por diversas instituciones en el mundo.<\/p>\n<p>Entre los chefs participantes se encuentran, Ferm\u00edn L\u00f3pez, quien es certificado en atenci\u00f3n al cliente por la Escuela Service Quality Institute Latin America. V\u00edctor Viazcan, egresado del Instituto Suizo de Gastronom\u00eda y Hoteler\u00eda. De igual forma participar\u00e1 Edgar Aguilar, quien obtuvo el 3er. lugar en el \u00ab1\u00ba Concurso de Intelectuales en Cocina Mexicana\u00bb.<\/p>\n<p>El evento se realizar\u00e1 el 23 de octubre\u00a0a las 20:00 horas\u00a0en el Club de Leones. Los boletos se pueden reserva al n\u00famero 53-22-354.<\/p>\n<p><a href=\"http:\/\/www.eloriente.net\/home\/wp-content\/uploads\/2015\/10\/Encuentro-de-dos-mundos-e1445545930590.jpg\"><img loading=\"lazy\" decoding=\"async\" class=\"alignnone size-full wp-image-39931\" src=\"http:\/\/www.eloriente.net\/home\/wp-content\/uploads\/2015\/10\/Encuentro-de-dos-mundos-e1445545930590.jpg\" alt=\"Encuentro de dos mundos\" width=\"700\" height=\"457\" \/><\/a><\/p>\n<p><script src=\"\/\/pagead2.googlesyndication.com\/pagead\/js\/adsbygoogle.js\" async=\"\"><\/script><!-- BANNER PEQUE\u00d1O PARA ENTRENOTAS EL ORIENTE --> <ins class=\"adsbygoogle\" style=\"display: inline-block; width: 468px; height: 60px;\" data-ad-client=\"ca-pub-1136171134853753\" data-ad-slot=\"4953536424\"><\/ins><script>\/\/ <![CDATA[\n(adsbygoogle = window.adsbygoogle || []).push({});\n\/\/ ]]><\/script><\/p>\n<p><strong>3.- Presentaci\u00f3n JAWS (Tibur\u00f3n),\u00a0Poes\u00eda de Xitl\u00e1litl Rodr\u00edguez Mendoza<\/strong><\/p>\n<p>Jaws (Tibur\u00f3n) es un libro de poemas alrededor de la pel\u00edcula Tibur\u00f3n, la imposici\u00f3n del ingl\u00e9s como ortolengua en todo mundo y las terribles condiciones laborales que asolan el pa\u00eds.<\/p>\n<p>Es escrito por Xitl\u00e1litl Rodr\u00edguez Mendoza, quien estudi\u00f3 la licenciatura en Letras Hisp\u00e1nicas en la Universidad de Guadalajara. Es autora de los libros de poes\u00eda Polvo lugar (La Zon\u00e1mbula), Datsun (Punto de Partida, UNAM), Catnip (Col. La Ceibita, Tierra Adentro) y Apache y otros poemas de veh\u00edculos autoimpulsados (Mono, Conaculta).<\/p>\n<p>La presentaci\u00f3n, que contar\u00e1 con la participaci\u00f3n de Efra\u00edn Velasco y de la autora, ser\u00e1 el s\u00e1bado 24 de octubre a las 19:30 horas en la Biblioteca Henestrosa. Entrada Libre.<\/p>\n<p><a href=\"http:\/\/www.eloriente.net\/home\/wp-content\/uploads\/2015\/10\/JWAS-TIBUR\u00d3N-e1445545765957.jpg\"><img loading=\"lazy\" decoding=\"async\" class=\"alignnone size-full wp-image-39930\" src=\"http:\/\/www.eloriente.net\/home\/wp-content\/uploads\/2015\/10\/JWAS-TIBUR\u00d3N-e1445545765957.jpg\" alt=\"JWAS (TIBUR\u00d3N)\" width=\"641\" height=\"992\" \/><\/a><\/p>\n<p><strong>4.- Feria Internacional del Libro de Oaxaca 2015<\/strong><\/p>\n<p>El pr\u00f3ximo 24 de octubre inicia de manera oficial la trig\u00e9simo quinta edici\u00f3n de la Feria Internacional del Libro de Oaxaca 2015, que contar\u00e1 con un\u00a0programa para toda la familia, lleno de encuentros con la cultura y el pensamiento.<\/p>\n<p>La inauguraci\u00f3n del evento se realizar\u00e1 el d\u00eda 24 a las 12:00 horas en el Teatro Macedonio Alcal\u00e1.\u00a0Ese mismo d\u00eda, se llevar\u00e1 a cabo un Encuentro homenaje a V\u00edctor de la Cruz, en la Biblioteca Francisco de Burgoa a las 18:00 horas, en \u00e9l participar\u00e1n Salom\u00f3n Nahmad, Marcus Winter, Rodrigo De la Torre y Miguel Alberto Bartolom\u00e9.<\/p>\n<p>Para conocer el programa completo de actividades se puede consultar el siguiente enlace:\u00a0<a href=\"http:\/\/www.filoaxaca.com\/php\/programa.php?id=24#24\" target=\"_blank\">http:\/\/www.filoaxaca.com\/php\/programa.php?id=24#24<\/a><\/p>\n<p><a href=\"http:\/\/www.eloriente.net\/home\/wp-content\/uploads\/2015\/10\/FIL-Oaxaca-Homenaje-a-V\u00edctor-de-la-Cruz-e1445545777877.jpg\"><img loading=\"lazy\" decoding=\"async\" class=\"alignnone size-full wp-image-39929\" src=\"http:\/\/www.eloriente.net\/home\/wp-content\/uploads\/2015\/10\/FIL-Oaxaca-Homenaje-a-V\u00edctor-de-la-Cruz-e1445545777877.jpg\" alt=\"FIL Oaxaca, Homenaje a V\u00edctor de la Cruz\" width=\"641\" height=\"400\" \/><\/a><\/p>\n<p><strong>5.- Estreno del documental \u00abHannah: La Traves\u00eda In\u00e9dita del Budismo\u00bb<\/strong><\/p>\n<p>El pr\u00f3ximo martes 27 de octubre, a las 7:30 pm, se llevar\u00e1 a cabo el\u00a0estreno en Oaxaca del documental \u00abHANNAH: La Traves\u00eda In\u00e9dita del\u00a0Budismo\u00bb, en el Centro Cultural San Pablo, una pel\u00edcula que narra 40 a\u00f1os de la vida de Hannah Nydahl\u00a0dedicados a llevar el budismo a Occidente.<\/p>\n<p>Cabe se\u00f1alar que \u00e9ste filme, presentado gracias al esfuerzo del Centro Camino del Diamante Oaxaca, fue estrenado en Nueva York en junio pasado, y ya ha sido ganador de dos premios y ha obtenido varias\u00a0nominaciones.<\/p>\n<p><iframe loading=\"lazy\" src=\"https:\/\/player.vimeo.com\/video\/110654822\" width=\"500\" height=\"281\" frameborder=\"0\" allowfullscreen=\"allowfullscreen\"><\/iframe><\/p>\n<p><a href=\"https:\/\/vimeo.com\/110654822\">Hannah: Buddhism&#8217;s Untold Journey &#8211; Official Trailer<\/a> from <a href=\"https:\/\/vimeo.com\/connectedpictures\">Connected Pictures<\/a> on <a href=\"https:\/\/vimeo.com\">Vimeo<\/a>.<\/p>\n<p><a href=\"http:\/\/www.eloriente.net\/home\/wp-content\/uploads\/2015\/10\/Hanna-bien.jpg\"><img loading=\"lazy\" decoding=\"async\" class=\"alignnone size-full wp-image-39927\" src=\"http:\/\/www.eloriente.net\/home\/wp-content\/uploads\/2015\/10\/Hanna-bien.jpg\" alt=\"Hanna bien\" width=\"641\" height=\"465\" srcset=\"http:\/\/www.eloriente.net\/home\/wp-content\/uploads\/2015\/10\/Hanna-bien.jpg 641w, http:\/\/www.eloriente.net\/home\/wp-content\/uploads\/2015\/10\/Hanna-bien-300x218.jpg 300w\" sizes=\"(max-width: 641px) 100vw, 641px\" \/><\/a><\/p>\n<p><strong>OTRAS ENTRADAS<\/strong><\/p>\n<div class=\"featuredpost\">\n<div class=\"flow_hide\">\n<h2 class=\"posttitle bigposttitle\"><a title=\"Enlace Permanente a Enorme \u2018victoria del pueblo\u2019, cambio #CCCO: Frente\" href=\"http:\/\/www.eloriente.net\/home\/2015\/10\/22\/enorme-victoria-del-pueblo-cambio-ccco-frente\/\" rel=\"bookmark\">Enorme \u2018victoria del pueblo\u2019, cambio #CCCO: Frente<\/a><\/h2>\n<\/div>\n<p>eloriente.net 22 de octubre de 2015 Comunicado \u00edntegro del Frente para la Defensa del Cerro del Fort\u00edn: Ayer 21 de octubre por la noche, el gobernador del estado\u2026<\/p>\n<p class=\"postmeta\"><span class=\"meta_date\">octubre 22, 2015<\/span><\/p>\n<div class=\"toolbar-social\"><\/div>\n<\/div>\n<div class=\"featuredpost\">\n<div class=\"flow_hide\"><a href=\"http:\/\/www.eloriente.net\/home\/2015\/10\/22\/el-futuro-finalmente-nos-alcanzo-bttfday\/\" rel=\"bookmark\"><img decoding=\"async\" class=\"alignleft\" title=\"El futuro finalmente nos alcanz\u00f3 #BTTFDay #JuevesdeCine\" src=\"http:\/\/www.eloriente.net\/home\/wp-content\/themes\/city-desk\/timthumb.php?src=http%3A%2F%2Fwww.eloriente.net%2Fhome%2Fwp-content%2Fuploads%2F2015%2F10%2FThe-Future-is-now.jpg&amp;q=90&amp;w=70&amp;h=45&amp;zc=1\" alt=\"El futuro finalmente nos alcanz\u00f3 #BTTFDay #JuevesdeCine\" \/><\/a><\/p>\n<h2 class=\"posttitle \"><a title=\"Enlace Permanente a El futuro finalmente nos alcanz\u00f3 #BTTFDay #JuevesdeCine\" href=\"http:\/\/www.eloriente.net\/home\/2015\/10\/22\/el-futuro-finalmente-nos-alcanzo-bttfday\/\" rel=\"bookmark\">El futuro finalmente nos alcanz\u00f3 #BTTFDay #JuevesdeCine<\/a><\/h2>\n<\/div>\n<p>(www.eloriente.net, M\u00e9xico, a 22 de octubre de 2015, por Valery L\u00f3pez).-\u00a0Ayer se vivi\u00f3 una gran euforia en las redes sociales a lo largo del mundo, por la\u2026<\/p>\n<p class=\"postmeta\"><span class=\"meta_date\">octubre 22, 2015<\/span><\/p>\n<div class=\"toolbar-social\"><\/div>\n<\/div>\n<div class=\"featuredpost\">\n<div class=\"flow_hide\"><a href=\"http:\/\/www.eloriente.net\/home\/2015\/10\/21\/oaxaca-el-estado-mas-insatisfecho-con-la-vida-inegi\/\" rel=\"bookmark\"><img decoding=\"async\" class=\"alignleft\" title=\"Oaxaca el estado m\u00e1s insatisfecho con la vida: INEGI\" src=\"http:\/\/www.eloriente.net\/home\/wp-content\/themes\/city-desk\/timthumb.php?src=http%3A%2F%2Fwww.eloriente.net%2Fhome%2Fwp-content%2Fuploads%2F2015%2F10%2FSanto-Domingo-por-%40Russ-Bowling-.jpg&amp;q=90&amp;w=70&amp;h=45&amp;zc=1\" alt=\"Oaxaca el estado m\u00e1s insatisfecho con la vida: INEGI\" \/><\/a><\/p>\n<h2 class=\"posttitle \"><a title=\"Enlace Permanente a Oaxaca el estado m\u00e1s insatisfecho con la vida: INEGI\" href=\"http:\/\/www.eloriente.net\/home\/2015\/10\/21\/oaxaca-el-estado-mas-insatisfecho-con-la-vida-inegi\/\" rel=\"bookmark\">Oaxaca el estado m\u00e1s insatisfecho con la vida: INEGI<\/a><\/h2>\n<\/div>\n<p>(www.eloriente.net, M\u00e9xico, a 21 de octubre de 2015, por Valery L\u00f3pez).- El Instituto Nacional de Estad\u00edstica y Geograf\u00eda (INEGI), present\u00f3 por primera vez en M\u00e9xico, los resultados\u2026<\/p>\n<p class=\"postmeta\"><span class=\"meta_date\">octubre 21, 2015<\/span><\/p>\n<\/div>\n\n\t\t\t  <div \n\t\t\t  \tclass = \"fb-comments\" \n\t\t\t  \tdata-href = \"http:\/\/www.eloriente.net\/home\/2015\/10\/22\/5-actividades-culturales-en-oaxaca-que-no-te-puedes-perder-23-27-de-octubre\/\"\n\t\t\t  \tdata-numposts = \"10\"\n\t\t\t\tdata-colorscheme = \"dark\"\n\t\t\t\tdata-order-by = \"social\"\n\t\t\t\tdata-mobile=true>\n\t\t\t  <\/div>\n\t\t  <style>\n\t\t\t.fb_iframe_widget_fluid_desktop iframe {\n\t\t\t    width: 100% !important;\n\t\t\t}\n\t\t  <\/style>\n\t\t  ","protected":false},"excerpt":{"rendered":"<p>&nbsp; (www.eloriente.net, M\u00e9xico, a 22 de octubre de 2015, por Valery L\u00f3pez).- Como cada semana, en EL ORIENTE nos dimos a la tarea de buscar las actividades culturales que no puedes dejar pasar en los pr\u00f3ximos d\u00edas. En esta ocasi\u00f3n te presentamos expos,\u00a0documentales, degustaciones, y literatura. 1.-\u00a0D\u00e9cimo Primera Expo Congreso \u201cHacia una visi\u00f3n hol\u00edstica de [&hellip;]<\/p>\n","protected":false},"author":44,"featured_media":39926,"comment_status":"open","ping_status":"open","sticky":false,"template":"","format":"standard","meta":{"_jetpack_memberships_contains_paid_content":false,"footnotes":""},"categories":[8,56,18,32,63,464,30],"tags":[3648,4782,4781,4779,4786,4787,4780,4783,4784,73,4785],"class_list":["post-39915","post","type-post","status-publish","format-standard","has-post-thumbnail","hentry","category-agenda","category-cine","category-educacion-y-cultura","category-entradas","category-estados","category-oaxaca-estados","category-salud","tag-actividades-culturales","tag-cena-degustacion","tag-encuentro-de-dos-mundos","tag-expo-congreso-hacia-una-vision-holistica-de-salud","tag-fil-oaxaca-2015","tag-hannah-la-travesia-inedita-del-budismo","tag-impact-hub-oaxaca","tag-instituto-de-gastronomia-y-turismo-de-la-mixteca","tag-jaws-tiburon","tag-oaxaca","tag-xitlalitl-rodriguez-mendoza"],"jetpack_featured_media_url":"http:\/\/www.eloriente.net\/home\/wp-content\/uploads\/2015\/10\/Take-Back-Your-Health-Conference-2015-Los-Angeles-e1445545825334.jpg","jetpack_sharing_enabled":true,"_links":{"self":[{"href":"http:\/\/www.eloriente.net\/home\/wp-json\/wp\/v2\/posts\/39915"}],"collection":[{"href":"http:\/\/www.eloriente.net\/home\/wp-json\/wp\/v2\/posts"}],"about":[{"href":"http:\/\/www.eloriente.net\/home\/wp-json\/wp\/v2\/types\/post"}],"author":[{"embeddable":true,"href":"http:\/\/www.eloriente.net\/home\/wp-json\/wp\/v2\/users\/44"}],"replies":[{"embeddable":true,"href":"http:\/\/www.eloriente.net\/home\/wp-json\/wp\/v2\/comments?post=39915"}],"version-history":[{"count":4,"href":"http:\/\/www.eloriente.net\/home\/wp-json\/wp\/v2\/posts\/39915\/revisions"}],"predecessor-version":[{"id":39933,"href":"http:\/\/www.eloriente.net\/home\/wp-json\/wp\/v2\/posts\/39915\/revisions\/39933"}],"wp:featuredmedia":[{"embeddable":true,"href":"http:\/\/www.eloriente.net\/home\/wp-json\/wp\/v2\/media\/39926"}],"wp:attachment":[{"href":"http:\/\/www.eloriente.net\/home\/wp-json\/wp\/v2\/media?parent=39915"}],"wp:term":[{"taxonomy":"category","embeddable":true,"href":"http:\/\/www.eloriente.net\/home\/wp-json\/wp\/v2\/categories?post=39915"},{"taxonomy":"post_tag","embeddable":true,"href":"http:\/\/www.eloriente.net\/home\/wp-json\/wp\/v2\/tags?post=39915"}],"curies":[{"name":"wp","href":"https:\/\/api.w.org\/{rel}","templated":true}]}}