{"id":39963,"date":"2015-10-23T13:37:26","date_gmt":"2015-10-23T19:37:26","guid":{"rendered":"http:\/\/www.eloriente.net\/home\/?p=39963"},"modified":"2015-11-04T09:39:44","modified_gmt":"2015-11-04T15:39:44","slug":"chile-tendra-dia-nacional-del-yoga","status":"publish","type":"post","link":"http:\/\/www.eloriente.net\/home\/2015\/10\/23\/chile-tendra-dia-nacional-del-yoga\/","title":{"rendered":"Chile tendr\u00e1 D\u00eda Nacional del Yoga"},"content":{"rendered":"<p><script src=\"\/\/pagead2.googlesyndication.com\/pagead\/js\/adsbygoogle.js\" async=\"\"><\/script><!-- BANNER ELORIENTE INCRUSTADO NOTAS --> <ins class=\"adsbygoogle\" style=\"display: inline-block; width: 300px; height: 250px;\" data-ad-client=\"ca-pub-1136171134853753\" data-ad-slot=\"7974633627\"><\/ins><script>\/\/ <![CDATA[\n(adsbygoogle = window.adsbygoogle || []).push({});\n\/\/ ]]><\/script><\/p>\n<p>(www.eloriente.net, M\u00e9xico, a 23 de octubre de 2015, por Valery L\u00f3pez).-\u00a0Con 83 votos a favor y 17 abstenciones, los diputados chilenos aprobaron el proyecto para institucionalizar el 4 noviembre como el D\u00eda Nacional del Yoga en Chile.<\/p>\n<p>El proyecto fue presentado bajo el argumento de que, dicha disciplina se encuentra difundida en las distintas ciudades del pa\u00eds, y que es practicada por ni\u00f1os, ni\u00f1as, hombres y mujeres de distintas clases sociales, niveles socioecon\u00f3micos y culturales.<\/p>\n<p>As\u00ed mismo, mencionaran que se trata de una actividad f\u00edsica, mental y espiritual capaz de potenciar ciertas cualidades para el desarrollo individual y social de las personas.<\/p>\n<p>Por eso, dijeron, es importante la instauraci\u00f3n de un d\u00eda nacional, para que con ello se difunda la pr\u00e1ctica de esta disciplina entre la sociedad. De igual forma, se espera que con la celebraci\u00f3n del D\u00eda del Yoga, los municipios y las instituciones realicen talleres y conferencias en pro de su pr\u00e1ctica.<\/p>\n<p><script src=\"\/\/pagead2.googlesyndication.com\/pagead\/js\/adsbygoogle.js\" async=\"\"><\/script><!-- BANNER PEQUE\u00d1O PARA ENTRENOTAS EL ORIENTE --> <ins class=\"adsbygoogle\" style=\"display: inline-block; width: 468px; height: 60px;\" data-ad-client=\"ca-pub-1136171134853753\" data-ad-slot=\"4953536424\"><\/ins><script>\/\/ <![CDATA[\n(adsbygoogle = window.adsbygoogle || []).push({});\n\/\/ ]]><\/script><\/p>\n<p>La propuesta, luego de ser aprobada por la C\u00e1mara de Diputados, ser\u00e1 llevada al senado chileno para que sea aprobada su institucionalizaci\u00f3n.<\/p>\n<p>En Chile, la pr\u00e1ctica del yoga se remonta al a\u00f1o 1964, cuando el mexicano Jos\u00e9 Rafael Estrada fundo el primer instituto de yoga en ese pa\u00eds, el 4 de noviembre de ese a\u00f1o.<\/p>\n<p>Recordemos que el pasado 21 de junio se celebr\u00f3 el primer D\u00eda Internacional del Yoga, el cual fue aprobado de manera un\u00e1nime por la Asamblea General de la ONU en diciembre de 2014. Ah\u00ed se dijo que, dicha resoluci\u00f3n\u00a0fue tomada para que las personas\u00a0 \u00abadopten decisiones m\u00e1s saludables y modos de vida que propicien la buena salud\u00bb pues \u00abel yoga ofrece un enfoque hol\u00edstico de la salud y el bienestar\u00bb<\/p>\n<p><a href=\"http:\/\/www.eloriente.net\/home\/wp-content\/uploads\/2015\/10\/Yoga-multitud.jpg\"><img loading=\"lazy\" decoding=\"async\" class=\"alignnone size-medium wp-image-39966\" src=\"http:\/\/www.eloriente.net\/home\/wp-content\/uploads\/2015\/10\/Yoga-multitud-300x200.jpg\" alt=\"Yoga multitud\" width=\"300\" height=\"200\" srcset=\"http:\/\/www.eloriente.net\/home\/wp-content\/uploads\/2015\/10\/Yoga-multitud-300x200.jpg 300w, http:\/\/www.eloriente.net\/home\/wp-content\/uploads\/2015\/10\/Yoga-multitud-1024x683.jpg 1024w, http:\/\/www.eloriente.net\/home\/wp-content\/uploads\/2015\/10\/Yoga-multitud-900x600.jpg 900w, http:\/\/www.eloriente.net\/home\/wp-content\/uploads\/2015\/10\/Yoga-multitud.jpg 2048w\" sizes=\"(max-width: 300px) 100vw, 300px\" \/><\/a><\/p>\n<p><strong>OTRAS ENTRADAS<\/strong><\/p>\n<div class=\"featuredpost\">\n<div class=\"flow_hide\">\n<h2 class=\"posttitle bigposttitle\"><a title=\"Enlace Permanente a Las canciones m\u00e1s virales de Spotify: \u201cPhantom Limb\u201d de Yellow Mellow\" href=\"http:\/\/www.eloriente.net\/home\/2015\/10\/23\/las-canciones-mas-virales-de-spotify-phantom-limb-de-yellow-mellow\/\" rel=\"bookmark\">Las canciones m\u00e1s virales de Spotify: \u201cPhantom Limb\u201d de Yellow Mellow<\/a><\/h2>\n<\/div>\n<p>(www.eloriente.net, M\u00e9xico, a 22 de octubre de 2015, por Valery L\u00f3pez).- Spotify cuenta con un gran n\u00famero de listas dise\u00f1adas para ayudar a que sus usuarios conozcan\u2026<\/p>\n<p class=\"postmeta\"><span class=\"meta_date\">octubre 23, 2015<\/span><\/p>\n<\/div>\n<div class=\"featuredpost\">\n<div class=\"flow_hide\">\n<p><a href=\"http:\/\/www.eloriente.net\/home\/2015\/10\/22\/enorme-victoria-del-pueblo-cambio-ccco-frente\/\" rel=\"bookmark\"><img decoding=\"async\" class=\"alignleft\" title=\"Enorme \u2018victoria del pueblo\u2019, cambio #CCCO: Frente\" src=\"http:\/\/www.eloriente.net\/home\/wp-content\/themes\/city-desk\/timthumb.php?src=http%3A%2F%2Fwww.eloriente.net%2Fhome%2Fwp-content%2Fuploads%2F2015%2F10%2FLOGO-FRENTE-DEFENSA-FORTIN.png&amp;q=90&amp;w=70&amp;h=45&amp;zc=1\" alt=\"Enorme \u2018victoria del pueblo\u2019, cambio #CCCO: Frente\" \/><\/a><\/p>\n<h2 class=\"posttitle \"><a title=\"Enlace Permanente a Enorme \u2018victoria del pueblo\u2019, cambio #CCCO: Frente\" href=\"http:\/\/www.eloriente.net\/home\/2015\/10\/22\/enorme-victoria-del-pueblo-cambio-ccco-frente\/\" rel=\"bookmark\">Enorme \u2018victoria del pueblo\u2019, cambio #CCCO: Frente<\/a><\/h2>\n<\/div>\n<p>eloriente.net 22 de octubre de 2015 Comunicado \u00edntegro del Frente para la Defensa del Cerro del Fort\u00edn: Ayer 21 de octubre por la noche, el gobernador del estado\u2026<\/p>\n<p class=\"postmeta\"><span class=\"meta_date\">octubre 22, 2015<\/span><\/p>\n<\/div>\n<div class=\"featuredpost\">\n<div class=\"flow_hide\">\n<p><a href=\"http:\/\/www.eloriente.net\/home\/2015\/10\/22\/el-futuro-finalmente-nos-alcanzo-bttfday\/\" rel=\"bookmark\"><img decoding=\"async\" class=\"alignleft\" title=\"El futuro finalmente nos alcanz\u00f3 #BTTFDay #JuevesdeCine\" src=\"http:\/\/www.eloriente.net\/home\/wp-content\/themes\/city-desk\/timthumb.php?src=http%3A%2F%2Fwww.eloriente.net%2Fhome%2Fwp-content%2Fuploads%2F2015%2F10%2FThe-Future-is-now.jpg&amp;q=90&amp;w=70&amp;h=45&amp;zc=1\" alt=\"El futuro finalmente nos alcanz\u00f3 #BTTFDay #JuevesdeCine\" \/><\/a><\/p>\n<h2 class=\"posttitle \"><a title=\"Enlace Permanente a El futuro finalmente nos alcanz\u00f3 #BTTFDay #JuevesdeCine\" href=\"http:\/\/www.eloriente.net\/home\/2015\/10\/22\/el-futuro-finalmente-nos-alcanzo-bttfday\/\" rel=\"bookmark\">El futuro finalmente nos alcanz\u00f3 #BTTFDay #JuevesdeCine<\/a><\/h2>\n<\/div>\n<p>(www.eloriente.net, M\u00e9xico, a 22 de octubre de 2015, por Valery L\u00f3pez).-\u00a0Ayer se vivi\u00f3 una gran euforia en las redes sociales a lo largo del mundo, por la\u2026<\/p>\n<p class=\"postmeta\"><span class=\"meta_date\">octubre 22, 2015<\/span><\/p>\n<\/div>\n\n\t\t\t  <div \n\t\t\t  \tclass = \"fb-comments\" \n\t\t\t  \tdata-href = \"http:\/\/www.eloriente.net\/home\/2015\/10\/23\/chile-tendra-dia-nacional-del-yoga\/\"\n\t\t\t  \tdata-numposts = \"10\"\n\t\t\t\tdata-colorscheme = \"dark\"\n\t\t\t\tdata-order-by = \"social\"\n\t\t\t\tdata-mobile=true>\n\t\t\t  <\/div>\n\t\t  <style>\n\t\t\t.fb_iframe_widget_fluid_desktop iframe {\n\t\t\t    width: 100% !important;\n\t\t\t}\n\t\t  <\/style>\n\t\t  ","protected":false},"excerpt":{"rendered":"<p>(www.eloriente.net, M\u00e9xico, a 23 de octubre de 2015, por Valery L\u00f3pez).-\u00a0Con 83 votos a favor y 17 abstenciones, los diputados chilenos aprobaron el proyecto para institucionalizar el 4 noviembre como el D\u00eda Nacional del Yoga en Chile. El proyecto fue presentado bajo el argumento de que, dicha disciplina se encuentra difundida en las distintas ciudades [&hellip;]<\/p>\n","protected":false},"author":44,"featured_media":39966,"comment_status":"open","ping_status":"open","sticky":false,"template":"","format":"standard","meta":{"_jetpack_memberships_contains_paid_content":false,"footnotes":""},"categories":[2015,49,32,16],"tags":[4805,2830,337,4804,4803,93,1078,599],"class_list":["post-39963","post","type-post","status-publish","format-standard","has-post-thumbnail","hentry","category-viernesdefelicidad","category-destacadas","category-entradas","category-salud-y-estilo-de-vida","tag-4-de-noviembre","tag-camara-de-diputados","tag-chile","tag-dia-internacional","tag-dia-nacional","tag-diputados","tag-onu","tag-yoga"],"jetpack_featured_media_url":"http:\/\/www.eloriente.net\/home\/wp-content\/uploads\/2015\/10\/Yoga-multitud.jpg","jetpack_sharing_enabled":true,"_links":{"self":[{"href":"http:\/\/www.eloriente.net\/home\/wp-json\/wp\/v2\/posts\/39963"}],"collection":[{"href":"http:\/\/www.eloriente.net\/home\/wp-json\/wp\/v2\/posts"}],"about":[{"href":"http:\/\/www.eloriente.net\/home\/wp-json\/wp\/v2\/types\/post"}],"author":[{"embeddable":true,"href":"http:\/\/www.eloriente.net\/home\/wp-json\/wp\/v2\/users\/44"}],"replies":[{"embeddable":true,"href":"http:\/\/www.eloriente.net\/home\/wp-json\/wp\/v2\/comments?post=39963"}],"version-history":[{"count":3,"href":"http:\/\/www.eloriente.net\/home\/wp-json\/wp\/v2\/posts\/39963\/revisions"}],"predecessor-version":[{"id":40026,"href":"http:\/\/www.eloriente.net\/home\/wp-json\/wp\/v2\/posts\/39963\/revisions\/40026"}],"wp:featuredmedia":[{"embeddable":true,"href":"http:\/\/www.eloriente.net\/home\/wp-json\/wp\/v2\/media\/39966"}],"wp:attachment":[{"href":"http:\/\/www.eloriente.net\/home\/wp-json\/wp\/v2\/media?parent=39963"}],"wp:term":[{"taxonomy":"category","embeddable":true,"href":"http:\/\/www.eloriente.net\/home\/wp-json\/wp\/v2\/categories?post=39963"},{"taxonomy":"post_tag","embeddable":true,"href":"http:\/\/www.eloriente.net\/home\/wp-json\/wp\/v2\/tags?post=39963"}],"curies":[{"name":"wp","href":"https:\/\/api.w.org\/{rel}","templated":true}]}}