{"id":39969,"date":"2015-10-23T15:26:55","date_gmt":"2015-10-23T21:26:55","guid":{"rendered":"http:\/\/www.eloriente.net\/home\/?p=39969"},"modified":"2015-10-23T17:14:17","modified_gmt":"2015-10-23T23:14:17","slug":"alerta-toma-tus-precauciones-ante-el-huracan-patricia","status":"publish","type":"post","link":"http:\/\/www.eloriente.net\/home\/2015\/10\/23\/alerta-toma-tus-precauciones-ante-el-huracan-patricia\/","title":{"rendered":"Alerta: toma tus precauciones ante el hurac\u00e1n \u00abPatricia\u00bb"},"content":{"rendered":"<p><script src=\"\/\/pagead2.googlesyndication.com\/pagead\/js\/adsbygoogle.js\" async=\"\"><\/script><!-- BANNER ELORIENTE INCRUSTADO NOTAS --> <ins class=\"adsbygoogle\" style=\"display: inline-block; width: 300px; height: 250px;\" data-ad-client=\"ca-pub-1136171134853753\" data-ad-slot=\"7974633627\"><\/ins><script>\/\/ <![CDATA[\n(adsbygoogle = window.adsbygoogle || []).push({});\n\/\/ ]]><\/script><\/p>\n<p>(www.eloriente.net, M\u00e9xico, a 23 de octubre de 2015, por Valery L\u00f3pez).-\u00a0El director de la Comisi\u00f3n Nacional del Agua (Conagua), Roberto Ram\u00edrez de la Parra, inform\u00f3 que no se tienen precedentes de un hurac\u00e1n de la magnitud de Patricia, por lo que dijo, es el m\u00e1s poderoso de toda la historia, no s\u00f3lo de M\u00e9xico, sino del mundo.<\/p>\n<p>Por ello, en EL ORIENTE te presentamos los enlaces desde donde podr\u00e1s ver en vivo el paso del hurac\u00e1n \u00abPatricia\u00bb por los estados afectados. La informaci\u00f3n relacionada a este fen\u00f3meno se encuentra m\u00e1s adelante en esta misma entrada.<\/p>\n<p><strong>Puerto Vallarta, Jalisco<\/strong><\/p>\n<p><iframe loading=\"lazy\" src=\"https:\/\/www.youtube.com\/embed\/LajRDA0Bcgk\" width=\"560\" height=\"315\" frameborder=\"0\" allowfullscreen=\"allowfullscreen\"><\/iframe><\/p>\n<p><strong>Ixtapa, Guerrero<\/strong><\/p>\n<p><iframe loading=\"lazy\" src=\"https:\/\/www.youtube.com\/embed\/4n9QogL9IyE\" width=\"560\" height=\"315\" frameborder=\"0\" allowfullscreen=\"allowfullscreen\"><\/iframe><\/p>\n<p><strong>Colima<\/strong><\/p>\n<p><iframe loading=\"lazy\" src=\"https:\/\/www.youtube.com\/embed\/dWT3kRX-eiQ\" width=\"560\" height=\"315\" frameborder=\"0\" allowfullscreen=\"allowfullscreen\"><\/iframe><\/p>\n<p><strong>Acapulco, Guerrero<\/strong><\/p>\n<p><iframe loading=\"lazy\" src=\"https:\/\/www.youtube.com\/embed\/-jEzaJB64OI\" width=\"560\" height=\"315\" frameborder=\"0\" allowfullscreen=\"allowfullscreen\"><\/iframe><\/p>\n<p><strong>Guadalajara, Jalisco<\/strong><\/p>\n<p><iframe loading=\"lazy\" src=\"https:\/\/www.youtube.com\/embed\/Kfq6IJtW0iU\" width=\"560\" height=\"315\" frameborder=\"0\" allowfullscreen=\"allowfullscreen\"><\/iframe><\/p>\n<p>De acuerdo con el informe de Conagua, Patricia es un hurac\u00e1n de categor\u00eda 5, que afectar\u00e1 con lluvias torrenciales al centro y sur de Colima y Jalisco y el sur de Michoac\u00e1n.<\/p>\n<p>A las 13:00 horas tiempo del centro de M\u00e9xico, Patricia se ubic\u00f3 aproximadamente\u00a0a 135 kil\u00f3metros (km) al suroeste de Manzanillo, Colima, a 155 km al sur de Playa\u00a0Perula y a 250 km al sur de Cabo Corrientes, ambos en Jalisco, con vientos m\u00e1ximos sostenidos de 325 kil\u00f3metros por hora (km\/h), rachas de hasta 400 km\/h y desplazamiento al norte a 19 km\/h<\/p>\n<p>En su mensaje, el director de Canagua hizo \u00e9nfasis en que, los vientos de un hurac\u00e1n de categor\u00eda 5 pueden levantar autom\u00f3viles, destruir todas aquellas casas que no est\u00e9n cimentadas con acero, varilla y cemento, y puede arrastrar a las personas que se encuentren en las calles.<\/p>\n<p>Hay que destacar que la magnitud de este fen\u00f3meno es tal, que el presidente Pe\u00f1a Nieto, a trav\u00e9s de su cuenta de Twitter mencion\u00f3 que \u00abEl pa\u00eds enfrenta una amenaza de gran escala\u00bb.<\/p>\n<p>&nbsp;<\/p>\n<blockquote class=\"twitter-tweet\" lang=\"es\">\n<p dir=\"ltr\" lang=\"es\">El pa\u00eds enfrenta una amenaza de gran escala. La prioridad del <a href=\"https:\/\/twitter.com\/gobmx\">@GobMX<\/a> es proteger y salvar la vida de los mexicanos <a href=\"https:\/\/twitter.com\/hashtag\/Hurac%C3%A1nPatricia?src=hash\">#Hurac\u00e1nPatricia<\/a>.<\/p>\n<p>\u2014 Enrique Pe\u00f1a Nieto (@EPN) <a href=\"https:\/\/twitter.com\/EPN\/status\/657624239881736192\">octubre 23, 2015<\/a><\/p><\/blockquote>\n<p><script src=\"\/\/platform.twitter.com\/widgets.js\" async=\"\" charset=\"utf-8\"><\/script>Por ello es tomar las medidas correspondientes, con el fin de salvaguardar la integridad de los habitantes. Si te encuentras en alguno de los estados que ser\u00e1n afectados por el hurac\u00e1n, recuerda tomar las siguientes medidas: Todas las personas en <strong>Colima, Jalisco y Nayarit<\/strong> deben resguardarse <strong>YA<\/strong> en lugar seguro.<strong> Nadie debe estar en la calle<\/strong>, ni resguardarse en autos, bajo infraestructura o \u00e1rboles o en locaciones endebles. <strong>Todas las personas que as\u00ed lo requieran pueden y deben trasladarse a albergues seguros<\/strong>. Conoce aqu\u00ed en d\u00f3nde est\u00e1n ubicados: <a href=\"http:\/\/www.gob.mx\/temas\/huracanpatricia\" target=\"_blank\">http:\/\/www.gob.mx\/temas\/huracanpatricia<\/a><script src=\"\/\/pagead2.googlesyndication.com\/pagead\/js\/adsbygoogle.js\" async=\"\"><\/script><!-- BANNER PEQUE\u00d1O PARA ENTRENOTAS EL ORIENTE -->\u00a0<script>\/\/ <![CDATA[\n(adsbygoogle = window.adsbygoogle || []).push({});\n\/\/ ]]><\/script><\/p>\n<p>&nbsp;<\/p>\n<blockquote class=\"twitter-tweet\" lang=\"es\">\n<p dir=\"ltr\" lang=\"es\">Localiza los <a href=\"https:\/\/twitter.com\/hashtag\/RefugiosTemporales?src=hash\">#RefugiosTemporales<\/a> disponibles cerca de donde te encuentras a trav\u00e9s de <a href=\"https:\/\/twitter.com\/hashtag\/GobMx?src=hash\">#GobMx<\/a> <a href=\"https:\/\/t.co\/ZiKONJc9NB\">https:\/\/t.co\/ZiKONJc9NB<\/a> <a href=\"https:\/\/t.co\/hmCZBUy8Yx\">pic.twitter.com\/hmCZBUy8Yx<\/a><\/p>\n<p>\u2014 gob.mx (@gobmx) <a href=\"https:\/\/twitter.com\/gobmx\/status\/657680251028414464\">octubre 23, 2015<\/a><\/p><\/blockquote>\n<p><script src=\"\/\/platform.twitter.com\/widgets.js\" async=\"\" charset=\"utf-8\"><\/script>Mant\u00e9n la calma. Si est\u00e1s en un lugar seguro debes esperar a que las autoridades den parte de tranquilidad para salir de los albergues o de las casas.<\/p>\n<ul>\n<ul>\n<ul>\n<ul>\n<ul>\n<ul>\n<ul>\n<ul>\n<ul>\n<ul>\n<li>Guarda tus documentos importantes en bolsas de pl\u00e1stico.<\/li>\n<\/ul>\n<\/ul>\n<\/ul>\n<\/ul>\n<\/ul>\n<\/ul>\n<\/ul>\n<\/ul>\n<\/ul>\n<\/ul>\n<p>&nbsp;<\/p>\n<p>&nbsp;<\/p>\n<ul>\n<ul>\n<ul>\n<ul>\n<ul>\n<ul>\n<ul>\n<ul>\n<ul>\n<ul>\n<li>Si vives cerca de un r\u00edo o laguna vigila el nivel del agua y evita cruzarlos ya que puedes estar en riesgo<\/li>\n<\/ul>\n<\/ul>\n<\/ul>\n<\/ul>\n<\/ul>\n<\/ul>\n<\/ul>\n<\/ul>\n<\/ul>\n<\/ul>\n<p>&nbsp;<\/p>\n<p>&nbsp;<\/p>\n<ul>\n<ul>\n<ul>\n<ul>\n<ul>\n<ul>\n<ul>\n<ul>\n<ul>\n<ul>\n<li>Extrema precauciones por posibles deslaves y derrumbes<\/li>\n<\/ul>\n<\/ul>\n<\/ul>\n<\/ul>\n<\/ul>\n<\/ul>\n<\/ul>\n<\/ul>\n<\/ul>\n<\/ul>\n<p>&nbsp;<\/p>\n<p>&nbsp;<\/p>\n<ul>\n<ul>\n<ul>\n<ul>\n<ul>\n<ul>\n<ul>\n<ul>\n<ul>\n<ul>\n<li>Resguarda a tu familia y cruza con cinta todos los cristales de casa<\/li>\n<\/ul>\n<\/ul>\n<\/ul>\n<\/ul>\n<\/ul>\n<\/ul>\n<\/ul>\n<\/ul>\n<\/ul>\n<\/ul>\n<p>&nbsp;<\/p>\n<p>&nbsp;<\/p>\n<ul>\n<ul>\n<ul>\n<ul>\n<ul>\n<ul>\n<ul>\n<ul>\n<ul>\n<ul>\n<li>Si no te sientes seguro identifica el refugio temporal m\u00e1s cercano<\/li>\n<\/ul>\n<\/ul>\n<\/ul>\n<\/ul>\n<\/ul>\n<\/ul>\n<\/ul>\n<\/ul>\n<\/ul>\n<\/ul>\n<p>&nbsp;<\/p>\n<p>&nbsp;<\/p>\n<ul>\n<ul>\n<ul>\n<ul>\n<ul>\n<ul>\n<ul>\n<ul>\n<ul>\n<ul>\n<li>Conserva la calma y mantente informado sobre las condiciones meteorol\u00f3gicas mediante las cuentas de Twitter <a href=\"https:\/\/twitter.com\/conagua_mx\" target=\"_blank\">@conagua_mx<\/a> <a href=\"https:\/\/twitter.com\/conagua_clima\" target=\"_blank\">@conagua_clima<\/a> <a href=\"https:\/\/twitter.com\/SEGOB_mx\" target=\"_blank\">@SEGOB_MX<\/a> <a href=\"https:\/\/twitter.com\/PcSegob\" target=\"_blank\">@PcSegob<\/a><\/li>\n<\/ul>\n<\/ul>\n<\/ul>\n<\/ul>\n<\/ul>\n<\/ul>\n<\/ul>\n<\/ul>\n<\/ul>\n<\/ul>\n<p>&nbsp;<\/p>\n<p>\u00a0 \u00a0 \u00a0 \u00a0 \u00a0 \u00a0 \u00a0 \u00a0 El Wall Street Journal, public\u00f3 un interesante documento donde, a manera de lista, se muestran los huracanes m\u00e1s poderosos en la historia de acuerdo a la velocidad del viento que presentaron. En primer lugar aparece \u00abPatricia\u00bb con una velocidad m\u00e1xima de 200 km\/h. \u00a0 \u00a0 <\/p>\n<blockquote class=\"twitter-tweet\" lang=\"es\"><p>The most powerful hurricanes by wind speed <a href=\"https:\/\/t.co\/2C5GVcQtxc\">https:\/\/t.co\/2C5GVcQtxc<\/a> <a href=\"https:\/\/twitter.com\/hashtag\/HurricanPatricia?src=hash\">#HurricanPatricia<\/a> \u2014 Wall Street Journal (@WSJ) <a href=\"https:\/\/twitter.com\/WSJ\/status\/657673618013466624\">octubre 23, 2015<\/a><\/p><\/blockquote>\n<p><script src=\"\/\/platform.twitter.com\/widgets.js\" async=\"\" charset=\"utf-8\"><\/script><\/p>\n<p>Para comprender la magnitud de un fen\u00f3meno no bastan los datos duros, muchas veces requerimos de im\u00e1genes sorprendentes. Por ello compartimos las fotograf\u00edas que ha publicado el astronauta Scott Kelly, las cuales fueron tomadas desde la Estaci\u00f3n Espacial Internacional.<\/p>\n<blockquote class=\"twitter-tweet\" lang=\"es\"><p>Hurricane <a href=\"https:\/\/twitter.com\/hashtag\/Patricia?src=hash\">#Patricia<\/a> looks menacing from <a href=\"https:\/\/twitter.com\/Space_Station\">@space_station<\/a>. Stay safe below, <a href=\"https:\/\/twitter.com\/hashtag\/Mexico?src=hash\">#Mexico<\/a>. <a href=\"https:\/\/twitter.com\/hashtag\/YearInSpace?src=hash\">#YearInSpace<\/a> <a href=\"https:\/\/t.co\/6LP2xCYcGD\">pic.twitter.com\/6LP2xCYcGD<\/a><\/p>\n<p>\u2014 Scott Kelly (@StationCDRKelly) <a href=\"https:\/\/twitter.com\/StationCDRKelly\/status\/657618739492474880\">octubre 23, 2015<\/a><\/p><\/blockquote>\n<p><script src=\"\/\/platform.twitter.com\/widgets.js\" async=\"\" charset=\"utf-8\"><\/script><\/p>\n<p><a href=\"http:\/\/www.eloriente.net\/home\/wp-content\/uploads\/2015\/10\/cuentas-de-twitter-patricia.png\"><img loading=\"lazy\" decoding=\"async\" class=\"alignnone size-full wp-image-39971\" src=\"http:\/\/www.eloriente.net\/home\/wp-content\/uploads\/2015\/10\/cuentas-de-twitter-patricia.png\" alt=\"cuentas de twitter patricia\" width=\"600\" height=\"600\" srcset=\"http:\/\/www.eloriente.net\/home\/wp-content\/uploads\/2015\/10\/cuentas-de-twitter-patricia.png 600w, http:\/\/www.eloriente.net\/home\/wp-content\/uploads\/2015\/10\/cuentas-de-twitter-patricia-150x150.png 150w, http:\/\/www.eloriente.net\/home\/wp-content\/uploads\/2015\/10\/cuentas-de-twitter-patricia-300x300.png 300w, http:\/\/www.eloriente.net\/home\/wp-content\/uploads\/2015\/10\/cuentas-de-twitter-patricia-50x50.png 50w, http:\/\/www.eloriente.net\/home\/wp-content\/uploads\/2015\/10\/cuentas-de-twitter-patricia-144x144.png 144w\" sizes=\"(max-width: 600px) 100vw, 600px\" \/><\/a><\/p>\n<p>Es de vital importancia tener preparada una mochila de emergencia a la mano que contenga documentos importantes, directorio de familiares, escuelas, servicios de emergencia y Protecci\u00f3n Civil, v\u00edveres enlatados, adem\u00e1s de agua embotellada para dos d\u00edas, botiqu\u00edn de primeros auxilios, herramientas para reparaciones de emergencia, radio y linterna con pilas.<\/p>\n<p><a href=\"http:\/\/www.eloriente.net\/home\/wp-content\/uploads\/2015\/10\/Mochila-de-emergencia.png\"><img loading=\"lazy\" decoding=\"async\" class=\"alignnone size-full wp-image-39970\" src=\"http:\/\/www.eloriente.net\/home\/wp-content\/uploads\/2015\/10\/Mochila-de-emergencia.png\" alt=\"Mochila de emergencia\" width=\"599\" height=\"407\" srcset=\"http:\/\/www.eloriente.net\/home\/wp-content\/uploads\/2015\/10\/Mochila-de-emergencia.png 599w, http:\/\/www.eloriente.net\/home\/wp-content\/uploads\/2015\/10\/Mochila-de-emergencia-300x204.png 300w\" sizes=\"(max-width: 599px) 100vw, 599px\" \/><\/a><\/p>\n<p>Como medidas adicionales la Secretar\u00eda de Gobernaci\u00f3n y\u00a0Protecci\u00f3n Civil recomienda lo siguiente:<\/p>\n<p><a href=\"http:\/\/www.eloriente.net\/home\/wp-content\/uploads\/2015\/10\/Recomendaciones-protecci\u00f3n-civil.jpg\"><img loading=\"lazy\" decoding=\"async\" class=\"alignnone size-full wp-image-39972\" src=\"http:\/\/www.eloriente.net\/home\/wp-content\/uploads\/2015\/10\/Recomendaciones-protecci\u00f3n-civil.jpg\" alt=\"Recomendaciones protecci\u00f3n civil\" width=\"600\" height=\"300\" srcset=\"http:\/\/www.eloriente.net\/home\/wp-content\/uploads\/2015\/10\/Recomendaciones-protecci\u00f3n-civil.jpg 600w, http:\/\/www.eloriente.net\/home\/wp-content\/uploads\/2015\/10\/Recomendaciones-protecci\u00f3n-civil-300x150.jpg 300w\" sizes=\"(max-width: 600px) 100vw, 600px\" \/><\/a><\/p>\n<p><strong>OTRAS ENTRADAS<\/strong><\/p>\n<div class=\"featuredpost\">\n<div class=\"flow_hide\">\n<h2 class=\"posttitle bigposttitle\"><a title=\"Enlace Permanente a Las canciones m\u00e1s virales de Spotify: \u201cPhantom Limb\u201d de Yellow Mellow\" href=\"http:\/\/www.eloriente.net\/home\/2015\/10\/23\/las-canciones-mas-virales-de-spotify-phantom-limb-de-yellow-mellow\/\" rel=\"bookmark\">Las canciones m\u00e1s virales de Spotify: \u201cPhantom Limb\u201d de Yellow Mellow<\/a><\/h2>\n<\/div>\n<p>(www.eloriente.net, M\u00e9xico, a 22 de octubre de 2015, por Valery L\u00f3pez).- Spotify cuenta con un gran n\u00famero de listas dise\u00f1adas para ayudar a que sus usuarios conozcan\u2026<\/p>\n<p class=\"postmeta\"><span class=\"meta_date\">octubre 23, 2015<\/span><\/p>\n<\/div>\n<div class=\"featuredpost\">\n<div class=\"flow_hide\">\n<p><a href=\"http:\/\/www.eloriente.net\/home\/2015\/10\/22\/enorme-victoria-del-pueblo-cambio-ccco-frente\/\" rel=\"bookmark\"><img decoding=\"async\" class=\"alignleft\" title=\"Enorme \u2018victoria del pueblo\u2019, cambio #CCCO: Frente\" src=\"http:\/\/www.eloriente.net\/home\/wp-content\/themes\/city-desk\/timthumb.php?src=http%3A%2F%2Fwww.eloriente.net%2Fhome%2Fwp-content%2Fuploads%2F2015%2F10%2FLOGO-FRENTE-DEFENSA-FORTIN.png&amp;q=90&amp;w=70&amp;h=45&amp;zc=1\" alt=\"Enorme \u2018victoria del pueblo\u2019, cambio #CCCO: Frente\" \/><\/a><\/p>\n<h2 class=\"posttitle \"><a title=\"Enlace Permanente a Enorme \u2018victoria del pueblo\u2019, cambio #CCCO: Frente\" href=\"http:\/\/www.eloriente.net\/home\/2015\/10\/22\/enorme-victoria-del-pueblo-cambio-ccco-frente\/\" rel=\"bookmark\">Enorme \u2018victoria del pueblo\u2019, cambio #CCCO: Frente<\/a><\/h2>\n<\/div>\n<p>eloriente.net 22 de octubre de 2015 Comunicado \u00edntegro del Frente para la Defensa del Cerro del Fort\u00edn: Ayer 21 de octubre por la noche, el gobernador del estado\u2026<\/p>\n<p class=\"postmeta\"><span class=\"meta_date\">octubre 22, 2015<\/span><\/p>\n<\/div>\n<div class=\"featuredpost\">\n<div class=\"flow_hide\">\n<p><a href=\"http:\/\/www.eloriente.net\/home\/2015\/10\/22\/el-futuro-finalmente-nos-alcanzo-bttfday\/\" rel=\"bookmark\"><img decoding=\"async\" class=\"alignleft\" title=\"El futuro finalmente nos alcanz\u00f3 #BTTFDay #JuevesdeCine\" src=\"http:\/\/www.eloriente.net\/home\/wp-content\/themes\/city-desk\/timthumb.php?src=http%3A%2F%2Fwww.eloriente.net%2Fhome%2Fwp-content%2Fuploads%2F2015%2F10%2FThe-Future-is-now.jpg&amp;q=90&amp;w=70&amp;h=45&amp;zc=1\" alt=\"El futuro finalmente nos alcanz\u00f3 #BTTFDay #JuevesdeCine\" \/><\/a><\/p>\n<h2 class=\"posttitle \"><a title=\"Enlace Permanente a El futuro finalmente nos alcanz\u00f3 #BTTFDay #JuevesdeCine\" href=\"http:\/\/www.eloriente.net\/home\/2015\/10\/22\/el-futuro-finalmente-nos-alcanzo-bttfday\/\" rel=\"bookmark\">El futuro finalmente nos alcanz\u00f3 #BTTFDay #JuevesdeCine<\/a><\/h2>\n<\/div>\n<p>(www.eloriente.net, M\u00e9xico, a 22 de octubre de 2015, por Valery L\u00f3pez).-\u00a0Ayer se vivi\u00f3 una gran euforia en las redes sociales a lo largo del mundo, por la\u2026<\/p>\n<p class=\"postmeta\"><span class=\"meta_date\">octubre 22, 2015<\/span><\/p>\n<\/div>\n\n\t\t\t  <div \n\t\t\t  \tclass = \"fb-comments\" \n\t\t\t  \tdata-href = \"http:\/\/www.eloriente.net\/home\/2015\/10\/23\/alerta-toma-tus-precauciones-ante-el-huracan-patricia\/\"\n\t\t\t  \tdata-numposts = \"10\"\n\t\t\t\tdata-colorscheme = \"dark\"\n\t\t\t\tdata-order-by = \"social\"\n\t\t\t\tdata-mobile=true>\n\t\t\t  <\/div>\n\t\t  <style>\n\t\t\t.fb_iframe_widget_fluid_desktop iframe {\n\t\t\t    width: 100% !important;\n\t\t\t}\n\t\t  <\/style>\n\t\t  ","protected":false},"excerpt":{"rendered":"<p>(www.eloriente.net, M\u00e9xico, a 23 de octubre de 2015, por Valery L\u00f3pez).-\u00a0El director de la Comisi\u00f3n Nacional del Agua (Conagua), Roberto Ram\u00edrez de la Parra, inform\u00f3 que no se tienen precedentes de un hurac\u00e1n de la magnitud de Patricia, por lo que dijo, es el m\u00e1s poderoso de toda la historia, no s\u00f3lo de M\u00e9xico, sino [&hellip;]<\/p>\n","protected":false},"author":44,"featured_media":39974,"comment_status":"open","ping_status":"open","sticky":false,"template":"","format":"standard","meta":{"_jetpack_memberships_contains_paid_content":false,"footnotes":""},"categories":[32,10,24,31],"tags":[4814,4813,3513,2112,4812,4815,379,2488],"class_list":["post-39969","post","type-post","status-publish","format-standard","has-post-thumbnail","hentry","category-entradas","category-lo-mas-reciente","category-mexico-y-el-mundo","category-principal","tag-huracanpatricia","tag-patricia","tag-conagua","tag-desastres","tag-huracan-patricia-huracan","tag-medidas-preventivas","tag-prevencion","tag-segob"],"jetpack_featured_media_url":"http:\/\/www.eloriente.net\/home\/wp-content\/uploads\/2015\/10\/Luz-emergencia.jpg","jetpack_sharing_enabled":true,"_links":{"self":[{"href":"http:\/\/www.eloriente.net\/home\/wp-json\/wp\/v2\/posts\/39969"}],"collection":[{"href":"http:\/\/www.eloriente.net\/home\/wp-json\/wp\/v2\/posts"}],"about":[{"href":"http:\/\/www.eloriente.net\/home\/wp-json\/wp\/v2\/types\/post"}],"author":[{"embeddable":true,"href":"http:\/\/www.eloriente.net\/home\/wp-json\/wp\/v2\/users\/44"}],"replies":[{"embeddable":true,"href":"http:\/\/www.eloriente.net\/home\/wp-json\/wp\/v2\/comments?post=39969"}],"version-history":[{"count":5,"href":"http:\/\/www.eloriente.net\/home\/wp-json\/wp\/v2\/posts\/39969\/revisions"}],"predecessor-version":[{"id":39978,"href":"http:\/\/www.eloriente.net\/home\/wp-json\/wp\/v2\/posts\/39969\/revisions\/39978"}],"wp:featuredmedia":[{"embeddable":true,"href":"http:\/\/www.eloriente.net\/home\/wp-json\/wp\/v2\/media\/39974"}],"wp:attachment":[{"href":"http:\/\/www.eloriente.net\/home\/wp-json\/wp\/v2\/media?parent=39969"}],"wp:term":[{"taxonomy":"category","embeddable":true,"href":"http:\/\/www.eloriente.net\/home\/wp-json\/wp\/v2\/categories?post=39969"},{"taxonomy":"post_tag","embeddable":true,"href":"http:\/\/www.eloriente.net\/home\/wp-json\/wp\/v2\/tags?post=39969"}],"curies":[{"name":"wp","href":"https:\/\/api.w.org\/{rel}","templated":true}]}}