{"id":39979,"date":"2015-10-23T17:22:48","date_gmt":"2015-10-23T23:22:48","guid":{"rendered":"http:\/\/www.eloriente.net\/home\/?p=39979"},"modified":"2015-10-24T09:44:43","modified_gmt":"2015-10-24T15:44:43","slug":"busca-promover-uabjo-movilidad-en-sus-estudiantes","status":"publish","type":"post","link":"http:\/\/www.eloriente.net\/home\/2015\/10\/23\/busca-promover-uabjo-movilidad-en-sus-estudiantes\/","title":{"rendered":"Alumnos UABJO van a California, Estados Unidos"},"content":{"rendered":"<p><script src=\"\/\/pagead2.googlesyndication.com\/pagead\/js\/adsbygoogle.js\" async=\"\"><\/script><!-- BANNER ELORIENTE INCRUSTADO NOTAS --> <ins class=\"adsbygoogle\" style=\"display: inline-block; width: 300px; height: 250px;\" data-ad-client=\"ca-pub-1136171134853753\" data-ad-slot=\"7974633627\"><\/ins><script>\/\/ <![CDATA[\n(adsbygoogle = window.adsbygoogle || []).push({});\n\/\/ ]]><\/script><\/p>\n<p>eloriente.net\/UABJO<\/p>\n<p>23 de octubre de 2015<\/p>\n<p>Con el objetivo de promover la movilidad estudiantil a instituciones de alto nivel\u00a0acad\u00e9mico, la Facultad de Idiomas de la Universidad Aut\u00f3noma \u201cBenito Ju\u00e1rez\u201d de\u00a0Oaxaca gestion\u00f3 la estancia de 5 estudiantes de sus programas de Licenciatura,\u00a0Maestr\u00eda y Doctorado en la prestigiosa Universidad de Humbolt ubicada al norte\u00a0del estado de California en Estados Unidos.<\/p>\n<p>La directora de la Facultad de Idiomas, Guadalupe \u00c1ngela Ram\u00edrez Victoria,\u00a0coment\u00f3 que la relaci\u00f3n con Humbolt es muy positiva y seguir\u00e1n trabajando para\u00a0ampliar los beneficios a otros alumnos. Adem\u00e1s, destac\u00f3 la labor y el inter\u00e9s del\u00a0rector, Eduardo Mart\u00ednez Helmes, para la concreci\u00f3n de la firma del convenio\u00a0macro. La funcionaria tambi\u00e9n apunt\u00f3 que el departamento de espa\u00f1ol en\u00a0Humbolt, dirigido por el doctor Rosamel Benavides, ser\u00e1 el encargado de\u00a0organizar la agenda de los estudiantes. A\u00f1adi\u00f3 que el doctor cuenta con amplia\u00a0experiencia en intercambios acad\u00e9micos con la UABJO.<\/p>\n<p>Los alumnos experimentar\u00e1n diversas actividades formativas, por ejemplo,\u00a0observaciones de clase, presentaciones de sus trabajos de tesis, intercambios\u00a0ling\u00fc\u00edsticos, asesor\u00eda para sus proyectos de titulaci\u00f3n, recorridos recreativos a\u00a0\u00e1reas naturales y a ciudades con alta concentraci\u00f3n hispana, actividades\u00a0culturales y art\u00edsticas, entre otros. Adem\u00e1s, diversos departamentos de la\u00a0Instituci\u00f3n vincular\u00e1n sus fines educativos con los intereses acad\u00e9micos de los\u00a0estudiantes. \u00a0Resulta importante destacar que los j\u00f3venes se hospedar\u00e1n con\u00a0familias de la regi\u00f3n con el objetivo de lograr una inmersi\u00f3n cultural m\u00e1s profunda.<\/p>\n<p><script src=\"\/\/pagead2.googlesyndication.com\/pagead\/js\/adsbygoogle.js\" async=\"\"><\/script><!-- BANNER PEQUE\u00d1O PARA ENTRENOTAS EL ORIENTE --> <ins class=\"adsbygoogle\" style=\"display: inline-block; width: 468px; height: 60px;\" data-ad-client=\"ca-pub-1136171134853753\" data-ad-slot=\"4953536424\"><\/ins><script>\/\/ <![CDATA[\n(adsbygoogle = window.adsbygoogle || []).push({});\n\/\/ ]]><\/script><br \/>\nLos alumnos que realizar\u00e1n la estancia por parte de la Facultad de Idiomas son:\u00a0del sistema escolarizado cu, Silva Garc\u00eda F\u00e1tima Gloria y Salinas Cortes Ariana;\u00a0del programa de maestr\u00eda, Bautista Ortiz Yesenia y del programa de doctorado,\u00a0Montes de Oca V\u00e1zquez Fernando y Valenzuela Ricardez Rosa Aracely.<\/p>\n<p><a href=\"http:\/\/www.eloriente.net\/home\/wp-content\/uploads\/2015\/10\/23.jpg\"><img loading=\"lazy\" decoding=\"async\" class=\"alignnone size-medium wp-image-39980\" src=\"http:\/\/www.eloriente.net\/home\/wp-content\/uploads\/2015\/10\/23-300x168.jpg\" alt=\"23\" width=\"300\" height=\"168\" srcset=\"http:\/\/www.eloriente.net\/home\/wp-content\/uploads\/2015\/10\/23-300x168.jpg 300w, http:\/\/www.eloriente.net\/home\/wp-content\/uploads\/2015\/10\/23-1024x575.jpg 1024w, http:\/\/www.eloriente.net\/home\/wp-content\/uploads\/2015\/10\/23-900x505.jpg 900w, http:\/\/www.eloriente.net\/home\/wp-content\/uploads\/2015\/10\/23.jpg 1600w\" sizes=\"(max-width: 300px) 100vw, 300px\" \/><\/a><\/p>\n<p><strong>OTRAS ENTRADAS<\/strong><\/p>\n<div class=\"featuredpost\">\n<div class=\"flow_hide\">\n<h2 class=\"posttitle bigposttitle\"><a title=\"Enlace Permanente a Alerta: toma tus precauciones ante el hurac\u00e1n \u201cPatricia\u201d\" href=\"http:\/\/www.eloriente.net\/home\/2015\/10\/23\/alerta-toma-tus-precauciones-ante-el-huracan-patricia\/\" rel=\"bookmark\">Alerta: toma tus precauciones ante el hurac\u00e1n \u201cPatricia\u201d<\/a><\/h2>\n<\/div>\n<p>(www.eloriente.net, M\u00e9xico, a 23 de octubre de 2015, por Valery L\u00f3pez).-\u00a0El director de la Comisi\u00f3n Nacional del Agua (Conagua), Roberto Ram\u00edrez de la Parra, inform\u00f3 que no se\u2026<\/p>\n<p class=\"postmeta\"><span class=\"meta_date\">octubre 23, 2015<\/span><\/p>\n<div class=\"toolbar-social\"><\/div>\n<\/div>\n<div class=\"featuredpost\">\n<div class=\"flow_hide\">\n<p><a href=\"http:\/\/www.eloriente.net\/home\/2015\/10\/23\/las-canciones-mas-virales-de-spotify-phantom-limb-de-yellow-mellow\/\" rel=\"bookmark\"><img decoding=\"async\" class=\"alignleft\" title=\"Las canciones m\u00e1s virales de Spotify: \u201cPhantom Limb\u201d de Yellow Mellow\" src=\"http:\/\/www.eloriente.net\/home\/wp-content\/themes\/city-desk\/timthumb.php?src=http%3A%2F%2Fwww.eloriente.net%2Fhome%2Fwp-content%2Fuploads%2F2015%2F10%2FPhantom-Limb-Yellow-Mellow.jpg&amp;q=90&amp;w=70&amp;h=45&amp;zc=1\" alt=\"Las canciones m\u00e1s virales de Spotify: \u201cPhantom Limb\u201d de Yellow Mellow\" \/><\/a><\/p>\n<h2 class=\"posttitle \"><a title=\"Enlace Permanente a Las canciones m\u00e1s virales de Spotify: \u201cPhantom Limb\u201d de Yellow Mellow\" href=\"http:\/\/www.eloriente.net\/home\/2015\/10\/23\/las-canciones-mas-virales-de-spotify-phantom-limb-de-yellow-mellow\/\" rel=\"bookmark\">Las canciones m\u00e1s virales de Spotify: \u201cPhantom Limb\u201d de Yellow Mellow<\/a><\/h2>\n<\/div>\n<p>(www.eloriente.net, M\u00e9xico, a 22 de octubre de 2015, por Valery L\u00f3pez).- Spotify cuenta con un gran n\u00famero de listas dise\u00f1adas para ayudar a que sus usuarios conozcan\u2026<\/p>\n<p class=\"postmeta\"><span class=\"meta_date\">octubre 23, 2015<\/span><\/p>\n<div class=\"toolbar-social\"><\/div>\n<\/div>\n<div class=\"featuredpost\">\n<div class=\"flow_hide\">\n<p><a href=\"http:\/\/www.eloriente.net\/home\/2015\/10\/22\/enorme-victoria-del-pueblo-cambio-ccco-frente\/\" rel=\"bookmark\"><img decoding=\"async\" class=\"alignleft\" title=\"Enorme \u2018victoria del pueblo\u2019, cambio #CCCO: Frente\" src=\"http:\/\/www.eloriente.net\/home\/wp-content\/themes\/city-desk\/timthumb.php?src=http%3A%2F%2Fwww.eloriente.net%2Fhome%2Fwp-content%2Fuploads%2F2015%2F10%2FLOGO-FRENTE-DEFENSA-FORTIN.png&amp;q=90&amp;w=70&amp;h=45&amp;zc=1\" alt=\"Enorme \u2018victoria del pueblo\u2019, cambio #CCCO: Frente\" \/><\/a><\/p>\n<h2 class=\"posttitle \"><a title=\"Enlace Permanente a Enorme \u2018victoria del pueblo\u2019, cambio #CCCO: Frente\" href=\"http:\/\/www.eloriente.net\/home\/2015\/10\/22\/enorme-victoria-del-pueblo-cambio-ccco-frente\/\" rel=\"bookmark\">Enorme \u2018victoria del pueblo\u2019, cambio #CCCO: Frente<\/a><\/h2>\n<\/div>\n<p>eloriente.net 22 de octubre de 2015 Comunicado \u00edntegro del Frente para la Defensa del Cerro del Fort\u00edn: Ayer 21 de octubre por la noche, el gobernador del estado\u2026<\/p>\n<p class=\"postmeta\"><span class=\"meta_date\">octubre 22, 2015<\/span><\/p>\n<\/div>\n\n\t\t\t  <div \n\t\t\t  \tclass = \"fb-comments\" \n\t\t\t  \tdata-href = \"http:\/\/www.eloriente.net\/home\/2015\/10\/23\/busca-promover-uabjo-movilidad-en-sus-estudiantes\/\"\n\t\t\t  \tdata-numposts = \"10\"\n\t\t\t\tdata-colorscheme = \"dark\"\n\t\t\t\tdata-order-by = \"social\"\n\t\t\t\tdata-mobile=true>\n\t\t\t  <\/div>\n\t\t  <style>\n\t\t\t.fb_iframe_widget_fluid_desktop iframe {\n\t\t\t    width: 100% !important;\n\t\t\t}\n\t\t  <\/style>\n\t\t  ","protected":false},"excerpt":{"rendered":"<p>eloriente.net\/UABJO 23 de octubre de 2015 Con el objetivo de promover la movilidad estudiantil a instituciones de alto nivel\u00a0acad\u00e9mico, la Facultad de Idiomas de la Universidad Aut\u00f3noma \u201cBenito Ju\u00e1rez\u201d de\u00a0Oaxaca gestion\u00f3 la estancia de 5 estudiantes de sus programas de Licenciatura,\u00a0Maestr\u00eda y Doctorado en la prestigiosa Universidad de Humbolt ubicada al norte\u00a0del estado de California [&hellip;]<\/p>\n","protected":false},"author":44,"featured_media":39980,"comment_status":"open","ping_status":"open","sticky":false,"template":"","format":"standard","meta":{"_jetpack_memberships_contains_paid_content":false,"footnotes":""},"categories":[1588,18,32,63,464,84],"tags":[1650,4195,4816,4817,1578,182,4818],"class_list":["post-39979","post","type-post","status-publish","format-standard","has-post-thumbnail","hentry","category-comunicados-y-boletines","category-educacion-y-cultura","category-entradas","category-estados","category-oaxaca-estados","category-universidades","tag-california","tag-comunicado","tag-estadias","tag-facultad-de-idiomas","tag-intercambio","tag-uabjo","tag-universidad-humboldt"],"jetpack_featured_media_url":"http:\/\/www.eloriente.net\/home\/wp-content\/uploads\/2015\/10\/23.jpg","jetpack_sharing_enabled":true,"_links":{"self":[{"href":"http:\/\/www.eloriente.net\/home\/wp-json\/wp\/v2\/posts\/39979"}],"collection":[{"href":"http:\/\/www.eloriente.net\/home\/wp-json\/wp\/v2\/posts"}],"about":[{"href":"http:\/\/www.eloriente.net\/home\/wp-json\/wp\/v2\/types\/post"}],"author":[{"embeddable":true,"href":"http:\/\/www.eloriente.net\/home\/wp-json\/wp\/v2\/users\/44"}],"replies":[{"embeddable":true,"href":"http:\/\/www.eloriente.net\/home\/wp-json\/wp\/v2\/comments?post=39979"}],"version-history":[{"count":2,"href":"http:\/\/www.eloriente.net\/home\/wp-json\/wp\/v2\/posts\/39979\/revisions"}],"predecessor-version":[{"id":39997,"href":"http:\/\/www.eloriente.net\/home\/wp-json\/wp\/v2\/posts\/39979\/revisions\/39997"}],"wp:featuredmedia":[{"embeddable":true,"href":"http:\/\/www.eloriente.net\/home\/wp-json\/wp\/v2\/media\/39980"}],"wp:attachment":[{"href":"http:\/\/www.eloriente.net\/home\/wp-json\/wp\/v2\/media?parent=39979"}],"wp:term":[{"taxonomy":"category","embeddable":true,"href":"http:\/\/www.eloriente.net\/home\/wp-json\/wp\/v2\/categories?post=39979"},{"taxonomy":"post_tag","embeddable":true,"href":"http:\/\/www.eloriente.net\/home\/wp-json\/wp\/v2\/tags?post=39979"}],"curies":[{"name":"wp","href":"https:\/\/api.w.org\/{rel}","templated":true}]}}