{"id":40048,"date":"2015-10-27T01:02:26","date_gmt":"2015-10-27T07:02:26","guid":{"rendered":"http:\/\/www.eloriente.net\/home\/?p=40048"},"modified":"2019-06-17T19:13:31","modified_gmt":"2019-06-18T01:13:31","slug":"el-desastre-por-samael-hernandez-ruiz","status":"publish","type":"post","link":"http:\/\/www.eloriente.net\/home\/2015\/10\/27\/el-desastre-por-samael-hernandez-ruiz\/","title":{"rendered":"El Desastre, por Samael Hern\u00e1ndez Ruiz"},"content":{"rendered":"<p><script src=\"\/\/pagead2.googlesyndication.com\/pagead\/js\/adsbygoogle.js\" async=\"\"><\/script><!-- BANNER ELORIENTE INCRUSTADO NOTAS --> <ins class=\"adsbygoogle\" style=\"display: inline-block; width: 300px; height: 250px;\" data-ad-client=\"ca-pub-1136171134853753\" data-ad-slot=\"7974633627\"><\/ins><script>\/\/ <![CDATA[\n(adsbygoogle = window.adsbygoogle || []).push({});\n\/\/ ]]><\/script><\/p>\n<p>&nbsp;<\/p>\n<p>(www.eloriente.net, M\u00e9xico, a 27 de octubre de 2015, por Samael Hern\u00e1ndez Ruiz).-<\/p>\n<p><em>\u201cEntr\u00f3 en el convento una epidemia&#8230; Era muy contagiosa la enfermedad&#8230;(pero) la Madre Juana asist\u00eda a todas (las enfermas) sin fatigarse de la continuidad ni rezelarse de la cercan\u00eda\u201d;\u00a0pero este consejo result\u00f3 contraproducente; \u201cenferm\u00f3 al fin&#8230;\u201d, etc<\/em>. Eliminada la nube de incienso, \u00bfqu\u00e9 lector moderno no ve aqu\u00ed una enorme urgencia de morir y un inobjetable suced\u00e1neo del\u00a0suicidio?<\/p>\n<p>Antonio Alatorre\/Martha L. Tenorio. Serafina y Sor Juana, 1998.<\/p>\n<p style=\"text-align: center;\">I<\/p>\n<p>Conoc\u00ed a Luc\u00eda en la capital, en el DF como dicen los chilangos. Yo no le llamo DF a la ciudad\u00a0de M\u00e9xico, soy de Juchit\u00e1n y Luc\u00eda tambi\u00e9n.<\/p>\n<p>Su hijo cursaba conmigo la maestr\u00eda, \u00e9l en la Universidad Nacional Aut\u00f3noma de M\u00e9xico y yo\u00a0en la Universidad Aut\u00f3noma Metropolitana. Conoc\u00ed a Gildardo cuando estudi\u00e1bamos la preparatoria en Oaxaca. Entonces viv\u00eda con su mam\u00e1 all\u00e1 y ella daba clases en nuestra escuela. Cuando\u00a0terminamos la preparatoria se regresaron a la ciudad de M\u00e9xico y all\u00ed permanecieron todo el\u00a0tiempo.<\/p>\n<p><script src=\"\/\/pagead2.googlesyndication.com\/pagead\/js\/adsbygoogle.js\" async=\"\"><\/script><!-- BANNER PEQUE\u00d1O PARA ENTRENOTAS EL ORIENTE --> <ins class=\"adsbygoogle\" style=\"display: inline-block; width: 468px; height: 60px;\" data-ad-client=\"ca-pub-1136171134853753\" data-ad-slot=\"4953536424\"><\/ins><script>\/\/ <![CDATA[\n(adsbygoogle = window.adsbygoogle || []).push({});\n\/\/ ]]><\/script><\/p>\n<p>Me dieron posada mientras duraron mis estudios. Le pagaba a Luc\u00eda una renta modesta, en realidad muy poco, pues apenas me alcanzaba para los libros, los pasajes, la comida, y eso que la\u00a0colegiatura la pagaba mi universidad de origen, la \u00abBenito Ju\u00e1rez\u00bb de Oaxaca. Gildardo estudi\u00f3\u00a0la licenciatura en administraci\u00f3n, en la Universidad Benito Ju\u00e1rez, de Oaxaca; nos hicimos muy\u00a0amigos por esa \u00e9poca. Los fines de semana corr\u00edamos algunas aventuras de las que nos\u00a0acordamos todav\u00eda.<\/p>\n<p>El relato completo se puede leer a continuaci\u00f3n:<\/p>\n<p><iframe loading=\"lazy\" src=\"\/\/e.issuu.com\/embed.html#5422719\/30974648\" width=\"525\" height=\"340\" frameborder=\"0\" allowfullscreen=\"allowfullscreen\"><\/iframe><\/p>\n<p><a href=\"http:\/\/www.eloriente.net\/home\/wp-content\/uploads\/2015\/10\/Juchit\u00e1n-3.jpg\"><img loading=\"lazy\" decoding=\"async\" class=\"alignnone size-medium wp-image-40054\" src=\"http:\/\/www.eloriente.net\/home\/wp-content\/uploads\/2015\/10\/Juchit\u00e1n-3-300x168.jpg\" alt=\"Juchit\u00e1n 3\" width=\"300\" height=\"168\" srcset=\"http:\/\/www.eloriente.net\/home\/wp-content\/uploads\/2015\/10\/Juchit\u00e1n-3-300x168.jpg 300w, http:\/\/www.eloriente.net\/home\/wp-content\/uploads\/2015\/10\/Juchit\u00e1n-3.jpg 1024w, http:\/\/www.eloriente.net\/home\/wp-content\/uploads\/2015\/10\/Juchit\u00e1n-3-900x505.jpg 900w\" sizes=\"(max-width: 300px) 100vw, 300px\" \/><\/a><\/p>\n<p><strong>OTRAS ENTRADAS<\/strong><\/p>\n<div class=\"featuredpost\">\n<div class=\"flow_hide\">\n<h2 class=\"posttitle bigposttitle\"><a title=\"Enlace Permanente a Pobreza y Desarrollo Social en Revista CLACSO; cons\u00faltala \u00edntegra\" href=\"http:\/\/www.eloriente.net\/home\/2015\/10\/26\/pobreza-y-desarrollo-social-en-revista-clacso-consultala-integra\/\" rel=\"bookmark\">Pobreza y Desarrollo Social en Revista CLACSO; cons\u00faltala \u00edntegra<\/a><\/h2>\n<\/div>\n<p>(www.eloriente.net, M\u00e9xico, a 26 de octubre de 2015, por Valery L\u00f3pez).- De la mano del Consejo Latinoamericano de Ciencias Sociales (CLACSO), nos llega el tercer n\u00famero de\u2026<\/p>\n<p class=\"postmeta\"><span class=\"meta_date\">octubre 26, 2015<\/span><\/p>\n<div class=\"toolbar-social\"><\/div>\n<\/div>\n<div class=\"featuredpost\">\n<div class=\"flow_hide\">\n<p><a href=\"http:\/\/www.eloriente.net\/home\/2015\/10\/26\/organizaciones-se-expresan-contra-la-reduccion-del-impuesto-a-bebidas-endulzadas\/\" rel=\"bookmark\"><img decoding=\"async\" class=\"alignleft\" title=\"No a la reducci\u00f3n del impuesto a bebidas endulzadas, el clamor\" src=\"http:\/\/www.eloriente.net\/home\/wp-content\/themes\/city-desk\/timthumb.php?src=http%3A%2F%2Fwww.eloriente.net%2Fhome%2Fwp-content%2Fuploads%2F2015%2F10%2FDedo-inyeccion-Alisha-vargas-CC-100_89651.jpg&amp;q=90&amp;w=70&amp;h=45&amp;zc=1\" alt=\"No a la reducci\u00f3n del impuesto a bebidas endulzadas, el clamor\" \/><\/a><\/p>\n<h2 class=\"posttitle \"><a title=\"Enlace Permanente a No a la reducci\u00f3n del impuesto a bebidas endulzadas, el clamor\" href=\"http:\/\/www.eloriente.net\/home\/2015\/10\/26\/organizaciones-se-expresan-contra-la-reduccion-del-impuesto-a-bebidas-endulzadas\/\" rel=\"bookmark\">No a la reducci\u00f3n del impuesto a bebidas endulzadas, el clamor<\/a><\/h2>\n<\/div>\n<p>(www.eloriente.net, M\u00e9xico, a 26 de octubre de 2015, por Valery L\u00f3pez).- El pleno de la C\u00e1mara de Diputados aprob\u00f3 la semana pasada un dictamen en el cual se\u2026<\/p>\n<p class=\"postmeta\"><span class=\"meta_date\">octubre 26, 2015<\/span><\/p>\n<div class=\"toolbar-social\"><\/div>\n<\/div>\n<div class=\"featuredpost\">\n<div class=\"flow_hide\">\n<p><a href=\"http:\/\/www.eloriente.net\/home\/2015\/10\/26\/cronicas-beisboleras-curiosidades-por-la-serie-mundial\/\" rel=\"bookmark\"><img decoding=\"async\" class=\"alignleft\" title=\"Cr\u00f3nicas Beisboleras: Curiosidades por la Serie Mundial\" src=\"http:\/\/www.eloriente.net\/home\/wp-content\/themes\/city-desk\/timthumb.php?src=http%3A%2F%2Fwww.eloriente.net%2Fhome%2Fwp-content%2Fuploads%2F2014%2F10%2FCr%C3%B3nicas-Beisboleras.jpg&amp;q=90&amp;w=70&amp;h=45&amp;zc=1\" alt=\"Cr\u00f3nicas Beisboleras: Curiosidades por la Serie Mundial\" \/><\/a><\/p>\n<h2 class=\"posttitle \"><a title=\"Enlace Permanente a Cr\u00f3nicas Beisboleras: Curiosidades por la Serie Mundial\" href=\"http:\/\/www.eloriente.net\/home\/2015\/10\/26\/cronicas-beisboleras-curiosidades-por-la-serie-mundial\/\" rel=\"bookmark\">Cr\u00f3nicas Beisboleras: Curiosidades por la Serie Mundial<\/a><\/h2>\n<\/div>\n<p>(www.eloriente.net, M\u00e9xico, a 26 de octubre de 2015, por Jaime Palau Ranz).- El pr\u00f3ximo martes inicia la Serie Mundial del 2015, eso quiere decir que\u00a0nuevamente se est\u00e1\u2026<\/p>\n<p class=\"postmeta\"><span class=\"meta_date\">octubre 26, 2015<\/span><\/p>\n<\/div>\n\n\t\t\t  <div \n\t\t\t  \tclass = \"fb-comments\" \n\t\t\t  \tdata-href = \"http:\/\/www.eloriente.net\/home\/2015\/10\/27\/el-desastre-por-samael-hernandez-ruiz\/\"\n\t\t\t  \tdata-numposts = \"10\"\n\t\t\t\tdata-colorscheme = \"dark\"\n\t\t\t\tdata-order-by = \"social\"\n\t\t\t\tdata-mobile=true>\n\t\t\t  <\/div>\n\t\t  <style>\n\t\t\t.fb_iframe_widget_fluid_desktop iframe {\n\t\t\t    width: 100% !important;\n\t\t\t}\n\t\t  <\/style>\n\t\t  ","protected":false},"excerpt":{"rendered":"<p>&nbsp; (www.eloriente.net, M\u00e9xico, a 27 de octubre de 2015, por Samael Hern\u00e1ndez Ruiz).- \u201cEntr\u00f3 en el convento una epidemia&#8230; Era muy contagiosa la enfermedad&#8230;(pero) la Madre Juana asist\u00eda a todas (las enfermas) sin fatigarse de la continuidad ni rezelarse de la cercan\u00eda\u201d;\u00a0pero este consejo result\u00f3 contraproducente; \u201cenferm\u00f3 al fin&#8230;\u201d, etc. Eliminada la nube de incienso, [&hellip;]<\/p>\n","protected":false},"author":44,"featured_media":40054,"comment_status":"open","ping_status":"open","sticky":false,"template":"","format":"standard","meta":{"_jetpack_memberships_contains_paid_content":false,"footnotes":""},"categories":[624,32,13,63,10504,464,625],"tags":[4480,1468,4864,391,141,73,4863,4261],"class_list":["post-40048","post","type-post","status-publish","format-standard","has-post-thumbnail","hentry","category-articulistas","category-entradas","category-especiales","category-estados","category-las-ultimas-12","category-oaxaca-estados","category-samael-hernandez","tag-articulista","tag-cuento","tag-el-desastre","tag-escritores","tag-mexico","tag-oaxaca","tag-relato","tag-samael-hernandez-ruiz"],"jetpack_featured_media_url":"http:\/\/www.eloriente.net\/home\/wp-content\/uploads\/2015\/10\/Juchit\u00e1n-3.jpg","jetpack_sharing_enabled":true,"_links":{"self":[{"href":"http:\/\/www.eloriente.net\/home\/wp-json\/wp\/v2\/posts\/40048"}],"collection":[{"href":"http:\/\/www.eloriente.net\/home\/wp-json\/wp\/v2\/posts"}],"about":[{"href":"http:\/\/www.eloriente.net\/home\/wp-json\/wp\/v2\/types\/post"}],"author":[{"embeddable":true,"href":"http:\/\/www.eloriente.net\/home\/wp-json\/wp\/v2\/users\/44"}],"replies":[{"embeddable":true,"href":"http:\/\/www.eloriente.net\/home\/wp-json\/wp\/v2\/comments?post=40048"}],"version-history":[{"count":4,"href":"http:\/\/www.eloriente.net\/home\/wp-json\/wp\/v2\/posts\/40048\/revisions"}],"predecessor-version":[{"id":40069,"href":"http:\/\/www.eloriente.net\/home\/wp-json\/wp\/v2\/posts\/40048\/revisions\/40069"}],"wp:featuredmedia":[{"embeddable":true,"href":"http:\/\/www.eloriente.net\/home\/wp-json\/wp\/v2\/media\/40054"}],"wp:attachment":[{"href":"http:\/\/www.eloriente.net\/home\/wp-json\/wp\/v2\/media?parent=40048"}],"wp:term":[{"taxonomy":"category","embeddable":true,"href":"http:\/\/www.eloriente.net\/home\/wp-json\/wp\/v2\/categories?post=40048"},{"taxonomy":"post_tag","embeddable":true,"href":"http:\/\/www.eloriente.net\/home\/wp-json\/wp\/v2\/tags?post=40048"}],"curies":[{"name":"wp","href":"https:\/\/api.w.org\/{rel}","templated":true}]}}