{"id":40135,"date":"2015-10-31T09:33:19","date_gmt":"2015-10-31T15:33:19","guid":{"rendered":"http:\/\/www.eloriente.net\/home\/?p=40135"},"modified":"2015-11-01T07:30:48","modified_gmt":"2015-11-01T13:30:48","slug":"cuando-ellas-pegan-nuevas-masculinidades-por-jose-carlos-moreno","status":"publish","type":"post","link":"http:\/\/www.eloriente.net\/home\/2015\/10\/31\/cuando-ellas-pegan-nuevas-masculinidades-por-jose-carlos-moreno\/","title":{"rendered":"Cuando ellas pegan: Nuevas masculinidades, por Jos\u00e9 Carlos Moreno"},"content":{"rendered":"<p><script src=\"\/\/pagead2.googlesyndication.com\/pagead\/js\/adsbygoogle.js\" async=\"\"><\/script><!-- BANNER ELORIENTE INCRUSTADO NOTAS --> <ins class=\"adsbygoogle\" style=\"display: inline-block; width: 300px; height: 250px;\" data-ad-client=\"ca-pub-1136171134853753\" data-ad-slot=\"7974633627\"><\/ins><script>\/\/ <![CDATA[\n(adsbygoogle = window.adsbygoogle || []).push({});\n\/\/ ]]><\/script><\/p>\n<p>&nbsp;<\/p>\n<p>(www.eloriente.net, M\u00e9xico, a 31 de octubre de 2015, por Jos\u00e9 Carlos Moreno).-\u00a0El patriarcado, el machismo, el feminismo, y la violencia de g\u00e9nero,\u00a0son conceptos que van de la mano, no se puede entender muy bien uno sin\u00a0los otros. La luz que nos han traido es mucha, parte de esa luz son\u00a0ahora las nuevas masculinidades y conceptos que empiezan a surgir como\u00a0el hembr\u00edsmo y la idea de \u00ablos hombres maltratados\u00bb. Esta \u00faltima es la\u00a0idea central de este texto, o m\u00e1s bien, la necesidad de que a esta\u00a0problem\u00e1tica que s\u00ed existe y tiene sus especificidades, se le<br \/>\nconsidere tambi\u00e9n parte de la Violencia de G\u00e9nero.<\/p>\n<p>Pareciera que nos falta mucho como sociedad -y c\u00f3mo academia- para\u00a0entenderlo de esta manera. En la mayor\u00eda de los espacios que podr\u00edan<br \/>\nser \u00f3ptimos para hablar del tema, se le minimiza y en algunos hasta se\u00a0le censura porque se tiene la creencia de que \u00abestorban\u00bb al tema central<br \/>\n-y \u00fanico- de la violencia de g\u00e9nero que es la violencia sistem\u00e1tica\u00a0contra las mujeres. En el peor de los casos se llega a pensar que con el\u00a0tema se intenta boicotear de manera premeditada y con intenciones\u00a0funestas, los esfuerzos del feminismo por echar luz sobre la violencia<br \/>\nde g\u00e9nero.<\/p>\n<p>Nada m\u00e1s equivocado, y nada m\u00e1s tr\u00e1gico; la teor\u00eda de la equidad de\u00a0g\u00e9nero no podr\u00e1 estar nunca completa sin contemplar y abordar el<br \/>\nproblema de_ Los Varones VIOLENTADOS_, evolucionando del \u00abhombres\u00a0maltratados\u00bb. La teor\u00eda de g\u00e9nero no podr\u00e1 construirse m\u00e1s all\u00e1 de<br \/>\nsi misma sin observar esta realidad, y, con perd\u00f3n, las nuevas\u00a0masculinidades, aunque no se crea, desde un hermanamiento con los\u00a0feminismos, no dejar\u00e1n de explorar el tema.<\/p>\n<p>\u00abQU\u00c9 DURO ES SER HOMBRE.\u00bb<\/p>\n<p>La complejidad del tema involucra contemplar que los varones de las\u00a0nuevas masculinidades estamos dando cuenta del c\u00f3mo y hasta d\u00f3nde nos<br \/>\nha estado afectando la vida el patriarcado, y el machismo. Escribe Jos\u00e9\u00a0N. Mena, Logoterapeuta en Argentina:\u00a0_\u00bbLlegan a consulta totalmente perplejos y sintiendo que el fracaso los\u00a0ha dejado sin identidad y sin hombr\u00eda. En muchos casos, m\u00e1s que el\u00a0amor mismo, m\u00e1s que la amada misma, lo que francamente duele es haber\u00a0visto frustrada la concreci\u00f3n de alguno de los mitos de la masculinidad\u00a0amorosa: curar a la enferma, salvar a la desvalida, redimir a la\u00a0prostituta, hacer dichosa a la infeliz, conquistar a la\u00a0imposible\u2026Mitos, explicaciones culturales y simb\u00f3licas de dudosa\u00a0realizaci\u00f3n pr\u00e1ctica que el var\u00f3n pretende colgarse del pecho como\u00a0medallas al m\u00e9rito y que, al no corresponderse con la realidad, lo<br \/>\narrojan a la m\u00e1s profunda y elevada de las angustias.\u00bb_<\/p>\n<p>Para entender c\u00f3mo es posible que las mujeres sean violentas con los\u00a0varones -S\u00ed, de verdad, es muy posible-, es fundamental entender la\u00a0idea del \u00abideal patriarcal\u00bb del que habla Mena, porque es ese ideal el\u00a0que pone a los varones en una posici\u00f3n vulnerable para ser violentados\u00a0tanto por las mujeres, como por otros hombres, como por el sistema en\u00a0general: el ideal patraircal es un conjunto de ideas, presupuestos, y\u00a0puntos de partida no propios, relacionados con lo que significa en\u00a0nuestra sociedad \u00abel deber ser del hombre\u00bb.<\/p>\n<p>Este modelo, por todos los varones conocido -Hombre es igual a todo lo\u00a0relacionado con fuerza, potencia, capacidad, hasta llegar a niveles\u00a0rid\u00edculos, y en paralelo, simb\u00f3licamente, con las funciones de un\u00a0Pene- pero por pocos conscientizado, castra las capacidades humanas de<br \/>\naqu\u00e9l al que se le asign\u00f3 el g\u00e9nero \u00abHombre\u00bb: No podemos llorar, no\u00a0podemos quejarnos, no podemos mostrar debilidad, y un largo etc. El<br \/>\nconstruirse como hombre, en este paradigma, es construirse a partir de\u00a0negar lo que -seg\u00fan este mismo paradigma- es lo femenino; la debilidad<br \/>\ny la vulnerabilidad. Decimos castra porque literalmente atrofia\u00a0capacidades humanas -indpendientes al g\u00e9nero- como digerir,<br \/>\nconscientizar, y dejarse sentir dolor, manejarlo, y trascenderlo.<\/p>\n<p>\u00bfPorqu\u00e9 esto nos pone en vulnerabilidad para ser violentados? Por que\u00a0de no cumplir todo lo que se espera de nosotros, se utilizar\u00e1 alg\u00fan<br \/>\ntipo de violencia en nuestra contra \u00abpor defecto\u00bb del sistema para que\u00a0\u00abvolvamos a nuestro camino de hombres\u00bb. Explico: Un var\u00f3n es\u00a0considerado afeminado porque llora, o porque hace \u00abcosas de mujeres\u00bb,\u00a0cosas del mundo privado y del mundo emocional, y es entonces visto como\u00a0una especie de \u00abhombre defectuoso\u00bb, y el sistema trata de corregir este\u00a0comportamiento a trav\u00e9s de la doctrina del shock: \u00abeducar a trav\u00e9s de\u00a0la violencia\u00bb.<\/p>\n<p><script src=\"\/\/pagead2.googlesyndication.com\/pagead\/js\/adsbygoogle.js\" async=\"\"><\/script><!-- BANNER PEQUE\u00d1O PARA ENTRENOTAS EL ORIENTE --> <ins class=\"adsbygoogle\" style=\"display: inline-block; width: 468px; height: 60px;\" data-ad-client=\"ca-pub-1136171134853753\" data-ad-slot=\"4953536424\"><\/ins><script>\/\/ <![CDATA[\n(adsbygoogle = window.adsbygoogle || []).push({});\n\/\/ ]]><\/script><\/p>\n<p>ELLAS TAMBI\u00c9N PEGAN.<\/p>\n<p>Las mujeres por su parte cumplen su rol, y en ellas se encuentra,\u00a0implantado desde el patriarcado, el mismo chip de \u00abcorregir a su hombre\u00bb<br \/>\no a los varones en general, cuando no est\u00e1n siendo \u00abhombres\u00bb. Desde el\u00a0rechazo abierto o velado por falta de \u00abhombr\u00eda\u00bb, hasta la violencia<br \/>\nverbal, psicol\u00f3gica -chantajes, manipulaciones, que tengan que ver con\u00a0la idea de \u00aberes poco hombre\u00bb- e incluso econ\u00f3mica, forman parte de la<br \/>\nviolencia estructural del patriarcado, investida en este caso por las\u00a0mujeres, contra los hombres.<\/p>\n<p>En otra forma de hablar: la cruz de la parroquia del hombre es cargar\u00a0con su hombr\u00eda, y los otros hombres, sus familias, y las mujeres,<br \/>\nestar\u00e1n ah\u00ed para violentarlo cuando la quiera tirar. Porque no ser\u00eda\u00a0hombre. Y no queremos a un hombre-no hombre. Porque no entendemos c\u00f3mo\u00a0ser\u00eda uno.<\/p>\n<p>Es tr\u00e1gico porque en este orden de ideas, las mujeres tambi\u00e9n son\u00a0instrumentos del patriarcado que le protegen y le reproducen asegurando<br \/>\nsu prolongaci\u00f3n en el tiempo, son parte de la fuerza que se opone al\u00a0cambio, un cambio que nos dar\u00eda a ambos g\u00e9neros la oportunidad de<br \/>\nconstruirnos libre y responsablemente lejos de la violencia mutua.<\/p>\n<p>Al ser un problema poco abordado, la violencia femenina, o los varones\u00a0violentados, pocos varones si quiera piensan en denunciarlo, muchos ni<br \/>\nsiquiera lo consideran un problema si no \u00abel orden de las cosas\u00bb, y\u00a0otros, much\u00edsimos, caen en la trampa achac\u00e1ndose la culpa y llegando a<br \/>\npercibirse, neur\u00f3ticamente, en merecedores de la violencia que les\u00a0administran.<\/p>\n<p>Veamos a continuaci\u00f3n un video que fue producido como un experimento,\u00a0es una comparativa entre una \u00abt\u00edpica escena\u00bb de violencia machista, y<br \/>\nuna de violencia femenina, ambos argumentos se centran en los celos y en\u00a0la posibilidad del enga\u00f1o, en ambos existe una violencia psicolog\u00edca y verbal, y sin embargo, las reacciones de la gente son muy diferentes: violencia dom\u00e9stica en los hombres<\/p>\n<p><iframe loading=\"lazy\" src=\"https:\/\/www.youtube.com\/embed\/Hav0vo5HVmA\" width=\"560\" height=\"315\" frameborder=\"0\" allowfullscreen=\"allowfullscreen\"><\/iframe><\/p>\n<p>Y uno m\u00e1s, recomiendo ver sin sonido, ya que la m\u00fasica -no s\u00e9 si as\u00ed\u00a0fue la edici\u00f3n original o es obra de quiz\u00e1s alg\u00fan entusiasta-predispone demasiado a cierta reacci\u00f3n emocional, pero las im\u00e1genes\u00a0hablan por si solas:<\/p>\n<p>Mira qu\u00e9 pasa cuando una mujer golpea en p\u00fablico a un hombre<\/p>\n<p><iframe loading=\"lazy\" src=\"https:\/\/www.youtube.com\/embed\/VTLjiyGuzto\" width=\"420\" height=\"315\" frameborder=\"0\" allowfullscreen=\"allowfullscreen\"><\/iframe><\/p>\n<p>Pareciera que el pensamiento dominante en ambos videos es algo\u00a0como\u00bbseguro se lo merece\u00bb, v\u00e9ase la cara de satisfacci\u00f3n de muchas\u00a0mujeres, y la de burla de algunos hombres -incluso algunos participan de\u00a0la violencia f\u00edsica contra el var\u00f3n-. Y, \u00bfsaben de d\u00f3nde creo que\u00a0viene ese pensamiento? del concepto de \u00abdeuda hist\u00f3rica\u00bb-algo para otra\u00a0columna-, en buena medida. En otra buena medida de la hist\u00f3rica\u00a0violencia machista. La reflexi\u00f3n y la duda es valida para la visi\u00f3n de\u00a0g\u00e9nero: \u00bfvamos a considerar que la mujer no es capaz de violencia\u00a0porque ha sido la hist\u00f3ricamente violentada?<\/p>\n<p>Ser\u00e1 que se olvida f\u00e1cil que un pueblo Jud\u00edo que fue violentado tiene\u00a0la misma capacidad de violentar a otro vecino, ser\u00e1 que se olvida pues\u00a0que la violencia es una facultad humana independiente del g\u00e9nero y debe\u00a0ser abordada tambi\u00e9n c\u00f3mo tal. Ser\u00e1 posible que veamos a la violencia<br \/>\nde genero como algo que tambi\u00e9n pueden (y de hecho lo han, y mucho)\u00a0sufrir los varones? O ser\u00e1 que aun no estamos listas (las personas)<br \/>\npara entenderlo as\u00ed y tenemos que seguir cubriendo un vac\u00edo de\u00a0justicia hacia la mujer desde un lugar de culpa que nos ciega a esta<br \/>\nrealidad?<\/p>\n<p>Aqu\u00ed lo importante es identificar que el sufrimiento humano es\u00a0_incuantificable_, que no es medible ya que constituye una de las\u00a0experiencias m\u00e1s intimas y \u00fanicas que podemos vivir. No podemos por lo\u00a0tanto, afirmar con ligereza que las mujeres sufren m\u00e1s la violencia de\u00a0g\u00e9nero que los hombres, ser\u00eda una falacia llena de irresponsabilidad,\u00a0una declaraci\u00f3n que busca reforzar el paradigma que nos aleja del ideal\u00a0de una sociedad sin violencia de g\u00e9nero: los hombres no lloran, no\u00a0sufren, no sienten tanto como las mujeres.<\/p>\n<p>VIOLENCIA HUMANA VS. VIOLENCIA DE G\u00c9NERO<\/p>\n<p>Entender a la persona humana como persona antes que c\u00f3mo un g\u00e9nero es\u00a0un principio antropol\u00f3gico b\u00e1sico que la teor\u00eda de g\u00e9nero necesita<br \/>\nconscientizar en toda su profundidad, amplitud, y consecuencia. La\u00a0visi\u00f3n de g\u00e9nero se ha difundido enormemente por la lucha valios\u00edsima<br \/>\nde much\u00edsimas mujeres y varones, y ahora cae en riesgo de desdibujarse\u00a0por esta sobre propaganda que est\u00e1 experimentando; no toda la violencia\u00a0humana puede ser convertida en violencia de g\u00e9nero, en las relaciones\u00a0humanas hay violencias que responden a otras motivaciones y cuestiones\u00a0que son sencillamente diferente a las estipuladas como condici\u00f3n para\u00a0ser violencia de g\u00e9nero.<\/p>\n<p>La mujer como persona es capaz de violencia propia: quitarle a la\u00a0entidad femenina su capacidad para violencia es deshumanizarla, se<br \/>\npodr\u00eda leer como una falta de respeto, e incluso interpretar que se\u00a0piensa que ellas no son capaces de violencia porque \u00abno pueden\u00bb, es<br \/>\ndesdibujarla como persona humana -algo que es antes de ser mujer-, y es\u00a0caer en reproducir la creencia de que el monopolio de la violencia la<br \/>\ntienen los hombres. A estas altura del partido \u00absociedad vs violencia de\u00a0g\u00e9nero\u00bb no podemos permitirnos tanta ingenuidad porque perderemos el<br \/>\nbuen rumbo.<\/p>\n<p>De la misma manera no se puede decir que por ser var\u00f3n se est\u00e1 exento\u00a0de violencia patriarcal de mano de otros hombres, del sistema, y de<br \/>\nalgunas mujeres. Ser\u00eda de nuevo des-dimensionar a la figura humana por\u00a0tener un pene o por haber sido asignado como hombre, ser\u00eda caer en el<br \/>\njuego del patriarcado y su ideal de postrar al hombre como omnipotente e\u00a0insufrible, capaz \u00fanicamente de ejercer violencia pero no de recibirla.<\/p>\n<p>DE HECHO, EL VAR\u00d3N ES JUSTAMENTE POR NO SER \u00abBUEN HOMBRE\u00bb, FEN\u00d3MENO\u00a0EQUIVALENTE A LA VIOLENCIA QUE SE LE ADMINISTRA A LA MUJER POR SER\u00a0MUJER, POR LO QUE AMBAS SON VIOLENCIA DE G\u00c9NERO.<\/p>\n<p>Y al final, cerrando, sufrimiento es sufrimiento, y quienes somos para\u00a0juzgar cual se siente m\u00e1s o se siente menos cuando no hablamos del<br \/>\nsufrimiento propio, \u00bfquienes somos para decir que los varones no sufren\u00a0a manos de muchas mujeres si ya cientos de varones al rededor del mundo\u00a0lo est\u00e1n empezando a decir?, \u00bfno podr\u00edamos contemplar la posibilidad\u00a0de que es una realidad y que es tan importante como la violencia contra\u00a0las mujeres -en el sentido en el que importa de igual manera, aunque se\u00a0tengan m\u00e1s casos de mujeres violentadas hasta el momento?<br \/>\nSi decimos que buscamos la equidad de genero y una sociedad libre de\u00a0este tipo de violencia, \u00bfquienes ser\u00edamos para no defender tambi\u00e9n a<br \/>\nlos hombres y no tomar consciencia tambi\u00e9n como mujeres? Preguntas\u00a0abiertas.<\/p>\n<p>Recomiendo visitar:<\/p>\n<p><a href=\"http:\/\/archivo.eluniversal.com.mx\/notas\/754863.html\" target=\"_blank\">Hombres maltratados no denuncian por verg\u00fcenza: El Universal<\/a><\/p>\n<p><a href=\"http:\/\/www.uniradioinforma.com\/noticias\/mexico\/121858\/el-80-de-los-hombres-son-maltratados-por-sus-novias.html\" target=\"_blank\">80% de los hombres son mal tratados por sus novias: UniradioInforma,\u00a0Tijuana<\/a><\/p>\n<p><a href=\"http:\/\/www.concienciasomatica.com\/index.php\/blog\/abusos\/109-hombres-maltratados\" target=\"_blank\">\u00bfHombres maltratados? Rosario G. Psic\u00f3loga<\/a><\/p>\n<p><a href=\"http:\/\/www.rtve.es\/noticias\/20130811\/hombres-maltratados\/729222.shtml\" target=\"_blank\">El maltrato a los hombres, una violencia invisible: rtve, Espa\u00f1a<\/a><\/p>\n<p><a href=\"http:\/\/www.europapress.es\/sociedad\/noticia-maltrato-hombres-realidad-silenciosa-20150612102418.html\" target=\"_blank\">Maltrato a los Hombres, \u00bfuna realidad silenciosa?: Europapress<\/a><\/p>\n<p><a href=\"http:\/\/www.hombresmaltratados.es\/\" target=\"_blank\">Hombres maltratados<\/a><\/p>\n<p><a href=\"http:\/\/www.20minutos.es\/noticia\/2582184\/0\/suecia-abre-primer-centro\/atencion-victimas-masculinas\/violencia-sexual\/\" target=\"_blank\">Suecia abre primer centro de atenci\u00f3n a v\u00edctimas de violencia sexual:\u00a020 minutos<\/a><\/p>\n<p><a href=\"https:\/\/legnalenja.wordpress.com\/2012\/11\/07\/el-silencio-de-los-hombres-golpeados-por-sus-mujeres\/\" target=\"_blank\">El silencio de los hombres golpeados por sus mujeres<\/a><\/p>\n<p><a href=\"http:\/\/logoforo.com\/%C2%BFque-puede-hacer-la-logoterapia-por-el-varon-enamorado\/\" target=\"_blank\">\u00bfQu\u00e9 puede hacer la logoterapia por el var\u00f3n enamorado?<\/a><\/p>\n<p>&nbsp;<\/p>\n<p><strong>Jos\u00e9 Carlos Moreno<\/strong><\/p>\n<p><strong>Director Genaral de <a href=\"http:\/\/morelos30.com\/\" target=\"_blank\">Morelos3.0<\/a><\/strong><\/p>\n<p><a href=\"http:\/\/www.eloriente.net\/home\/wp-content\/uploads\/2015\/10\/14445157466_0bba4850f2_k.jpg\"><img loading=\"lazy\" decoding=\"async\" class=\"alignnone size-medium wp-image-40136\" src=\"http:\/\/www.eloriente.net\/home\/wp-content\/uploads\/2015\/10\/14445157466_0bba4850f2_k-300x216.jpg\" alt=\"14445157466_0bba4850f2_k\" width=\"300\" height=\"216\" srcset=\"http:\/\/www.eloriente.net\/home\/wp-content\/uploads\/2015\/10\/14445157466_0bba4850f2_k-300x216.jpg 300w, http:\/\/www.eloriente.net\/home\/wp-content\/uploads\/2015\/10\/14445157466_0bba4850f2_k-1024x738.jpg 1024w, http:\/\/www.eloriente.net\/home\/wp-content\/uploads\/2015\/10\/14445157466_0bba4850f2_k-900x649.jpg 900w, http:\/\/www.eloriente.net\/home\/wp-content\/uploads\/2015\/10\/14445157466_0bba4850f2_k.jpg 2048w\" sizes=\"(max-width: 300px) 100vw, 300px\" \/><\/a><\/p>\n<p><strong>OTRAS ENTRADAS<\/strong><\/p>\n<div class=\"featuredpost\">\n<div class=\"flow_hide\">\n<h2 class=\"posttitle bigposttitle\"><a title=\"Enlace Permanente a Video: Bailan \u201cUptown Funk\u201d personajes de 100 pel\u00edculas #ViernesDeFelicidad\" href=\"http:\/\/www.eloriente.net\/home\/2015\/10\/30\/video-bailan-uptown-funk-personajes-de-100-peliculas-viernesdefelicidad\/\" rel=\"bookmark\">Video: Bailan \u201cUptown Funk\u201d personajes de 100 pel\u00edculas #ViernesDeFelicidad<\/a><\/h2>\n<\/div>\n<p>(www.eloriente.net, M\u00e9xico, a 30 de octubre de 2015, por Valery L\u00f3pez).- Para empezar con toda la actitud este fin de semana de fiestas y tradiciones, te presentamos\u2026<\/p>\n<p class=\"postmeta\"><span class=\"meta_date\">octubre 30, 2015<\/span><\/p>\n<div class=\"toolbar-social\"><\/div>\n<\/div>\n<div class=\"featuredpost\">\n<div class=\"flow_hide\">\n<p><a href=\"http:\/\/www.eloriente.net\/home\/2015\/10\/30\/las-canciones-mas-virales-de-spotify-hello-de-adele\/\" rel=\"bookmark\"><img decoding=\"async\" class=\"alignleft\" title=\"Las canciones m\u00e1s virales de Spotify: \u201cHello\u201d de Adele\" src=\"http:\/\/www.eloriente.net\/home\/wp-content\/themes\/city-desk\/timthumb.php?src=http%3A%2F%2Fwww.eloriente.net%2Fhome%2Fwp-content%2Fuploads%2F2015%2F10%2FAdele-face.jpg&amp;q=90&amp;w=70&amp;h=45&amp;zc=1\" alt=\"Las canciones m\u00e1s virales de Spotify: \u201cHello\u201d de Adele\" \/><\/a><\/p>\n<h2 class=\"posttitle \"><a title=\"Enlace Permanente a Las canciones m\u00e1s virales de Spotify: \u201cHello\u201d de Adele\" href=\"http:\/\/www.eloriente.net\/home\/2015\/10\/30\/las-canciones-mas-virales-de-spotify-hello-de-adele\/\" rel=\"bookmark\">Las canciones m\u00e1s virales de Spotify: \u201cHello\u201d de Adele<\/a><\/h2>\n<\/div>\n<p>(www.eloriente.net, M\u00e9xico, a 30 de octubre de 2015, por Valery L\u00f3pez).-\u00a0Spotify cuenta con un gran n\u00famero de listas dise\u00f1adas para ayudar a que sus usuarios conozcan m\u00fasica\u2026<\/p>\n<p class=\"postmeta\"><span class=\"meta_date\">octubre 30, 2015<\/span><\/p>\n<div class=\"toolbar-social\"><\/div>\n<\/div>\n<div class=\"featuredpost\">\n<div class=\"flow_hide\">\n<p><a href=\"http:\/\/www.eloriente.net\/home\/2015\/10\/28\/extranjeros-prefieren-guanajuato\/\" rel=\"bookmark\"><img decoding=\"async\" class=\"alignleft\" title=\"Extranjeros prefieren Guanajuato\" src=\"http:\/\/www.eloriente.net\/home\/wp-content\/themes\/city-desk\/timthumb.php?src=http%3A%2F%2Fwww.eloriente.net%2Fhome%2Fwp-content%2Fuploads%2F2015%2F08%2FGuanajuato-e1440207323738.jpg&amp;q=90&amp;w=70&amp;h=45&amp;zc=1\" alt=\"Extranjeros prefieren Guanajuato\" \/><\/a><\/p>\n<h2 class=\"posttitle \"><a title=\"Enlace Permanente a Extranjeros prefieren Guanajuato\" href=\"http:\/\/www.eloriente.net\/home\/2015\/10\/28\/extranjeros-prefieren-guanajuato\/\" rel=\"bookmark\">Extranjeros prefieren Guanajuato<\/a><\/h2>\n<\/div>\n<p>eloriente.net\/SECTUR 28 de octubre de 2015 \u2022En Guanajuato se increment\u00f3 5% la llegada de turistas nacionales y 6.4% arribo de internacionales en lo que va de 2015. \u2022Entre\u2026<\/p>\n<p class=\"postmeta\"><span class=\"meta_date\">octubre 28, 2015<\/span><\/p>\n<\/div>\n\n\t\t\t  <div \n\t\t\t  \tclass = \"fb-comments\" \n\t\t\t  \tdata-href = \"http:\/\/www.eloriente.net\/home\/2015\/10\/31\/cuando-ellas-pegan-nuevas-masculinidades-por-jose-carlos-moreno\/\"\n\t\t\t  \tdata-numposts = \"10\"\n\t\t\t\tdata-colorscheme = \"dark\"\n\t\t\t\tdata-order-by = \"social\"\n\t\t\t\tdata-mobile=true>\n\t\t\t  <\/div>\n\t\t  <style>\n\t\t\t.fb_iframe_widget_fluid_desktop iframe {\n\t\t\t    width: 100% !important;\n\t\t\t}\n\t\t  <\/style>\n\t\t  ","protected":false},"excerpt":{"rendered":"<p>&nbsp; (www.eloriente.net, M\u00e9xico, a 31 de octubre de 2015, por Jos\u00e9 Carlos Moreno).-\u00a0El patriarcado, el machismo, el feminismo, y la violencia de g\u00e9nero,\u00a0son conceptos que van de la mano, no se puede entender muy bien uno sin\u00a0los otros. La luz que nos han traido es mucha, parte de esa luz son\u00a0ahora las nuevas masculinidades y [&hellip;]<\/p>\n","protected":false},"author":44,"featured_media":40136,"comment_status":"open","ping_status":"open","sticky":false,"template":"","format":"standard","meta":{"_jetpack_memberships_contains_paid_content":false,"footnotes":""},"categories":[624,22,32,10,31],"tags":[879,494,1309,1494,189,197,165],"class_list":["post-40135","post","type-post","status-publish","format-standard","has-post-thumbnail","hentry","category-articulistas","category-derechos-humanos","category-entradas","category-lo-mas-reciente","category-principal","tag-columna","tag-feminismo","tag-hombres","tag-masculinidad","tag-mujeres","tag-opinion","tag-violencia"],"jetpack_featured_media_url":"http:\/\/www.eloriente.net\/home\/wp-content\/uploads\/2015\/10\/14445157466_0bba4850f2_k.jpg","jetpack_sharing_enabled":true,"_links":{"self":[{"href":"http:\/\/www.eloriente.net\/home\/wp-json\/wp\/v2\/posts\/40135"}],"collection":[{"href":"http:\/\/www.eloriente.net\/home\/wp-json\/wp\/v2\/posts"}],"about":[{"href":"http:\/\/www.eloriente.net\/home\/wp-json\/wp\/v2\/types\/post"}],"author":[{"embeddable":true,"href":"http:\/\/www.eloriente.net\/home\/wp-json\/wp\/v2\/users\/44"}],"replies":[{"embeddable":true,"href":"http:\/\/www.eloriente.net\/home\/wp-json\/wp\/v2\/comments?post=40135"}],"version-history":[{"count":2,"href":"http:\/\/www.eloriente.net\/home\/wp-json\/wp\/v2\/posts\/40135\/revisions"}],"predecessor-version":[{"id":40143,"href":"http:\/\/www.eloriente.net\/home\/wp-json\/wp\/v2\/posts\/40135\/revisions\/40143"}],"wp:featuredmedia":[{"embeddable":true,"href":"http:\/\/www.eloriente.net\/home\/wp-json\/wp\/v2\/media\/40136"}],"wp:attachment":[{"href":"http:\/\/www.eloriente.net\/home\/wp-json\/wp\/v2\/media?parent=40135"}],"wp:term":[{"taxonomy":"category","embeddable":true,"href":"http:\/\/www.eloriente.net\/home\/wp-json\/wp\/v2\/categories?post=40135"},{"taxonomy":"post_tag","embeddable":true,"href":"http:\/\/www.eloriente.net\/home\/wp-json\/wp\/v2\/tags?post=40135"}],"curies":[{"name":"wp","href":"https:\/\/api.w.org\/{rel}","templated":true}]}}