{"id":40138,"date":"2015-10-31T21:09:38","date_gmt":"2015-11-01T03:09:38","guid":{"rendered":"http:\/\/www.eloriente.net\/home\/?p=40138"},"modified":"2015-10-31T21:09:38","modified_gmt":"2015-11-01T03:09:38","slug":"video-sondeo-tradiciones-de-muertos-en-oaxaca","status":"publish","type":"post","link":"http:\/\/www.eloriente.net\/home\/2015\/10\/31\/video-sondeo-tradiciones-de-muertos-en-oaxaca\/","title":{"rendered":"Video sondeo: Tradiciones de muertos en Oaxaca"},"content":{"rendered":"<p><script src=\"\/\/pagead2.googlesyndication.com\/pagead\/js\/adsbygoogle.js\" async=\"\"><\/script><!-- BANNER ELORIENTE INCRUSTADO NOTAS --> <ins class=\"adsbygoogle\" style=\"display: inline-block; width: 300px; height: 250px;\" data-ad-client=\"ca-pub-1136171134853753\" data-ad-slot=\"7974633627\"><\/ins><script>\/\/ <![CDATA[\n(adsbygoogle = window.adsbygoogle || []).push({});\n\/\/ ]]><\/script><\/p>\n<p>&nbsp;<\/p>\n<p>(www.eloriente.net, M\u00e9xico, a 31 de octubre de 2015, por Valery L\u00f3pez).-\u00a0En EL ORIENTE nos dimos a la tarea de acudir al Pante\u00f3n General de la ciudad de Oaxaca en busca de conocer un poco m\u00e1s de c\u00f3mo viven los oaxaque\u00f1os estas fiestas, qu\u00e9 significan para ellos los elementos representativos de esta tradici\u00f3n, pero sobre todo, nos interes\u00f3 conocer c\u00f3mo se transmite la misma a las siguientes generaciones.<\/p>\n<p><script src=\"\/\/pagead2.googlesyndication.com\/pagead\/js\/adsbygoogle.js\" async=\"\"><\/script><!-- BANNER PEQUE\u00d1O PARA ENTRENOTAS EL ORIENTE --> <ins class=\"adsbygoogle\" style=\"display: inline-block; width: 468px; height: 60px;\" data-ad-client=\"ca-pub-1136171134853753\" data-ad-slot=\"4953536424\"><\/ins><script>\/\/ <![CDATA[\n(adsbygoogle = window.adsbygoogle || []).push({});\n\/\/ ]]><\/script><\/p>\n<p>A continuaci\u00f3n presentamos un video con un sondeo, donde las personas nos comparten sus conocimientos y experiencias relativas al d\u00eda de muertos.<\/p>\n<p><iframe loading=\"lazy\" src=\"https:\/\/www.youtube.com\/embed\/NS0C9L30UJM\" width=\"560\" height=\"315\" frameborder=\"0\" allowfullscreen=\"allowfullscreen\"><\/iframe><\/p>\n<p><strong>OTRAS ENTRADAS<\/strong><\/p>\n<div class=\"featuredpost\">\n<div class=\"flow_hide\">\n<h2 class=\"posttitle bigposttitle\"><a title=\"Enlace Permanente a Cuando ellas pegan: Nuevas masculinidades, por Jos\u00e9 Carlos Moreno\" href=\"http:\/\/www.eloriente.net\/home\/2015\/10\/31\/cuando-ellas-pegan-nuevas-masculinidades-por-jose-carlos-moreno\/\" rel=\"bookmark\">Cuando ellas pegan: Nuevas masculinidades, por Jos\u00e9 Carlos Moreno<\/a><\/h2>\n<\/div>\n<p>(www.eloriente.net, M\u00e9xico, a 31 de octubre de 2015, por Jos\u00e9 Carlos Moreno).-\u00a0El patriarcado, el machismo, el feminismo, y la violencia de g\u00e9nero,\u00a0son conceptos que van de la\u2026<\/p>\n<p class=\"postmeta\"><span class=\"meta_date\">octubre 31, 2015<\/span><\/p>\n<div class=\"toolbar-social\"><\/div>\n<\/div>\n<div class=\"featuredpost\">\n<div class=\"flow_hide\">\n<p><a href=\"http:\/\/www.eloriente.net\/home\/2015\/10\/30\/video-bailan-uptown-funk-personajes-de-100-peliculas-viernesdefelicidad\/\" rel=\"bookmark\"><img decoding=\"async\" class=\"alignleft\" title=\"Video: Bailan \u201cUptown Funk\u201d personajes de 100 pel\u00edculas #ViernesDeFelicidad\" src=\"http:\/\/www.eloriente.net\/home\/wp-content\/themes\/city-desk\/timthumb.php?src=http%3A%2F%2Fwww.eloriente.net%2Fhome%2Fwp-content%2Fuploads%2F2015%2F10%2FDance-mvies-kickboxer1.png&amp;q=90&amp;w=70&amp;h=45&amp;zc=1\" alt=\"Video: Bailan \u201cUptown Funk\u201d personajes de 100 pel\u00edculas #ViernesDeFelicidad\" \/><\/a><\/p>\n<h2 class=\"posttitle \"><a title=\"Enlace Permanente a Video: Bailan \u201cUptown Funk\u201d personajes de 100 pel\u00edculas #ViernesDeFelicidad\" href=\"http:\/\/www.eloriente.net\/home\/2015\/10\/30\/video-bailan-uptown-funk-personajes-de-100-peliculas-viernesdefelicidad\/\" rel=\"bookmark\">Video: Bailan \u201cUptown Funk\u201d personajes de 100 pel\u00edculas #ViernesDeFelicidad<\/a><\/h2>\n<\/div>\n<p>(www.eloriente.net, M\u00e9xico, a 30 de octubre de 2015, por Valery L\u00f3pez).- Para empezar con toda la actitud este fin de semana de fiestas y tradiciones, te presentamos\u2026<\/p>\n<p class=\"postmeta\"><span class=\"meta_date\">octubre 30, 2015<\/span><\/p>\n<div class=\"toolbar-social\"><\/div>\n<\/div>\n<div class=\"featuredpost\">\n<div class=\"flow_hide\">\n<p><a href=\"http:\/\/www.eloriente.net\/home\/2015\/10\/30\/las-canciones-mas-virales-de-spotify-hello-de-adele\/\" rel=\"bookmark\"><img decoding=\"async\" class=\"alignleft\" title=\"Las canciones m\u00e1s virales de Spotify: \u201cHello\u201d de Adele\" src=\"http:\/\/www.eloriente.net\/home\/wp-content\/themes\/city-desk\/timthumb.php?src=http%3A%2F%2Fwww.eloriente.net%2Fhome%2Fwp-content%2Fuploads%2F2015%2F10%2FAdele-face.jpg&amp;q=90&amp;w=70&amp;h=45&amp;zc=1\" alt=\"Las canciones m\u00e1s virales de Spotify: \u201cHello\u201d de Adele\" \/><\/a><\/p>\n<h2 class=\"posttitle \"><a title=\"Enlace Permanente a Las canciones m\u00e1s virales de Spotify: \u201cHello\u201d de Adele\" href=\"http:\/\/www.eloriente.net\/home\/2015\/10\/30\/las-canciones-mas-virales-de-spotify-hello-de-adele\/\" rel=\"bookmark\">Las canciones m\u00e1s virales de Spotify: \u201cHello\u201d de Adele<\/a><\/h2>\n<\/div>\n<p>(www.eloriente.net, M\u00e9xico, a 30 de octubre de 2015, por Valery L\u00f3pez).-\u00a0Spotify cuenta con un gran n\u00famero de listas dise\u00f1adas para ayudar a que sus usuarios conozcan m\u00fasica\u2026<\/p>\n<p class=\"postmeta\"><span class=\"meta_date\">octubre 30, 2015<\/span><\/p>\n<\/div>\n\n\t\t\t  <div \n\t\t\t  \tclass = \"fb-comments\" \n\t\t\t  \tdata-href = \"http:\/\/www.eloriente.net\/home\/2015\/10\/31\/video-sondeo-tradiciones-de-muertos-en-oaxaca\/\"\n\t\t\t  \tdata-numposts = \"10\"\n\t\t\t\tdata-colorscheme = \"dark\"\n\t\t\t\tdata-order-by = \"social\"\n\t\t\t\tdata-mobile=true>\n\t\t\t  <\/div>\n\t\t  <style>\n\t\t\t.fb_iframe_widget_fluid_desktop iframe {\n\t\t\t    width: 100% !important;\n\t\t\t}\n\t\t  <\/style>\n\t\t  ","protected":false},"excerpt":{"rendered":"<p>&nbsp; (www.eloriente.net, M\u00e9xico, a 31 de octubre de 2015, por Valery L\u00f3pez).-\u00a0En EL ORIENTE nos dimos a la tarea de acudir al Pante\u00f3n General de la ciudad de Oaxaca en busca de conocer un poco m\u00e1s de c\u00f3mo viven los oaxaque\u00f1os estas fiestas, qu\u00e9 significan para ellos los elementos representativos de esta tradici\u00f3n, pero sobre [&hellip;]<\/p>\n","protected":false},"author":44,"featured_media":40139,"comment_status":"open","ping_status":"open","sticky":false,"template":"","format":"standard","meta":{"_jetpack_memberships_contains_paid_content":false,"footnotes":""},"categories":[18,32,63,464,19],"tags":[4919,4661,73,4920,904,1043],"class_list":["post-40138","post","type-post","status-publish","format-standard","has-post-thumbnail","hentry","category-educacion-y-cultura","category-entradas","category-estados","category-oaxaca-estados","category-turismo-y-negocios","tag-altar","tag-dia-de-muertos","tag-oaxaca","tag-panteon","tag-tradiciones","tag-video"],"jetpack_featured_media_url":"http:\/\/www.eloriente.net\/home\/wp-content\/uploads\/2015\/10\/Sondeo-muertos.png","jetpack_sharing_enabled":true,"_links":{"self":[{"href":"http:\/\/www.eloriente.net\/home\/wp-json\/wp\/v2\/posts\/40138"}],"collection":[{"href":"http:\/\/www.eloriente.net\/home\/wp-json\/wp\/v2\/posts"}],"about":[{"href":"http:\/\/www.eloriente.net\/home\/wp-json\/wp\/v2\/types\/post"}],"author":[{"embeddable":true,"href":"http:\/\/www.eloriente.net\/home\/wp-json\/wp\/v2\/users\/44"}],"replies":[{"embeddable":true,"href":"http:\/\/www.eloriente.net\/home\/wp-json\/wp\/v2\/comments?post=40138"}],"version-history":[{"count":1,"href":"http:\/\/www.eloriente.net\/home\/wp-json\/wp\/v2\/posts\/40138\/revisions"}],"predecessor-version":[{"id":40140,"href":"http:\/\/www.eloriente.net\/home\/wp-json\/wp\/v2\/posts\/40138\/revisions\/40140"}],"wp:featuredmedia":[{"embeddable":true,"href":"http:\/\/www.eloriente.net\/home\/wp-json\/wp\/v2\/media\/40139"}],"wp:attachment":[{"href":"http:\/\/www.eloriente.net\/home\/wp-json\/wp\/v2\/media?parent=40138"}],"wp:term":[{"taxonomy":"category","embeddable":true,"href":"http:\/\/www.eloriente.net\/home\/wp-json\/wp\/v2\/categories?post=40138"},{"taxonomy":"post_tag","embeddable":true,"href":"http:\/\/www.eloriente.net\/home\/wp-json\/wp\/v2\/tags?post=40138"}],"curies":[{"name":"wp","href":"https:\/\/api.w.org\/{rel}","templated":true}]}}