{"id":40141,"date":"2015-11-01T07:35:22","date_gmt":"2015-11-01T13:35:22","guid":{"rendered":"http:\/\/www.eloriente.net\/home\/?p=40141"},"modified":"2015-11-01T07:35:22","modified_gmt":"2015-11-01T13:35:22","slug":"necesitamos-recuperar-nuestras-raices-comunalidad","status":"publish","type":"post","link":"http:\/\/www.eloriente.net\/home\/2015\/11\/01\/necesitamos-recuperar-nuestras-raices-comunalidad\/","title":{"rendered":"Necesitamos recuperar nuestras ra\u00edces: Comunalidad"},"content":{"rendered":"<p><script src=\"\/\/pagead2.googlesyndication.com\/pagead\/js\/adsbygoogle.js\" async=\"\"><\/script><!-- BANNER ELORIENTE INCRUSTADO NOTAS --> <ins class=\"adsbygoogle\" style=\"display: inline-block; width: 300px; height: 250px;\" data-ad-client=\"ca-pub-1136171134853753\" data-ad-slot=\"7974633627\"><\/ins><script>\/\/ <![CDATA[\n(adsbygoogle = window.adsbygoogle || []).push({});\n\/\/ ]]><\/script><\/p>\n<p>eloriente.net\/UABJO<\/p>\n<p>1 de noviembre de 2015<\/p>\n<p>A fin de desarrollar proyectos conjuntos relacionados con los campos de la docencia, la investigaci\u00f3n, la extensi\u00f3n y difusi\u00f3n de la cultura y el intercambio de servicios de apoyo t\u00e9cnico y tecnol\u00f3gico, la Universidad Aut\u00f3noma \u00abBenito Ju\u00e1rez\u00bb de Oaxaca (UABJO) y la Fundaci\u00f3n Comunalidad AC firmaron un Convenio marco de colaboraci\u00f3n institucional.<\/p>\n<p>En representaci\u00f3n de la comunidad que conforma la UABJO, el Rector Eduardo Mart\u00ednez Helmes, destac\u00f3 la importancia de este convenio, el cual permitir\u00e1 revalorar y difundir el legado cultural de nuestro estado.<\/p>\n<p>\u00abMuchas veces buscamos el conocimiento afuera y olvidamos las ra\u00edces que tenemos y tendremos que recuperarlas, el d\u00eda de hoy con la firma de este convenio damos un paso m\u00e1s para formalizar nuestra relaci\u00f3n de trabajo; tenemos adem\u00e1s la certeza de que la ruta est\u00e1 bien trazada y bien fundada, nosotros estamos muy complacidos por la firma de este convenio\u00bb.<\/p>\n<p>Por su parte, Jaime Mart\u00ednez Luna, Presidente de la Fundaci\u00f3n, manifest\u00f3 su benepl\u00e1cito por concretar los lazos de trabajo con la M\u00e1xima Casa de Estudios en el Estado.<\/p>\n<p>\u00abNos sentimos honrados por la posibilidad de unir esfuerzos en beneficio de un gran sector de la sociedad que demanda reconocimiento y que ha quedado al margen de la educaci\u00f3n superior; en este sentido, consideramos esta como una excelente oportunidad para canalizar inquietudes y necesidades\u00bb<\/p>\n<p>Asimismo, se\u00f1al\u00f3 que \u00abes muy satisfactorio encontrar en la Universidad una actitud positiva para abrir nuevas puertas a la sociedad que reclama fortalecer su propio conocimiento, Oaxaca tiene mucho que ense\u00f1arnos, por eso nos sentimos congratulados por su apoyo\u00bb.<\/p>\n<p>De acuerdo con el documento firmado, entre algunas de las actividades que se llevar\u00e1n a cabo se encuentran el desarrollo de programas de servicios social y\/o pr\u00e1cticas profesionales, facilitar el uso de instalaciones entre ambas instituciones y el asesoramiento, apoyo t\u00e9cnico e intercambio de servicios en las \u00e1reas de investigaci\u00f3n, administraci\u00f3n, documentaci\u00f3n y difusi\u00f3n cultural.<\/p>\n<p><a href=\"http:\/\/www.eloriente.net\/home\/wp-content\/uploads\/2015\/11\/UABJO-Jaime-mart\u00ednez-luna-y-martinez-helmes.jpg\"><img loading=\"lazy\" decoding=\"async\" class=\"alignnone size-medium wp-image-40142\" src=\"http:\/\/www.eloriente.net\/home\/wp-content\/uploads\/2015\/11\/UABJO-Jaime-mart\u00ednez-luna-y-martinez-helmes-300x200.jpg\" alt=\"UABJO Jaime mart\u00ednez luna y martinez helmes\" width=\"300\" height=\"200\" srcset=\"http:\/\/www.eloriente.net\/home\/wp-content\/uploads\/2015\/11\/UABJO-Jaime-mart\u00ednez-luna-y-martinez-helmes-300x200.jpg 300w, http:\/\/www.eloriente.net\/home\/wp-content\/uploads\/2015\/11\/UABJO-Jaime-mart\u00ednez-luna-y-martinez-helmes.jpg 750w\" sizes=\"(max-width: 300px) 100vw, 300px\" \/><\/a><\/p>\n<p>Imagen: UABJO<\/p>\n<p>OTRAS ENTRADAS<\/p>\n<h2 class=\"entry_title\"><a title=\"Enlace Permanente a Alumnos UABJO van a California, Estados Unidos\" href=\"http:\/\/www.eloriente.net\/home\/2015\/10\/23\/busca-promover-uabjo-movilidad-en-sus-estudiantes\/\" rel=\"bookmark\">Alumnos UABJO van a California, Estados Unidos<\/a><\/h2>\n<p><a href=\"http:\/\/www.eloriente.net\/home\/2015\/10\/23\/busca-promover-uabjo-movilidad-en-sus-estudiantes\/\" rel=\"bookmark\"><img decoding=\"async\" class=\"alignleft\" title=\"Alumnos UABJO van a California, Estados Unidos\" src=\"http:\/\/www.eloriente.net\/home\/wp-content\/themes\/city-desk\/timthumb.php?src=http%3A%2F%2Fwww.eloriente.net%2Fhome%2Fwp-content%2Fuploads%2F2015%2F10%2F23.jpg&amp;q=90&amp;w=160&amp;h=106&amp;zc=1\" alt=\"Alumnos UABJO van a California, Estados Unidos\" \/><\/a><\/p>\n<p>eloriente.net\/UABJO 23 de octubre de 2015 Con el objetivo de promover la movilidad estudiantil a instituciones de alto nivel\u00a0acad\u00e9mico, la Facultad de Idiomas de la Universidad Aut\u00f3noma \u201cBenito Ju\u00e1rez\u201d de\u00a0Oaxaca gestion\u00f3 la estancia de 5 estudiantes de sus programas de Licenciatura,\u00a0Maestr\u00eda y Doctorado en la prestigiosa Universidad de Humbolt ubicada al norte\u00a0del estado de California [\u2026]<\/p>\n<p class=\"postmeta\"><span class=\"meta_date\">octubre 23, 2015<\/span><\/p>\n\n\t\t\t  <div \n\t\t\t  \tclass = \"fb-comments\" \n\t\t\t  \tdata-href = \"http:\/\/www.eloriente.net\/home\/2015\/11\/01\/necesitamos-recuperar-nuestras-raices-comunalidad\/\"\n\t\t\t  \tdata-numposts = \"10\"\n\t\t\t\tdata-colorscheme = \"dark\"\n\t\t\t\tdata-order-by = \"social\"\n\t\t\t\tdata-mobile=true>\n\t\t\t  <\/div>\n\t\t  <style>\n\t\t\t.fb_iframe_widget_fluid_desktop iframe {\n\t\t\t    width: 100% !important;\n\t\t\t}\n\t\t  <\/style>\n\t\t  ","protected":false},"excerpt":{"rendered":"<p>eloriente.net\/UABJO 1 de noviembre de 2015 A fin de desarrollar proyectos conjuntos relacionados con los campos de la docencia, la investigaci\u00f3n, la extensi\u00f3n y difusi\u00f3n de la cultura y el intercambio de servicios de apoyo t\u00e9cnico y tecnol\u00f3gico, la Universidad Aut\u00f3noma \u00abBenito Ju\u00e1rez\u00bb de Oaxaca (UABJO) y la Fundaci\u00f3n Comunalidad AC firmaron un Convenio marco [&hellip;]<\/p>\n","protected":false},"author":1,"featured_media":40142,"comment_status":"open","ping_status":"open","sticky":false,"template":"","format":"standard","meta":{"_jetpack_memberships_contains_paid_content":false,"footnotes":""},"categories":[29,1588,32,63,464],"tags":[4921,73,182,3947],"class_list":["post-40141","post","type-post","status-publish","format-standard","has-post-thumbnail","hentry","category-capital","category-comunicados-y-boletines","category-entradas","category-estados","category-oaxaca-estados","tag-asociaciones-civiles-oaxaca","tag-oaxaca","tag-uabjo","tag-universidad-oaxaca"],"jetpack_featured_media_url":"http:\/\/www.eloriente.net\/home\/wp-content\/uploads\/2015\/11\/UABJO-Jaime-mart\u00ednez-luna-y-martinez-helmes.jpg","jetpack_sharing_enabled":true,"_links":{"self":[{"href":"http:\/\/www.eloriente.net\/home\/wp-json\/wp\/v2\/posts\/40141"}],"collection":[{"href":"http:\/\/www.eloriente.net\/home\/wp-json\/wp\/v2\/posts"}],"about":[{"href":"http:\/\/www.eloriente.net\/home\/wp-json\/wp\/v2\/types\/post"}],"author":[{"embeddable":true,"href":"http:\/\/www.eloriente.net\/home\/wp-json\/wp\/v2\/users\/1"}],"replies":[{"embeddable":true,"href":"http:\/\/www.eloriente.net\/home\/wp-json\/wp\/v2\/comments?post=40141"}],"version-history":[{"count":1,"href":"http:\/\/www.eloriente.net\/home\/wp-json\/wp\/v2\/posts\/40141\/revisions"}],"predecessor-version":[{"id":40144,"href":"http:\/\/www.eloriente.net\/home\/wp-json\/wp\/v2\/posts\/40141\/revisions\/40144"}],"wp:featuredmedia":[{"embeddable":true,"href":"http:\/\/www.eloriente.net\/home\/wp-json\/wp\/v2\/media\/40142"}],"wp:attachment":[{"href":"http:\/\/www.eloriente.net\/home\/wp-json\/wp\/v2\/media?parent=40141"}],"wp:term":[{"taxonomy":"category","embeddable":true,"href":"http:\/\/www.eloriente.net\/home\/wp-json\/wp\/v2\/categories?post=40141"},{"taxonomy":"post_tag","embeddable":true,"href":"http:\/\/www.eloriente.net\/home\/wp-json\/wp\/v2\/tags?post=40141"}],"curies":[{"name":"wp","href":"https:\/\/api.w.org\/{rel}","templated":true}]}}