{"id":40183,"date":"2015-11-04T12:44:01","date_gmt":"2015-11-04T18:44:01","guid":{"rendered":"http:\/\/www.eloriente.net\/home\/?p=40183"},"modified":"2015-11-04T14:02:27","modified_gmt":"2015-11-04T20:02:27","slug":"el-cineasta-ignacio-ortiz-dara-conferencia-magistral-en-oaxaca","status":"publish","type":"post","link":"http:\/\/www.eloriente.net\/home\/2015\/11\/04\/el-cineasta-ignacio-ortiz-dara-conferencia-magistral-en-oaxaca\/","title":{"rendered":"Cineasta Ignacio Ortiz dar\u00e1 Conferencia Magistral en Oaxaca"},"content":{"rendered":"<p><script src=\"\/\/pagead2.googlesyndication.com\/pagead\/js\/adsbygoogle.js\" async=\"\"><\/script><!-- BANNER ELORIENTE INCRUSTADO NOTAS --> <ins class=\"adsbygoogle\" style=\"display: inline-block; width: 300px; height: 250px;\" data-ad-client=\"ca-pub-1136171134853753\" data-ad-slot=\"7974633627\"><\/ins><script>\/\/ <![CDATA[\n(adsbygoogle = window.adsbygoogle || []).push({});\n\/\/ ]]><\/script><\/p>\n<p>&nbsp;<\/p>\n<p>(www.eloriente.net, M\u00e9xico, a 04 de noviembre de 2015, por OaxacaCine).- OaxacaCine tiene el agrado de invitarlos a la conferencia magistral que impartir\u00e1 el cineasta oaxaque\u00f1o Ignacio Ortiz.<\/p>\n<p>Viernes 6 de noviembre | 13:00 horas<\/p>\n<p>Centro Cultural San Pablo | Capilla del Rosario<\/p>\n<p>Entrada Libre<\/p>\n<p>LOS PROCESOS DE LA CREACI\u00d3N CINEMATOGRAFICA: DE LA IDEA A LA PANTALLA.\u00a0EXPERIENCIA PERSONAL.<\/p>\n<p>El gui\u00f3n: De la idea al tratamiento cinematogr\u00e1fico.<\/p>\n<ul>\n<li>La preproducci\u00f3n y la producci\u00f3n.<\/li>\n<\/ul>\n<ul>\n<li>La direcci\u00f3n: Del abordaje del gui\u00f3n al montaje.<\/li>\n<\/ul>\n<ul>\n<li>La postproducci\u00f3n.<\/li>\n<\/ul>\n<ul>\n<li>La distribuci\u00f3n y la exhibici\u00f3n.<\/li>\n<\/ul>\n<p>&#8212;&#8212;&#8212;&#8212;&#8212;&#8212;&#8212;&#8212;-<\/p>\n<p><iframe loading=\"lazy\" src=\"https:\/\/www.youtube.com\/embed\/o21Th0R6WlU\" width=\"420\" height=\"315\" frameborder=\"0\" allowfullscreen=\"allowfullscreen\"><\/iframe><\/p>\n<p>IGNACIO ORT\u00cdZ<\/p>\n<p>Refugio de Morelos, San Juan Teposcolula, Oaxaca. Culmin\u00f3 estudios de\u00a0medicina en la UNAM, y posteriormente curs\u00f3 gui\u00f3n y realizaci\u00f3n\u00a0cinematogr\u00e1fica en el Centro de Capacitaci\u00f3n Cinematogr\u00e1fica (CCC).\u00a0Su trabajo de tesis fue el cortometraje Y viviremos felices (1990).<\/p>\n<p>Escribi\u00f3 los guiones de los largos La mujer de Benjam\u00edn (1990), La\u00a0vida conyugal (1992), ambos de Carlos Carrera, y colabor\u00f3 en el gui\u00f3n\u00a0de Desiertos mares (1992) de Jos\u00e9 Lu\u00eds Garc\u00eda Agraz. En 1992 Dirigi\u00f3\u00a0el corto Hombre que no escucha boleros. Al a\u00f1o siguiente escribe y\u00a0dirige su primer largometraje: La orilla de la tierra (1993). Colabor\u00f3\u00a0nuevamente con Carrera en el gui\u00f3n de Sin remitente (1994).<\/p>\n<p>Film\u00f3 los largometrajes Cuento de hadas para dormir cocodrilos (2001)\u00a0y Mezcal (2005); ambas reconocidas con 7 y 6 premios ARIEL\u00a0respectivamente (mejor pel\u00edcula en ambos casos), adem\u00e1s de varios\u00a0galardones en el extranjero, destacando los de los festivales de\u00a0Guadalajara, Karlovy Vary, M\u00e1laga, Trieste, Biarritz, Gramado, Miami y\u00a0Lima.<\/p>\n<p><script src=\"\/\/pagead2.googlesyndication.com\/pagead\/js\/adsbygoogle.js\" async=\"\"><\/script><!-- BANNER PEQUE\u00d1O PARA ENTRENOTAS EL ORIENTE --> <ins class=\"adsbygoogle\" style=\"display: inline-block; width: 468px; height: 60px;\" data-ad-client=\"ca-pub-1136171134853753\" data-ad-slot=\"4953536424\"><\/ins><script>\/\/ <![CDATA[\n(adsbygoogle = window.adsbygoogle || []).push({});\n\/\/ ]]><\/script><\/p>\n<p>En el 2009 filma el corto Historia del hombre que nunca fue al\u00a0consalero y el largometraje El mar muerto, que, hasta hoy d\u00eda, ha\u00a0participado en los festivales de Guadalajara, Montreal y Dubai. En 2015\u00a0filma el largometraje Traici\u00f3n, actualmente en postproducci\u00f3n.<\/p>\n<p>Tambi\u00e9n ha incursionado en el \u00e1mbito teatral. Fue asistente del\u00a0director Ludwik Margules; adapt\u00f3 para la escena el gui\u00f3n Interiores,\u00a0de Woody Allen. Puso en escena los textos Devastados, Ansia y Psicosis\u00a04:43, de la brit\u00e1nica Sarah Kane. En 2009 mont\u00f3 Saraband, de Ingmar\u00a0Bergman y en 2014 Sonata de Oto\u00f1o, de Bergman.<\/p>\n<p>Ignacio Ortiz Cruz ha recibido varios reconocimientos por su labor\u00a0f\u00edlmica, entre los que destacan el que recibi\u00f3 en 1999 en Festival de\u00a0Cine de Nantes, la beca para Cine y Video de las fundaciones\u00a0McArthur-Rockefeller, el reconocimiento del Senado de la Rep\u00fablica y el\u00a0haber sido miembro del Sistema Nacional de Creadores de Arte del FONCA.<\/p>\n<p>Actualmente es coordinador y profesor del curso de direcci\u00f3n en el\u00a0Centro de Capacitaci\u00f3n Cinematogr\u00e1fica y miembro activo de la Academia\u00a0Mexicana de Artes y Ciencias Cinematogr\u00e1ficas.<\/p>\n<p><a href=\"http:\/\/www.eloriente.net\/home\/wp-content\/uploads\/2015\/11\/OaxacaCine-4o-aniversario.jpg\"><img loading=\"lazy\" decoding=\"async\" class=\"alignnone size-medium wp-image-40184\" src=\"http:\/\/www.eloriente.net\/home\/wp-content\/uploads\/2015\/11\/OaxacaCine-4o-aniversario-300x214.jpg\" alt=\"OaxacaCine 4o aniversario\" width=\"300\" height=\"214\" srcset=\"http:\/\/www.eloriente.net\/home\/wp-content\/uploads\/2015\/11\/OaxacaCine-4o-aniversario-300x214.jpg 300w, http:\/\/www.eloriente.net\/home\/wp-content\/uploads\/2015\/11\/OaxacaCine-4o-aniversario-1024x730.jpg 1024w, http:\/\/www.eloriente.net\/home\/wp-content\/uploads\/2015\/11\/OaxacaCine-4o-aniversario-900x641.jpg 900w, http:\/\/www.eloriente.net\/home\/wp-content\/uploads\/2015\/11\/OaxacaCine-4o-aniversario.jpg 1336w\" sizes=\"(max-width: 300px) 100vw, 300px\" \/><\/a><\/p>\n<p><strong>OTRAS ENTRADAS<\/strong><\/p>\n<div class=\"featuredpost\">\n<div class=\"flow_hide\">\n<h2 class=\"posttitle bigposttitle\"><a title=\"Enlace Permanente a 04\/Nov\/15 18:00 En vivo Daniel Craig y Sam Mendes desde New York Times\" href=\"http:\/\/www.eloriente.net\/home\/2015\/11\/04\/04nov15-1800-en-vivo-daniel-craig-y-sam-mendes-desde-new-york-times\/\" rel=\"bookmark\">04\/Nov\/15 18:00 En vivo Daniel Craig y Sam Mendes desde New York Times<\/a><\/h2>\n<\/div>\n<p>eloriente.net\/NYT 4 de noviembre de 2015 En punto de las 6 de la tarde, hora de M\u00e9xico, las celebridades Daniel Craig y Sam Mendes arribar\u00e1n al habitual escenario\u2026<\/p>\n<p class=\"postmeta\"><span class=\"meta_date\">noviembre 4, 2015<\/span><\/p>\n<div class=\"toolbar-social\"><\/div>\n<\/div>\n<div class=\"featuredpost\">\n<div class=\"flow_hide\">\n<p><a href=\"http:\/\/www.eloriente.net\/home\/2015\/11\/04\/por-que-gobierno-de-espana-no-vio-impedimentos-en-fidel-herrera-como-consul-en-barcelona\/\" rel=\"bookmark\"><img decoding=\"async\" class=\"alignleft\" title=\"\u00bfPor qu\u00e9 gobierno de Espa\u00f1a no vio impedimentos en Fidel Herrera como c\u00f3nsul en Barcelona?\" src=\"http:\/\/www.eloriente.net\/home\/wp-content\/themes\/city-desk\/timthumb.php?src=http%3A%2F%2Fwww.eloriente.net%2Fhome%2Fwp-content%2Fuploads%2F2015%2F11%2FPeriodistasBCNporM%C3%A9xico-3.jpg&amp;q=90&amp;w=70&amp;h=45&amp;zc=1\" alt=\"\u00bfPor qu\u00e9 gobierno de Espa\u00f1a no vio impedimentos en Fidel Herrera como c\u00f3nsul en Barcelona?\" \/><\/a><\/p>\n<h2 class=\"posttitle \"><a title=\"Enlace Permanente a \u00bfPor qu\u00e9 gobierno de Espa\u00f1a no vio impedimentos en Fidel Herrera como c\u00f3nsul en Barcelona?\" href=\"http:\/\/www.eloriente.net\/home\/2015\/11\/04\/por-que-gobierno-de-espana-no-vio-impedimentos-en-fidel-herrera-como-consul-en-barcelona\/\" rel=\"bookmark\">\u00bfPor qu\u00e9 gobierno de Espa\u00f1a no vio impedimentos en Fidel Herrera como c\u00f3nsul en Barcelona?<\/a><\/h2>\n<\/div>\n<p>eloriente.net\/ArleneBayliss 4 de noviembre de 2015 Esta ma\u00f1ana en Barcelona periodistas, activistas y defensores de los derechos humanos, se manifestaron sobre el reciente nombramiento de Fidel Herrera Beltr\u00e1n,\u2026<\/p>\n<p class=\"postmeta\"><span class=\"meta_date\">noviembre 4, 2015<\/span><a class=\"button icon-share\">Compartir<\/a><span class=\"share-count\">18<\/span><\/p>\n<div class=\"toolbar-social\"><\/div>\n<\/div>\n<div class=\"featuredpost\">\n<div class=\"flow_hide\">\n<p><a href=\"http:\/\/www.eloriente.net\/home\/2015\/11\/03\/carme-riera-recibe-el-premio-nacional-de-las-letras-espanolas\/\" rel=\"bookmark\"><img decoding=\"async\" class=\"alignleft\" title=\"Carme Riera recibe el Premio Nacional de las Letras Espa\u00f1olas\" src=\"http:\/\/www.eloriente.net\/home\/wp-content\/themes\/city-desk\/timthumb.php?src=http%3A%2F%2Fwww.eloriente.net%2Fhome%2Fwp-content%2Fuploads%2F2015%2F11%2FCarme-Riera-por-%40RAE.jpg&amp;q=90&amp;w=70&amp;h=45&amp;zc=1\" alt=\"Carme Riera recibe el Premio Nacional de las Letras Espa\u00f1olas\" \/><\/a><\/p>\n<h2 class=\"posttitle \"><a title=\"Enlace Permanente a Carme Riera recibe el Premio Nacional de las Letras Espa\u00f1olas\" href=\"http:\/\/www.eloriente.net\/home\/2015\/11\/03\/carme-riera-recibe-el-premio-nacional-de-las-letras-espanolas\/\" rel=\"bookmark\">Carme Riera recibe el Premio Nacional de las Letras Espa\u00f1olas<\/a><\/h2>\n<\/div>\n<p>(www.eloriente.net, M\u00e9xico, a 03 de noviembre de 2015, por Valery L\u00f3pez).- El Ministerio de Educaci\u00f3n, Cultura y Deporte de Espa\u00f1a, otorg\u00f3 a la escritora, fil\u00f3loga y acad\u00e9mica,\u2026<\/p>\n<p class=\"postmeta\"><span class=\"meta_date\">noviembre 3, 2015<\/span><\/p>\n<\/div>\n\n\t\t\t  <div \n\t\t\t  \tclass = \"fb-comments\" \n\t\t\t  \tdata-href = \"http:\/\/www.eloriente.net\/home\/2015\/11\/04\/el-cineasta-ignacio-ortiz-dara-conferencia-magistral-en-oaxaca\/\"\n\t\t\t  \tdata-numposts = \"10\"\n\t\t\t\tdata-colorscheme = \"dark\"\n\t\t\t\tdata-order-by = \"social\"\n\t\t\t\tdata-mobile=true>\n\t\t\t  <\/div>\n\t\t  <style>\n\t\t\t.fb_iframe_widget_fluid_desktop iframe {\n\t\t\t    width: 100% !important;\n\t\t\t}\n\t\t  <\/style>\n\t\t  ","protected":false},"excerpt":{"rendered":"<p>&nbsp; (www.eloriente.net, M\u00e9xico, a 04 de noviembre de 2015, por OaxacaCine).- OaxacaCine tiene el agrado de invitarlos a la conferencia magistral que impartir\u00e1 el cineasta oaxaque\u00f1o Ignacio Ortiz. Viernes 6 de noviembre | 13:00 horas Centro Cultural San Pablo | Capilla del Rosario Entrada Libre LOS PROCESOS DE LA CREACI\u00d3N CINEMATOGRAFICA: DE LA IDEA A [&hellip;]<\/p>\n","protected":false},"author":37,"featured_media":40190,"comment_status":"open","ping_status":"open","sticky":false,"template":"","format":"standard","meta":{"_jetpack_memberships_contains_paid_content":false,"footnotes":""},"categories":[8,56,11,1588,32,63,464,2703],"tags":[4945,4428,3477,4076,4944,4374,4605,4943,73,2366],"class_list":["post-40183","post","type-post","status-publish","format-standard","has-post-thumbnail","hentry","category-agenda","category-cine","category-colaboradores","category-comunicados-y-boletines","category-entradas","category-estados","category-oaxaca-estados","category-oaxacacine","tag-4o-aniversario","tag-boletin","tag-centro-cultural-san-pablo-2","tag-cine","tag-cineasta","tag-comunicados","tag-conferencia-magistral","tag-ignacio-ortiz","tag-oaxaca","tag-oaxaca-cine"],"jetpack_featured_media_url":"http:\/\/www.eloriente.net\/home\/wp-content\/uploads\/2015\/11\/cuentos-de-hadas-para-dormir-cocodrilos-2.jpg","jetpack_sharing_enabled":true,"_links":{"self":[{"href":"http:\/\/www.eloriente.net\/home\/wp-json\/wp\/v2\/posts\/40183"}],"collection":[{"href":"http:\/\/www.eloriente.net\/home\/wp-json\/wp\/v2\/posts"}],"about":[{"href":"http:\/\/www.eloriente.net\/home\/wp-json\/wp\/v2\/types\/post"}],"author":[{"embeddable":true,"href":"http:\/\/www.eloriente.net\/home\/wp-json\/wp\/v2\/users\/37"}],"replies":[{"embeddable":true,"href":"http:\/\/www.eloriente.net\/home\/wp-json\/wp\/v2\/comments?post=40183"}],"version-history":[{"count":2,"href":"http:\/\/www.eloriente.net\/home\/wp-json\/wp\/v2\/posts\/40183\/revisions"}],"predecessor-version":[{"id":40189,"href":"http:\/\/www.eloriente.net\/home\/wp-json\/wp\/v2\/posts\/40183\/revisions\/40189"}],"wp:featuredmedia":[{"embeddable":true,"href":"http:\/\/www.eloriente.net\/home\/wp-json\/wp\/v2\/media\/40190"}],"wp:attachment":[{"href":"http:\/\/www.eloriente.net\/home\/wp-json\/wp\/v2\/media?parent=40183"}],"wp:term":[{"taxonomy":"category","embeddable":true,"href":"http:\/\/www.eloriente.net\/home\/wp-json\/wp\/v2\/categories?post=40183"},{"taxonomy":"post_tag","embeddable":true,"href":"http:\/\/www.eloriente.net\/home\/wp-json\/wp\/v2\/tags?post=40183"}],"curies":[{"name":"wp","href":"https:\/\/api.w.org\/{rel}","templated":true}]}}