{"id":40253,"date":"2015-11-05T17:03:48","date_gmt":"2015-11-05T23:03:48","guid":{"rendered":"http:\/\/www.eloriente.net\/home\/?p=40253"},"modified":"2015-11-05T17:03:48","modified_gmt":"2015-11-05T23:03:48","slug":"5-actividades-culturales-en-oaxaca-que-no-te-puedes-perder-06-11-de-noviembre","status":"publish","type":"post","link":"http:\/\/www.eloriente.net\/home\/2015\/11\/05\/5-actividades-culturales-en-oaxaca-que-no-te-puedes-perder-06-11-de-noviembre\/","title":{"rendered":"5 actividades culturales en Oaxaca que no te puedes perder (06 \u201311 de noviembre)"},"content":{"rendered":"<p><script src=\"\/\/pagead2.googlesyndication.com\/pagead\/js\/adsbygoogle.js\" async=\"\"><\/script><!-- BANNER ELORIENTE INCRUSTADO NOTAS --> <ins class=\"adsbygoogle\" style=\"display: inline-block; width: 300px; height: 250px;\" data-ad-client=\"ca-pub-1136171134853753\" data-ad-slot=\"7974633627\"><\/ins><script>\/\/ <![CDATA[\n(adsbygoogle = window.adsbygoogle || []).push({});\n\/\/ ]]><\/script><\/p>\n<p>&nbsp;<\/p>\n<p>(www.eloriente.net, M\u00e9xico, a 05 de noviembre de 2015, por Valery L\u00f3pez).-\u00a0Como cada semana, en EL ORIENTE nos dimos a la tarea de buscar las actividades culturales que no puedes dejar pasar en los pr\u00f3ximos d\u00edas. En esta ocasi\u00f3n te presentamos exposiciones, pel\u00edculas extranjeras, conferencias, y festivales.<\/p>\n<p><strong>1.- Conferencia Magistral: \u00abLos procesos de la creaci\u00f3n cinematogr\u00e1fica: De la idea a la pantalla\u00bb<\/strong><\/p>\n<p>OaxacaCine nos invita a la conferencia Magistral\u00a0\u00abLos procesos de la creaci\u00f3n cinematogr\u00e1fica: De la idea a la pantalla\u00bb, la cual ser\u00e1 impartida por el cineasta oaxaque\u00f1o Ignacio Ortiz.<\/p>\n<p>Esta conferencia forma parte de las actividades que OaxacaCine prepar\u00f3 con motivo de la celebraci\u00f3n de su 4\u00ba aniversario, y se realizar\u00e1 el 06 de noviembre a las 13:00 horas en la Capilla del Rosario del Centro Cultural San Pablo, la entrada es totalmente gratuita.<\/p>\n<p><a href=\"http:\/\/www.eloriente.net\/home\/wp-content\/uploads\/2015\/11\/cuentos-de-hadas-para-dormir-cocodrilos-2.jpg\"><img loading=\"lazy\" decoding=\"async\" class=\"alignnone size-full wp-image-40190\" src=\"http:\/\/www.eloriente.net\/home\/wp-content\/uploads\/2015\/11\/cuentos-de-hadas-para-dormir-cocodrilos-2.jpg\" alt=\"cuentos-de-hadas-para-dormir-cocodrilos-2\" width=\"790\" height=\"398\" srcset=\"http:\/\/www.eloriente.net\/home\/wp-content\/uploads\/2015\/11\/cuentos-de-hadas-para-dormir-cocodrilos-2.jpg 790w, http:\/\/www.eloriente.net\/home\/wp-content\/uploads\/2015\/11\/cuentos-de-hadas-para-dormir-cocodrilos-2-300x151.jpg 300w\" sizes=\"(max-width: 790px) 100vw, 790px\" \/><\/a><\/p>\n<p><strong>2.- Exposici\u00f3n \u00abAl Blanco Vivo\u00bb<\/strong><\/p>\n<p>\u00abAL BLANCO VIVO\u00bb es una exposici\u00f3n de cer\u00e1mica a cargo de Judi Ross, quien es una artista multimedia que\u00a0cuenta con una Licenciatura en Bellas Artes del Instituto de Artes de Kansas City\u00a0y una Maestr\u00eda en Bellas Artes de Cranbrook Academy of Art, en Bloomfield Hills, Michigan.<\/p>\n<p>La inauguraci\u00f3n se realizar\u00e1 el 07 de noviembre a las 19:30 horas, en la Biblioteca Andr\u00e9s Henestrosa. Entrada libre.<\/p>\n<p><a href=\"http:\/\/www.eloriente.net\/home\/wp-content\/uploads\/2015\/11\/AL-BLANCO-VIVO-CARTEL-e1446763491957.jpg\"><img loading=\"lazy\" decoding=\"async\" class=\"alignnone size-full wp-image-40254\" src=\"http:\/\/www.eloriente.net\/home\/wp-content\/uploads\/2015\/11\/AL-BLANCO-VIVO-CARTEL-e1446763491957.jpg\" alt=\"AL-BLANCO-VIVO-CARTEL\" width=\"650\" height=\"631\" srcset=\"http:\/\/www.eloriente.net\/home\/wp-content\/uploads\/2015\/11\/AL-BLANCO-VIVO-CARTEL-e1446763491957.jpg 650w, http:\/\/www.eloriente.net\/home\/wp-content\/uploads\/2015\/11\/AL-BLANCO-VIVO-CARTEL-e1446763491957-300x291.jpg 300w, http:\/\/www.eloriente.net\/home\/wp-content\/uploads\/2015\/11\/AL-BLANCO-VIVO-CARTEL-e1446763491957-50x50.jpg 50w\" sizes=\"(max-width: 650px) 100vw, 650px\" \/><\/a><\/p>\n<p><script src=\"\/\/pagead2.googlesyndication.com\/pagead\/js\/adsbygoogle.js\" async=\"\"><\/script><!-- BANNER PEQUE\u00d1O PARA ENTRENOTAS EL ORIENTE --> <ins class=\"adsbygoogle\" style=\"display: inline-block; width: 468px; height: 60px;\" data-ad-client=\"ca-pub-1136171134853753\" data-ad-slot=\"4953536424\"><\/ins><script>\/\/ <![CDATA[\n(adsbygoogle = window.adsbygoogle || []).push({});\n\/\/ ]]><\/script><\/p>\n<p><strong>3.-\u00a0Fiestas de noviembre en Puerto Escondido<\/strong><\/p>\n<p>Las Fiestas de Noviembre en Puerto Escondido 2015 se realizar\u00e1n del 7 a 29 de noviembre y contar\u00e1n\u00a0con un gran n\u00famero de actividades deportivas y culturales.<\/p>\n<p>Dentro de la programaci\u00f3n se destaca el Festival Coste\u00f1o de la Danza (13 y 15), la Carrera Nacional de Motocross (14 y 15), el Torneo Internacional de Pesca Deportiva (20 al 22) y el Torneo Internacional de Surf (26 al 29).<\/p>\n<p>El concierto de inauguraci\u00f3n se realizar\u00e1 el pr\u00f3ximo 07 de noviembre a las 20:00 horas en la Explanada de la Agencia Municipal de Puerto Escondido.<\/p>\n<p><a href=\"http:\/\/www.eloriente.net\/home\/wp-content\/uploads\/2015\/10\/Fiestas-Puerto-Escondido-Nociembre.jpg\"><img loading=\"lazy\" decoding=\"async\" class=\"alignnone size-large wp-image-39960\" src=\"http:\/\/www.eloriente.net\/home\/wp-content\/uploads\/2015\/10\/Fiestas-Puerto-Escondido-Nociembre-683x1024.jpg\" alt=\"Fiestas Puerto Escondido, Nociembre\" width=\"683\" height=\"1024\" srcset=\"http:\/\/www.eloriente.net\/home\/wp-content\/uploads\/2015\/10\/Fiestas-Puerto-Escondido-Nociembre-683x1024.jpg 683w, http:\/\/www.eloriente.net\/home\/wp-content\/uploads\/2015\/10\/Fiestas-Puerto-Escondido-Nociembre-200x300.jpg 200w, http:\/\/www.eloriente.net\/home\/wp-content\/uploads\/2015\/10\/Fiestas-Puerto-Escondido-Nociembre-1024x1536.jpg 1024w, http:\/\/www.eloriente.net\/home\/wp-content\/uploads\/2015\/10\/Fiestas-Puerto-Escondido-Nociembre-900x1350.jpg 900w, http:\/\/www.eloriente.net\/home\/wp-content\/uploads\/2015\/10\/Fiestas-Puerto-Escondido-Nociembre.jpg 1418w\" sizes=\"(max-width: 683px) 100vw, 683px\" \/><\/a><\/p>\n<p><strong>4.-\u00a0Proyecci\u00f3n de Sonenallee<\/strong><\/p>\n<p>Como parte del ciclo \u00abDie Wende: Alemania antes y despu\u00e9s del muro\u00bb, la BS Biblioteca nfantil invita a la proyecci\u00f3n del filme Sonnenallee del director Leander Haussmann, la cual se realizar\u00e1 el pr\u00f3ximo 10 de noviembre a las 19:00 horas en las instalaciones de la biblioteca. La entrada es totalmente gratuita, pero el filme es recomendado para mayores de 18 a\u00f1os<\/p>\n<p>Sonnenallee es una pel\u00edcula alemana que trata sobre un grupo de j\u00f3venes del barrio Sonnenallee en Berl\u00edn. Viven en plena frontera con la Alemania socialista. En Sonnenallee no s\u00f3lo ellos intentan permanecer ajenos a los rigores militares y policiales a los que obliga esta separaci\u00f3n entre las dos Alemanias que vivieron de esta manera durante casi medio siglo; polic\u00edas y familiares hacen lo que pueden por aportar normalidad a una vida caracterizada por un fen\u00f3meno pol\u00edtico que les es ajeno.<\/p>\n<p><a href=\"http:\/\/www.eloriente.net\/home\/wp-content\/uploads\/2015\/11\/Ciclo-Cine-aleman-e1446763621291.jpg\"><img loading=\"lazy\" decoding=\"async\" class=\"alignnone size-full wp-image-40256\" src=\"http:\/\/www.eloriente.net\/home\/wp-content\/uploads\/2015\/11\/Ciclo-Cine-aleman-e1446763621291.jpg\" alt=\"Ciclo Cine aleman\" width=\"750\" height=\"485\" \/><\/a><\/p>\n<p>&nbsp;<\/p>\n<p><strong>5.- Instrumenta Oaxaca 2015<\/strong><\/p>\n<p>L<\/p>\n\n\t\t\t  <div \n\t\t\t  \tclass = \"fb-comments\" \n\t\t\t  \tdata-href = \"http:\/\/www.eloriente.net\/home\/2015\/11\/05\/5-actividades-culturales-en-oaxaca-que-no-te-puedes-perder-06-11-de-noviembre\/\"\n\t\t\t  \tdata-numposts = \"10\"\n\t\t\t\tdata-colorscheme = \"dark\"\n\t\t\t\tdata-order-by = \"social\"\n\t\t\t\tdata-mobile=true>\n\t\t\t  <\/div>\n\t\t  <style>\n\t\t\t.fb_iframe_widget_fluid_desktop iframe {\n\t\t\t    width: 100% !important;\n\t\t\t}\n\t\t  <\/style>\n\t\t  ","protected":false},"excerpt":{"rendered":"<p>&nbsp; (www.eloriente.net, M\u00e9xico, a 05 de noviembre de 2015, por Valery L\u00f3pez).-\u00a0Como cada semana, en EL ORIENTE nos dimos a la tarea de buscar las actividades culturales que no puedes dejar pasar en los pr\u00f3ximos d\u00edas. En esta ocasi\u00f3n te presentamos exposiciones, pel\u00edculas extranjeras, conferencias, y festivales. 1.- Conferencia Magistral: \u00abLos procesos de la creaci\u00f3n [&hellip;]<\/p>\n","protected":false},"author":44,"featured_media":40257,"comment_status":"closed","ping_status":"closed","sticky":false,"template":"","format":"standard","meta":{"_jetpack_memberships_contains_paid_content":false,"footnotes":""},"categories":[8,56,18,32,63,464],"tags":[3257,3648,4982,4984,4983,4943,2903,4985,2694,73,2366,784],"class_list":["post-40253","post","type-post","status-publish","format-standard","has-post-thumbnail","hentry","category-agenda","category-cine","category-educacion-y-cultura","category-entradas","category-estados","category-oaxaca-estados","tag-3257","tag-actividades-culturales","tag-bs-biblioteca-infantil","tag-ceramica","tag-fiestas-puerto-escondido","tag-ignacio-ortiz","tag-instrumenta","tag-judi-ross","tag-noviembre","tag-oaxaca","tag-oaxaca-cine","tag-puerto-escondido"],"jetpack_featured_media_url":"http:\/\/www.eloriente.net\/home\/wp-content\/uploads\/2015\/11\/instrumenta_-e1446763798292.jpg","jetpack_sharing_enabled":true,"_links":{"self":[{"href":"http:\/\/www.eloriente.net\/home\/wp-json\/wp\/v2\/posts\/40253"}],"collection":[{"href":"http:\/\/www.eloriente.net\/home\/wp-json\/wp\/v2\/posts"}],"about":[{"href":"http:\/\/www.eloriente.net\/home\/wp-json\/wp\/v2\/types\/post"}],"author":[{"embeddable":true,"href":"http:\/\/www.eloriente.net\/home\/wp-json\/wp\/v2\/users\/44"}],"replies":[{"embeddable":true,"href":"http:\/\/www.eloriente.net\/home\/wp-json\/wp\/v2\/comments?post=40253"}],"version-history":[{"count":2,"href":"http:\/\/www.eloriente.net\/home\/wp-json\/wp\/v2\/posts\/40253\/revisions"}],"predecessor-version":[{"id":40259,"href":"http:\/\/www.eloriente.net\/home\/wp-json\/wp\/v2\/posts\/40253\/revisions\/40259"}],"wp:featuredmedia":[{"embeddable":true,"href":"http:\/\/www.eloriente.net\/home\/wp-json\/wp\/v2\/media\/40257"}],"wp:attachment":[{"href":"http:\/\/www.eloriente.net\/home\/wp-json\/wp\/v2\/media?parent=40253"}],"wp:term":[{"taxonomy":"category","embeddable":true,"href":"http:\/\/www.eloriente.net\/home\/wp-json\/wp\/v2\/categories?post=40253"},{"taxonomy":"post_tag","embeddable":true,"href":"http:\/\/www.eloriente.net\/home\/wp-json\/wp\/v2\/tags?post=40253"}],"curies":[{"name":"wp","href":"https:\/\/api.w.org\/{rel}","templated":true}]}}