{"id":40261,"date":"2015-11-06T01:01:14","date_gmt":"2015-11-06T07:01:14","guid":{"rendered":"http:\/\/www.eloriente.net\/home\/?p=40261"},"modified":"2015-12-01T11:50:11","modified_gmt":"2015-12-01T17:50:11","slug":"consulta-integra-la-iniciativa-federal-que-crearia-la-secretaria-de-cultura","status":"publish","type":"post","link":"http:\/\/www.eloriente.net\/home\/2015\/11\/06\/consulta-integra-la-iniciativa-federal-que-crearia-la-secretaria-de-cultura\/","title":{"rendered":"Consulta \u00edntegra la Iniciativa federal que crear\u00eda la Secretar\u00eda de Cultura"},"content":{"rendered":"<p><script src=\"\/\/pagead2.googlesyndication.com\/pagead\/js\/adsbygoogle.js\" async=\"\"><\/script><!-- BANNER ELORIENTE INCRUSTADO NOTAS --> <ins class=\"adsbygoogle\" style=\"display: inline-block; width: 300px; height: 250px;\" data-ad-client=\"ca-pub-1136171134853753\" data-ad-slot=\"7974633627\"><\/ins><script>\/\/ <![CDATA[\n(adsbygoogle = window.adsbygoogle || []).push({});\n\/\/ ]]><\/script><\/p>\n<p>&nbsp;<\/p>\n<p>(www.eloriente.net, M\u00e9xico, a 05 de noviembre de 2015, por Valery L\u00f3pez).- El pasado 7 septiembre, el presidente Enrique Pe\u00f1a Nieto, envi\u00f3 a la mesa directiva de la C\u00e1mara de Diputados una iniciativa, la cual, entre otras cosas, estipula la creaci\u00f3n de la Secretar\u00eda de Cultura.<\/p>\n<p>La propuesta, de 40 p\u00e1ginas, plantea que se reformar\u00e1n, adicionar\u00e1n o derogar\u00e1n diversas disposiciones como la Ley Org\u00e1nica de la Administraci\u00f3n P\u00fablica Federal, pero tambi\u00e9n otras como la Ley de Fomento para la Lectura y el Libro, de Cooperaci\u00f3n Internacional para el Desarrollo, Turismo, Bienes Nacionales, la org\u00e1nica del Instituto Nacional de Antropolog\u00eda e Historia (INAH) y la que crea el Instituto Nacional de Bellas Artes (INBA).<\/p>\n<p><script src=\"\/\/pagead2.googlesyndication.com\/pagead\/js\/adsbygoogle.js\" async=\"\"><\/script><!-- BANNER PEQUE\u00d1O PARA ENTRENOTAS EL ORIENTE --> <ins class=\"adsbygoogle\" style=\"display: inline-block; width: 468px; height: 60px;\" data-ad-client=\"ca-pub-1136171134853753\" data-ad-slot=\"4953536424\"><\/ins><script>\/\/ <![CDATA[\n(adsbygoogle = window.adsbygoogle || []).push({});\n\/\/ ]]><\/script><\/p>\n<p>Este proyecto ha causado cierta pol\u00e9mica en la comunidad cultural debido, entre otras cosas, a que el documento plantear\u00eda que la creaci\u00f3n de la Secretar\u00eda implicar\u00e1 que el INAH y el INBA sean sometidos a su coordinaci\u00f3n. Adem\u00e1s se argumenta que se abrir\u00eda la puerta a la &#8216;privatizaci\u00f3n&#8217; de zonas arqueol\u00f3gicas.<\/p>\n<p>Actualmente la C\u00e1mara de Diputados se encuentra en discusiones sobre la aprobaci\u00f3n o no de \u00e9sta nueva iniciativa.<\/p>\n<p>A continuaci\u00f3n, presentamos de manera \u00edntegra el documento de 40 p\u00e1ginas para quien tenga inter\u00e9s en consultarlo.<\/p>\n<p><iframe loading=\"lazy\" src=\"\/\/e.issuu.com\/embed.html#5422719\/31164636\" width=\"525\" height=\"340\" frameborder=\"0\" allowfullscreen=\"allowfullscreen\"><\/iframe><\/p>\n<p>&nbsp;<\/p>\n<p><a href=\"http:\/\/www.eloriente.net\/home\/wp-content\/uploads\/2015\/11\/Museo-Nacioanl-de-Antropolog\u00eda-e-Historia.jpg\"><img loading=\"lazy\" decoding=\"async\" class=\"alignnone size-medium wp-image-40264\" src=\"http:\/\/www.eloriente.net\/home\/wp-content\/uploads\/2015\/11\/Museo-Nacioanl-de-Antropolog\u00eda-e-Historia-300x169.jpg\" alt=\"Museo Nacioanl de Antropolog\u00eda e Historia\" width=\"300\" height=\"169\" srcset=\"http:\/\/www.eloriente.net\/home\/wp-content\/uploads\/2015\/11\/Museo-Nacioanl-de-Antropolog\u00eda-e-Historia-300x169.jpg 300w, http:\/\/www.eloriente.net\/home\/wp-content\/uploads\/2015\/11\/Museo-Nacioanl-de-Antropolog\u00eda-e-Historia-1024x576.jpg 1024w, http:\/\/www.eloriente.net\/home\/wp-content\/uploads\/2015\/11\/Museo-Nacioanl-de-Antropolog\u00eda-e-Historia-900x506.jpg 900w, http:\/\/www.eloriente.net\/home\/wp-content\/uploads\/2015\/11\/Museo-Nacioanl-de-Antropolog\u00eda-e-Historia.jpg 2048w\" sizes=\"(max-width: 300px) 100vw, 300px\" \/><\/a><\/p>\n<p><strong>OTRAS ENTRADAS<\/strong><\/p>\n<div class=\"featuredpost\">\n<div class=\"flow_hide\">\n<h2 class=\"posttitle bigposttitle\"><a title=\"Enlace Permanente a Aret\u00e9 Digital: Reporte sobre gesti\u00f3n cultural, noviembre 2015\" href=\"http:\/\/www.eloriente.net\/home\/2015\/11\/05\/arete-digital-reporte-sobre-gestion-cultural-noviembre-2015\/\" rel=\"bookmark\">Aret\u00e9 Digital: Reporte sobre gesti\u00f3n cultural, noviembre 2015<\/a><\/h2>\n<\/div>\n<p>(www.eloriente.net, M\u00e9xico, 05 de noviembre de 2015).-\u00a0La Asociaci\u00f3n Espa\u00f1ola de Gestores de Patrimonio Cultural (AEGPC) public\u00f3 su reporte mensual sobre gesti\u00f3n cultural, Aret\u00e9 Digital, noviembre 2015, en\u2026<\/p>\n<p class=\"postmeta\"><span class=\"meta_date\">noviembre 5, 2015<\/span><\/p>\n<div class=\"toolbar-social\"><\/div>\n<\/div>\n<div class=\"featuredpost\">\n<div class=\"flow_hide\">\n<p><a href=\"http:\/\/www.eloriente.net\/home\/2015\/11\/05\/revela-seleccion-nacional-de-futbol-lista-para-eliminatorias-mundialistas\/\" rel=\"bookmark\"><img decoding=\"async\" class=\"alignleft\" title=\"Revela Selecci\u00f3n Nacional de Futbol lista para Eliminatorias Mundialistas\" src=\"http:\/\/www.eloriente.net\/home\/wp-content\/themes\/city-desk\/timthumb.php?src=http%3A%2F%2Fwww.eloriente.net%2Fhome%2Fwp-content%2Fuploads%2F2015%2F11%2FSELECCION-MEXICANA-Femexfut.jpg&amp;q=90&amp;w=70&amp;h=45&amp;zc=1\" alt=\"Revela Selecci\u00f3n Nacional de Futbol lista para Eliminatorias Mundialistas\" \/><\/a><\/p>\n<h2 class=\"posttitle \"><a title=\"Enlace Permanente a Revela Selecci\u00f3n Nacional de Futbol lista para Eliminatorias Mundialistas\" href=\"http:\/\/www.eloriente.net\/home\/2015\/11\/05\/revela-seleccion-nacional-de-futbol-lista-para-eliminatorias-mundialistas\/\" rel=\"bookmark\">Revela Selecci\u00f3n Nacional de Futbol lista para Eliminatorias Mundialistas<\/a><\/h2>\n<\/div>\n<p>eloriente.net\/FEMEXFUT 5 de noviembre de 2015 La Direcci\u00f3n de Selecciones Nacionales da a conocer la lista de los jugadores que han sido convocados por el Director T\u00e9cnico, Juan\u2026<\/p>\n<p class=\"postmeta\"><span class=\"meta_date\">noviembre 5, 2015<\/span><\/p>\n<div class=\"toolbar-social\"><\/div>\n<\/div>\n<div class=\"featuredpost\">\n<div class=\"flow_hide\">\n<p><a href=\"http:\/\/www.eloriente.net\/home\/2015\/11\/05\/latinoamericanos-prefieren-video-digital-sobre-tv-tradicional\/\" rel=\"bookmark\"><img decoding=\"async\" class=\"alignleft\" title=\"Latinoamericanos prefieren video digital sobre TV tradicional\" src=\"http:\/\/www.eloriente.net\/home\/wp-content\/themes\/city-desk\/timthumb.php?src=http%3A%2F%2Fwww.eloriente.net%2Fhome%2Fwp-content%2Fuploads%2F2015%2F11%2FNetflix-smartphone-por-%40shardayyy.jpg&amp;q=90&amp;w=70&amp;h=45&amp;zc=1\" alt=\"Latinoamericanos prefieren video digital sobre TV tradicional\" \/><\/a><\/p>\n<h2 class=\"posttitle \"><a title=\"Enlace Permanente a Latinoamericanos prefieren video digital sobre TV tradicional\" href=\"http:\/\/www.eloriente.net\/home\/2015\/11\/05\/latinoamericanos-prefieren-video-digital-sobre-tv-tradicional\/\" rel=\"bookmark\">Latinoamericanos prefieren video digital sobre TV tradicional<\/a><\/h2>\n<\/div>\n<p>(www.eloriente.net, M\u00e9xico, a 05 de noviembre de 2015, por Valery L\u00f3pez).- El d\u00eda de ayer fueron liberados los resultados del estudio IMS Video in LATAM, investigaci\u00f3n realizada\u2026<\/p>\n<p class=\"postmeta\"><span class=\"meta_date\">noviembre 5, 2015<\/span><\/p>\n<\/div>\n\n\t\t\t  <div \n\t\t\t  \tclass = \"fb-comments\" \n\t\t\t  \tdata-href = \"http:\/\/www.eloriente.net\/home\/2015\/11\/06\/consulta-integra-la-iniciativa-federal-que-crearia-la-secretaria-de-cultura\/\"\n\t\t\t  \tdata-numposts = \"10\"\n\t\t\t\tdata-colorscheme = \"dark\"\n\t\t\t\tdata-order-by = \"social\"\n\t\t\t\tdata-mobile=true>\n\t\t\t  <\/div>\n\t\t  <style>\n\t\t\t.fb_iframe_widget_fluid_desktop iframe {\n\t\t\t    width: 100% !important;\n\t\t\t}\n\t\t  <\/style>\n\t\t  ","protected":false},"excerpt":{"rendered":"<p>&nbsp; (www.eloriente.net, M\u00e9xico, a 05 de noviembre de 2015, por Valery L\u00f3pez).- El pasado 7 septiembre, el presidente Enrique Pe\u00f1a Nieto, envi\u00f3 a la mesa directiva de la C\u00e1mara de Diputados una iniciativa, la cual, entre otras cosas, estipula la creaci\u00f3n de la Secretar\u00eda de Cultura. La propuesta, de 40 p\u00e1ginas, plantea que se reformar\u00e1n, [&hellip;]<\/p>\n","protected":false},"author":44,"featured_media":40264,"comment_status":"open","ping_status":"open","sticky":false,"template":"","format":"standard","meta":{"_jetpack_memberships_contains_paid_content":false,"footnotes":""},"categories":[91,32,10,24,21],"tags":[2830,241,4988,4986,1896,4987],"class_list":["post-40261","post","type-post","status-publish","format-standard","has-post-thumbnail","hentry","category-congreso-y-justicia","category-entradas","category-lo-mas-reciente","category-mexico-y-el-mundo","category-politica-y-gobierno","tag-camara-de-diputados","tag-cultura","tag-iniciativa-federal","tag-ley-de-cultura","tag-proyecto","tag-secretaria-de-cultura"],"jetpack_featured_media_url":"http:\/\/www.eloriente.net\/home\/wp-content\/uploads\/2015\/11\/Museo-Nacioanl-de-Antropolog\u00eda-e-Historia.jpg","jetpack_sharing_enabled":true,"_links":{"self":[{"href":"http:\/\/www.eloriente.net\/home\/wp-json\/wp\/v2\/posts\/40261"}],"collection":[{"href":"http:\/\/www.eloriente.net\/home\/wp-json\/wp\/v2\/posts"}],"about":[{"href":"http:\/\/www.eloriente.net\/home\/wp-json\/wp\/v2\/types\/post"}],"author":[{"embeddable":true,"href":"http:\/\/www.eloriente.net\/home\/wp-json\/wp\/v2\/users\/44"}],"replies":[{"embeddable":true,"href":"http:\/\/www.eloriente.net\/home\/wp-json\/wp\/v2\/comments?post=40261"}],"version-history":[{"count":6,"href":"http:\/\/www.eloriente.net\/home\/wp-json\/wp\/v2\/posts\/40261\/revisions"}],"predecessor-version":[{"id":41057,"href":"http:\/\/www.eloriente.net\/home\/wp-json\/wp\/v2\/posts\/40261\/revisions\/41057"}],"wp:featuredmedia":[{"embeddable":true,"href":"http:\/\/www.eloriente.net\/home\/wp-json\/wp\/v2\/media\/40264"}],"wp:attachment":[{"href":"http:\/\/www.eloriente.net\/home\/wp-json\/wp\/v2\/media?parent=40261"}],"wp:term":[{"taxonomy":"category","embeddable":true,"href":"http:\/\/www.eloriente.net\/home\/wp-json\/wp\/v2\/categories?post=40261"},{"taxonomy":"post_tag","embeddable":true,"href":"http:\/\/www.eloriente.net\/home\/wp-json\/wp\/v2\/tags?post=40261"}],"curies":[{"name":"wp","href":"https:\/\/api.w.org\/{rel}","templated":true}]}}