{"id":40610,"date":"2015-11-12T09:53:38","date_gmt":"2015-11-12T15:53:38","guid":{"rendered":"http:\/\/www.eloriente.net\/home\/?p=40610"},"modified":"2015-11-12T10:55:53","modified_gmt":"2015-11-12T16:55:53","slug":"oaxaca-un-continente-juquila-por-angel-osorio","status":"publish","type":"post","link":"http:\/\/www.eloriente.net\/home\/2015\/11\/12\/oaxaca-un-continente-juquila-por-angel-osorio\/","title":{"rendered":"Oaxaca, Un Continente: Juquila, por \u00c1ngel Osorio"},"content":{"rendered":"<p><script src=\"\/\/pagead2.googlesyndication.com\/pagead\/js\/adsbygoogle.js\" async=\"\"><\/script><!-- BANNER ELORIENTE INCRUSTADO NOTAS --> <ins class=\"adsbygoogle\" style=\"display: inline-block; width: 300px; height: 250px;\" data-ad-client=\"ca-pub-1136171134853753\" data-ad-slot=\"7974633627\"><\/ins><script>\/\/ <![CDATA[\n(adsbygoogle = window.adsbygoogle || []).push({});\n\/\/ ]]><\/script><br \/>\n(<a href=\"http:\/\/www.eloriente.net\" target=\"_blank\">www.eloriente.net<\/a>, M\u00e9xico, 12 de noviembre de 2015. Por: \u00c1ngel Osorio @senderosoax).-\u00a0<span class=\"s1\">El recinto de la Virgen de Juquila recibe al a\u00f1o, seg\u00fan datos de la Secretar\u00eda de Turismo y Desarrollo Econ\u00f3mico (STYDE), 2.5 millones de visitantes anuales, convirti\u00e9ndose en uno de los 4 santuarios religiosos con mayores visitas en M\u00e9xico.*<\/span><\/p>\n<p class=\"p1\"><span class=\"s1\">La cifra es astron\u00f3mica y ciertamente implica derrama econ\u00f3mica y un potencial interesante, sin embargo, el reto de convertir visitante en turista es grande e implica un tramo largo por recorrer. <\/span><\/p>\n<p class=\"p1\"><span class=\"s1\">Quien ha visto pasar a los peregrinos que van a Juquila, descubre un peculiar sistema de viaje.<span class=\"Apple-converted-space\">\u00a0 <\/span>Motivados por la fe, los viajeros se trasladan en su gran mayor\u00eda en veh\u00edculos colectivos, camionetas o camiones de carga identificados con la imagen de la Virgen de Juquila al frente. El transporte es al tiempo hospedaje y restaurante.<span class=\"Apple-converted-space\">\u00a0 <\/span>Algunos organizan caminatas o carreras, por tramos van a pie o en bicicleta recorriendo el camino y cuando han cumplido su cuota regresan a su veh\u00edculo.<span class=\"Apple-converted-space\">\u00a0 <\/span>As\u00ed pueden pasar varios d\u00edas desde el lugar de origen, pues el peregrino tiene una motivaci\u00f3n casi \u00fanica: llegar al santuario.<span class=\"Apple-converted-space\">\u00a0 \u00a0<\/span><\/span><\/p>\n<p class=\"p1\"><span class=\"s1\">Una vez que el peregrino ha cumplido con su visita al centro de su devoci\u00f3n, parte casi de inmediato y aqu\u00ed radica el reto y el tramo por recorrer, pues la estancia en el lugar es breve y en t\u00e9rminos brutos la pernocta es limitada, el peregrino casi no pernocta en el lugar del santuario, Juquila en este caso.<span class=\"Apple-converted-space\">\u00a0 <\/span>Es por esto que Juquila no aparece como tal como en los destinos que registran ocupaci\u00f3n en el estado de Oaxaca, Juquila se incluye en \u201cResto del Estado\u201d ** seg\u00fan los propios indicadores de STYDE.<\/span><\/p>\n<p class=\"p1\"><span class=\"s1\">La semana pasada se inaugur\u00f3 oficialmente la Ruta de la Fe, declarando una inversi\u00f3n de 220 millones de pesos, mismos que incluyen trabajos de mejora al acceso, sobre todo el tramo \u201cEl Vidrio- Juquila\u201d que absorbi\u00f3 129 millones de este monto.<span class=\"Apple-converted-space\">\u00a0 <\/span>El resto se invirti\u00f3 en mejoramiento de la imagen urbana en los municipios incluidos en la Ruta y capacitaci\u00f3n a peque\u00f1as y medianas empresas de la regi\u00f3n.<\/span><\/p>\n<p class=\"p1\"><span class=\"s1\">Zimatl\u00e1n de \u00c1lvarez, San Pablo Huixtepec, Ayoquezco de Aldama, San Sebasti\u00e1n de las Grutas, Villa Sola de Vega, San Pedro Juchatengo y Santa Catarina Juquila son los municipios incluidos en la denominada \u201cRuta de la Fe\u201d.<span class=\"Apple-converted-space\">\u00a0 \u00a0<\/span><\/span><\/p>\n<p class=\"p1\"><span class=\"s1\">\u00bfLograr\u00e1 la Ruta de la Fe impactar en la din\u00e1mica de los peregrinos y convertir visitantes en turistas? Al tiempo.<\/span><\/p>\n<p class=\"p2\"><span class=\"s1\">STYDE Comunicado http:\/\/www.styde.oaxaca.gob.mx\/node\/228<\/span><\/p>\n<p class=\"p3\"><span class=\"s1\">** STYDE Indicadores tur\u00edsticos http:\/\/www.styde.oaxaca.gob.mx\/sites\/www.styde.oaxaca.gob.mx\/pdf\/cierre_indicadores_actividad_turistica_2014.pdf<\/span><\/p>\n<p>&nbsp;<\/p>\n<figure id=\"attachment_40611\" aria-describedby=\"caption-attachment-40611\" style=\"width: 872px\" class=\"wp-caption alignnone\"><a href=\"http:\/\/www.eloriente.net\/home\/wp-content\/uploads\/2015\/11\/Juquila-CC-Enrique-Lopez-Tamayo.jpg\"><img loading=\"lazy\" decoding=\"async\" class=\"size-full wp-image-40611\" src=\"http:\/\/www.eloriente.net\/home\/wp-content\/uploads\/2015\/11\/Juquila-CC-Enrique-Lopez-Tamayo.jpg\" alt=\"Santuario Nuestra Se\u00f1ora de Juquila,Santa Catarina Juquila,Estado de Oaxaca,M\u00e9xico\" width=\"872\" height=\"657\" srcset=\"http:\/\/www.eloriente.net\/home\/wp-content\/uploads\/2015\/11\/Juquila-CC-Enrique-Lopez-Tamayo.jpg 872w, http:\/\/www.eloriente.net\/home\/wp-content\/uploads\/2015\/11\/Juquila-CC-Enrique-Lopez-Tamayo-300x226.jpg 300w\" sizes=\"(max-width: 872px) 100vw, 872px\" \/><\/a><figcaption id=\"caption-attachment-40611\" class=\"wp-caption-text\">Santuario Nuestra Se\u00f1ora de Juquila,Santa Catarina Juquila,Estado de Oaxaca,M\u00e9xico<\/figcaption><\/figure>\n<p><script src=\"\/\/pagead2.googlesyndication.com\/pagead\/js\/adsbygoogle.js\" async=\"\"><\/script><!-- BANNER PEQUE\u00d1O PARA ENTRENOTAS EL ORIENTE --> <ins class=\"adsbygoogle\" style=\"display: inline-block; width: 468px; height: 60px;\" data-ad-client=\"ca-pub-1136171134853753\" data-ad-slot=\"4953536424\"><\/ins><script>\/\/ <![CDATA[\n(adsbygoogle = window.adsbygoogle || []).push({});\n\/\/ ]]><\/script><\/p>\n<p><a class=\"owner-name truncate\" title=\"Ir a la galer\u00eda de Enrique L\u00f3pez-Tamayo Biosca\" href=\"https:\/\/www.flickr.com\/photos\/eltb\/\" data-track=\"attributionNameClick\" data-rapid_p=\"33\">Enrique L\u00f3pez-Tamayo B<\/a><\/p>\n<p><strong>OTRAS ENTRADAS:<\/strong><\/p>\n<div class=\"featuredpost\">\n<p><a href=\"http:\/\/www.eloriente.net\/home\/2015\/11\/05\/diez-balazos-puntuales-de-henry-miller-por-mauricio-montiel\/\" rel=\"bookmark\"><img decoding=\"async\" class=\"alignleft\" title=\"Diez balazos puntuales de Henry Miller, por Mauricio Montiel\" src=\"http:\/\/www.eloriente.net\/home\/wp-content\/themes\/city-desk\/timthumb.php?src=http%3A%2F%2Fwww.eloriente.net%2Fhome%2Fwp-content%2Fuploads%2F2015%2F11%2FHenry-Miller.jpg&amp;q=90&amp;w=90&amp;h=83&amp;zc=1\" alt=\"Diez balazos puntuales de Henry Miller, por Mauricio Montiel\" \/><\/a><\/p>\n<h2 class=\"posttitle \"><a title=\"Enlace Permanente a Diez balazos puntuales de Henry Miller, por Mauricio Montiel\" href=\"http:\/\/www.eloriente.net\/home\/2015\/11\/05\/diez-balazos-puntuales-de-henry-miller-por-mauricio-montiel\/\" rel=\"bookmark\">Diez balazos puntuales de Henry Miller, por Mauricio Montiel<\/a><\/h2>\n<p>eloriente.net\/@Elhombredetweed (Cuenta creada y administrada por Mauricio Montiel Figueiras, escritor mexicano) 05 de noviembre de 2015 \u00a0 [1. Hay que dar un\u2026<\/p>\n<p class=\"postmeta\"><span class=\"meta_date\">noviembre 5, 2015<\/span><\/p>\n<div class=\"toolbar-social\">\n<div class=\"social-widget\">\n<div id=\"sharing-widget\"><a class=\"button icon-share\">Compartir<\/a><span class=\"share-count\">5<\/span><\/div>\n<\/div>\n<\/div>\n<\/div>\n<div class=\"featuredpost\">\n<p><a href=\"http:\/\/www.eloriente.net\/home\/2015\/11\/04\/en-5-anos-se-generaron-35585-empleos-formales-en-oaxaca\/\" rel=\"bookmark\"><img decoding=\"async\" class=\"alignleft\" title=\"En 5 a\u00f1os se generaron 35,585 empleos formales en Oaxaca\" src=\"http:\/\/www.eloriente.net\/home\/wp-content\/themes\/city-desk\/timthumb.php?src=http%3A%2F%2Fwww.eloriente.net%2Fhome%2Fwp-content%2Fuploads%2F2015%2F11%2FOaxaca-catedral-noche.jpg&amp;q=90&amp;w=90&amp;h=83&amp;zc=1\" alt=\"En 5 a\u00f1os se generaron 35,585 empleos formales en Oaxaca\" \/><\/a><\/p>\n<h2 class=\"posttitle \"><a title=\"Enlace Permanente a En 5 a\u00f1os se generaron 35,585 empleos formales en Oaxaca\" href=\"http:\/\/www.eloriente.net\/home\/2015\/11\/04\/en-5-anos-se-generaron-35585-empleos-formales-en-oaxaca\/\" rel=\"bookmark\">En 5 a\u00f1os se generaron 35,585 empleos formales en Oaxaca<\/a><\/h2>\n<p>(www.eloriente.net, M\u00e9xico, a 04 de noviembre de 2015, por Valery L\u00f3pez).- El Gobierno del Estado de Oaxaca y la Secretar\u00eda de Turismo\u2026<\/p>\n<p class=\"postmeta\"><span class=\"meta_date\">noviembre 4, 2015<\/span><\/p>\n<div class=\"toolbar-social\">\n<div class=\"social-widget\">\n<div id=\"sharing-widget\"><a class=\"button icon-share\">Compartir<\/a><span class=\"share-count\">13<\/span><\/div>\n<\/div>\n<\/div>\n<\/div>\n\n\t\t\t  <div \n\t\t\t  \tclass = \"fb-comments\" \n\t\t\t  \tdata-href = \"http:\/\/www.eloriente.net\/home\/2015\/11\/12\/oaxaca-un-continente-juquila-por-angel-osorio\/\"\n\t\t\t  \tdata-numposts = \"10\"\n\t\t\t\tdata-colorscheme = \"dark\"\n\t\t\t\tdata-order-by = \"social\"\n\t\t\t\tdata-mobile=true>\n\t\t\t  <\/div>\n\t\t  <style>\n\t\t\t.fb_iframe_widget_fluid_desktop iframe {\n\t\t\t    width: 100% !important;\n\t\t\t}\n\t\t  <\/style>\n\t\t  ","protected":false},"excerpt":{"rendered":"<p>(www.eloriente.net, M\u00e9xico, 12 de noviembre de 2015. Por: \u00c1ngel Osorio @senderosoax).-\u00a0El recinto de la Virgen de Juquila recibe al a\u00f1o, seg\u00fan datos de la Secretar\u00eda de Turismo y Desarrollo Econ\u00f3mico (STYDE), 2.5 millones de visitantes anuales, convirti\u00e9ndose en uno de los 4 santuarios religiosos con mayores visitas en M\u00e9xico.* La cifra es astron\u00f3mica y ciertamente [&hellip;]<\/p>\n","protected":false},"author":40,"featured_media":6847,"comment_status":"open","ping_status":"open","sticky":false,"template":"","format":"standard","meta":{"_jetpack_memberships_contains_paid_content":false,"footnotes":""},"categories":[2435,3387,11,32,63,464,31,19],"tags":[5023,3084,4998,109,1682],"class_list":["post-40610","post","type-post","status-publish","format-standard","has-post-thumbnail","hentry","category-miercolesdeeconomia","category-angel-osorio-morales","category-colaboradores","category-entradas","category-estados","category-oaxaca-estados","category-principal","category-turismo-y-negocios","tag-itinerarios-turisticos","tag-juquila","tag-rutas-turisticas","tag-turismo","tag-turismo-oaxaca"],"jetpack_featured_media_url":"http:\/\/www.eloriente.net\/home\/wp-content\/uploads\/2013\/01\/IMG_3000.jpg","jetpack_sharing_enabled":true,"_links":{"self":[{"href":"http:\/\/www.eloriente.net\/home\/wp-json\/wp\/v2\/posts\/40610"}],"collection":[{"href":"http:\/\/www.eloriente.net\/home\/wp-json\/wp\/v2\/posts"}],"about":[{"href":"http:\/\/www.eloriente.net\/home\/wp-json\/wp\/v2\/types\/post"}],"author":[{"embeddable":true,"href":"http:\/\/www.eloriente.net\/home\/wp-json\/wp\/v2\/users\/40"}],"replies":[{"embeddable":true,"href":"http:\/\/www.eloriente.net\/home\/wp-json\/wp\/v2\/comments?post=40610"}],"version-history":[{"count":2,"href":"http:\/\/www.eloriente.net\/home\/wp-json\/wp\/v2\/posts\/40610\/revisions"}],"predecessor-version":[{"id":40624,"href":"http:\/\/www.eloriente.net\/home\/wp-json\/wp\/v2\/posts\/40610\/revisions\/40624"}],"wp:featuredmedia":[{"embeddable":true,"href":"http:\/\/www.eloriente.net\/home\/wp-json\/wp\/v2\/media\/6847"}],"wp:attachment":[{"href":"http:\/\/www.eloriente.net\/home\/wp-json\/wp\/v2\/media?parent=40610"}],"wp:term":[{"taxonomy":"category","embeddable":true,"href":"http:\/\/www.eloriente.net\/home\/wp-json\/wp\/v2\/categories?post=40610"},{"taxonomy":"post_tag","embeddable":true,"href":"http:\/\/www.eloriente.net\/home\/wp-json\/wp\/v2\/tags?post=40610"}],"curies":[{"name":"wp","href":"https:\/\/api.w.org\/{rel}","templated":true}]}}