{"id":40669,"date":"2015-11-13T15:09:01","date_gmt":"2015-11-13T21:09:01","guid":{"rendered":"http:\/\/www.eloriente.net\/home\/?p=40669"},"modified":"2015-11-13T22:43:05","modified_gmt":"2015-11-14T04:43:05","slug":"director-preconjaguarh-el-jaguar-una-especie-fundamental-para-oaxaca","status":"publish","type":"post","link":"http:\/\/www.eloriente.net\/home\/2015\/11\/13\/director-preconjaguarh-el-jaguar-una-especie-fundamental-para-oaxaca\/","title":{"rendered":"PRECONJAGUARH: \u00abEl jaguar, una especie fundamental para Oaxaca\u00bb"},"content":{"rendered":"<p><script src=\"\/\/pagead2.googlesyndication.com\/pagead\/js\/adsbygoogle.js\" async=\"\"><\/script><!-- BANNER ELORIENTE INCRUSTADO NOTAS --> <ins class=\"adsbygoogle\" style=\"display: inline-block; width: 300px; height: 250px;\" data-ad-client=\"ca-pub-1136171134853753\" data-ad-slot=\"7974633627\"><\/ins><script>\/\/ <![CDATA[\n(adsbygoogle = window.adsbygoogle || []).push({});\n\/\/ ]]><\/script><\/p>\n<p>&nbsp;<\/p>\n<p>(www.eloriente.net, M\u00e9xico, a 13 de noviembre de 2015, por Valery L\u00f3pez).- Dentro del marco del Quinto Foro por la Conservaci\u00f3n del Jaguar realizado en Oaxaca desde el pasado 11 de noviembre, expertos del tema, provenientes del estado y de otras partes de la Rep\u00fablica Mexicana, hablaron sobre la importancia de la preservaci\u00f3n de este felino que se encuentra en peligro de extinci\u00f3n.<\/p>\n<p>Alfonso Aquino Mondrag\u00f3n, Director de PRECONJAGUARH A.C.,\u00a0organizaci\u00f3n que trabaja desde hace 20 a\u00f1os en el proceso de conservaci\u00f3n sustentable del jaguar, mencion\u00f3 que dicho felino \u00abno es un simple esp\u00e9cimen m\u00e1s de la fauna silvestre mexicana, sino que es una especie fundamental, una especie indicadora ecol\u00f3gicamente muy importante, que ayuda a monitorear\u00a0el estado de salud de los ecosistemas\u00bb.<\/p>\n<p>Pero no s\u00f3lo eso, de acuerdo con Aquino Mondrag\u00f3n, el jaguar es un elemento fundamental tambi\u00e9n para la historia cultural del estado.<\/p>\n<p>\u00abEl jaguar \u00a0ha representado para el estado de Oaxaca, culturalmente un icono, un emblema, una especie fundamental en la historia de las culturas \u00e9tnicas del estado, tenemos registros de presencia de jaguar desde el pleistoceno. La prueba de que Oaxaca ha sido su casa desde hace muchos a\u00f1os est\u00e1 en la pintura que se encuentra ubicada en la cueva de Los Machines, del \u00e1rea natural protegida de Yagul Mitla.\u00bb, dijo el director de PRECONJAGUARH, en entrevista para EL ORIENTE.<\/p>\n<p><script src=\"\/\/pagead2.googlesyndication.com\/pagead\/js\/adsbygoogle.js\" async=\"\"><\/script><!-- BANNER PEQUE\u00d1O PARA ENTRENOTAS EL ORIENTE --> <ins class=\"adsbygoogle\" style=\"display: inline-block; width: 468px; height: 60px;\" data-ad-client=\"ca-pub-1136171134853753\" data-ad-slot=\"4953536424\"><\/ins><script>\/\/ <![CDATA[\n(adsbygoogle = window.adsbygoogle || []).push({});\n\/\/ ]]><\/script><\/p>\n<p>El Quinto Foro para la Conservaci\u00f3n del Jaguar, realizado del 11 al 13 de noviembre en el CECAT de la Universidad del Mar, campus Oaxaca, se lleva a cabo con el fin de intercambiar ideas y dar a conocer resultados en cuanto a la conservaci\u00f3n del jaguar.<\/p>\n<p>De igual forma es una invitaci\u00f3n a la sociedad civil y a los j\u00f3venes, para que se acerquen y conozcan m\u00e1s de este maravilloso felino y de su importancia dentro del ecosistema.<\/p>\n<p>En ese sentido, el bi\u00f3logo, y miembro del comit\u00e9 organizador, Antonio S\u00e1nchez, mencion\u00f3 que el jaguar puede ser un elemento m\u00e1s en la lucha contra el cambio clim\u00e1tico, pues para la preservaci\u00f3n del mismo se requieren una gran cantidad de terreno (100 kil\u00f3metros por macho aproximadamente) que est\u00e9 cubierto por vegetaci\u00f3n, que cuente con presas y agua, y que tenga poca o nula presencia humana. Esto nos obliga, dijo, a recuperar, restaurar y mantener recursos que nos benefician a todos.<\/p>\n<p>Por su parte, Juan Pablo Silva, t\u00e9cnico jaliscience que lleva un proyecto de conservaci\u00f3n de felinos en cautiverio, dijo que es necesario que la sociedad civil se involucre de manera activa en el tema de la conservaci\u00f3n del jaguar, para ello recomend\u00f3 consumir productos locales, que provengan de comunidades, de desarrollos, de particulares que est\u00e9n haciendo un trabajo por el medio ambiente o el jaguar, hacer donativos, a trav\u00e9s de las fundaciones, y tambi\u00e9n trabajar voluntariamente en las asociaciones que apoyan esta causa.<\/p>\n<p>Como adelanto, te sugerimos estar pendiente de EL ORIENTE en los pr\u00f3ximos d\u00edas, pues tendremos en exclusiva el video de varias de las conferencias ofrecidas durante este importante evento. S\u00edguenos en <a href=\"https:\/\/twitter.com\/El_Oriente\" target=\"_blank\">@El_Oriente<\/a>.<\/p>\n<p><a href=\"http:\/\/www.eloriente.net\/home\/wp-content\/uploads\/2015\/11\/Quinto-foro-para-la-conservaci\u00f3n-del-jaguar.jpg\"><img loading=\"lazy\" decoding=\"async\" class=\"alignnone size-medium wp-image-40673\" src=\"http:\/\/www.eloriente.net\/home\/wp-content\/uploads\/2015\/11\/Quinto-foro-para-la-conservaci\u00f3n-del-jaguar-300x169.jpg\" alt=\"Quinto foro para la conservaci\u00f3n del jaguar\" width=\"300\" height=\"169\" srcset=\"http:\/\/www.eloriente.net\/home\/wp-content\/uploads\/2015\/11\/Quinto-foro-para-la-conservaci\u00f3n-del-jaguar-300x169.jpg 300w, http:\/\/www.eloriente.net\/home\/wp-content\/uploads\/2015\/11\/Quinto-foro-para-la-conservaci\u00f3n-del-jaguar-1024x576.jpg 1024w, http:\/\/www.eloriente.net\/home\/wp-content\/uploads\/2015\/11\/Quinto-foro-para-la-conservaci\u00f3n-del-jaguar-900x506.jpg 900w, http:\/\/www.eloriente.net\/home\/wp-content\/uploads\/2015\/11\/Quinto-foro-para-la-conservaci\u00f3n-del-jaguar.jpg 1920w\" sizes=\"(max-width: 300px) 100vw, 300px\" \/><\/a><\/p>\n<p><strong>OTRAS ENTRADAS<\/strong><\/p>\n<div class=\"featuredpost\">\n<div class=\"flow_hide\">\n<h2 class=\"posttitle bigposttitle\"><a title=\"Enlace Permanente a Ser\u00e1 28 y 29 de noviembre Evaluaci\u00f3n Docente en Oaxaca; aqu\u00ed Calendario final\" href=\"http:\/\/www.eloriente.net\/home\/2015\/11\/13\/sera-28-y-29-de-noviembre-evaluacion-docente-en-oaxaca-aqui-calendario-final\/\" rel=\"bookmark\">Ser\u00e1 28 y 29 de noviembre Evaluaci\u00f3n Docente en Oaxaca; aqu\u00ed Calendario final<\/a><\/h2>\n<\/div>\n<p>eloriente.net\/SEP 13 de noviembre de 2015* El calendario para la Evaluaci\u00f3n del Desempe\u00f1o magisterial no tiene ni tendr\u00e1 cambios, precis\u00f3 Aurelio Nu\u00f1o Mayer, secretario de Educaci\u00f3n P\u00fablica, quien\u2026<\/p>\n<p class=\"postmeta\"><span class=\"meta_date\">noviembre 13, 2015<\/span><\/p>\n<div class=\"toolbar-social\"><\/div>\n<\/div>\n<div class=\"featuredpost\">\n<div class=\"flow_hide\">\n<p><a href=\"http:\/\/www.eloriente.net\/home\/2015\/11\/13\/las-canciones-mas-virales-de-spotify-adventure-of-a-lifetime-de-coldplay\/\" rel=\"bookmark\"><img decoding=\"async\" class=\"alignleft\" title=\"Las canciones m\u00e1s virales de Spotify: \u201cAdventure Of A Lifetime\u201d de Coldplay\" src=\"http:\/\/www.eloriente.net\/home\/wp-content\/themes\/city-desk\/timthumb.php?src=http%3A%2F%2Fwww.eloriente.net%2Fhome%2Fwp-content%2Fuploads%2F2015%2F11%2FColdplay-A-Head-Full-Of-Dreams.jpg&amp;q=90&amp;w=70&amp;h=45&amp;zc=1\" alt=\"Las canciones m\u00e1s virales de Spotify: \u201cAdventure Of A Lifetime\u201d de Coldplay\" \/><\/a><\/p>\n<h2 class=\"posttitle \"><a title=\"Enlace Permanente a Las canciones m\u00e1s virales de Spotify: \u201cAdventure Of A Lifetime\u201d de Coldplay\" href=\"http:\/\/www.eloriente.net\/home\/2015\/11\/13\/las-canciones-mas-virales-de-spotify-adventure-of-a-lifetime-de-coldplay\/\" rel=\"bookmark\">Las canciones m\u00e1s virales de Spotify: \u201cAdventure Of A Lifetime\u201d de Coldplay<\/a><\/h2>\n<\/div>\n<p>(www.eloriente.net, M\u00e9xico, a 12 de noviembre de 2015, por Valery L\u00f3pez).-\u00a0Spotify cuenta con un gran n\u00famero de listas dise\u00f1adas para ayudar a que sus usuarios conozcan m\u00fasica\u2026<\/p>\n<p class=\"postmeta\"><span class=\"meta_date\">noviembre 13, 2015<\/span><\/p>\n<div class=\"toolbar-social\"><\/div>\n<\/div>\n<div class=\"featuredpost\">\n<div class=\"flow_hide\">\n<p><a href=\"http:\/\/www.eloriente.net\/home\/2015\/11\/13\/situacion-de-los-medios-de-comunicacion-en-mexico-por-mauricio-barba\/\" rel=\"bookmark\"><img decoding=\"async\" class=\"alignleft\" title=\"Situaci\u00f3n de los medios de comunicaci\u00f3n en M\u00e9xico, por Mauricio Barba\" src=\"http:\/\/www.eloriente.net\/home\/wp-content\/themes\/city-desk\/timthumb.php?src=http%3A%2F%2Fwww.eloriente.net%2Fhome%2Fwp-content%2Fuploads%2F2012%2F12%2FDR-PREMIO-MONTELEON.jpg&amp;q=90&amp;w=70&amp;h=45&amp;zc=1\" alt=\"Situaci\u00f3n de los medios de comunicaci\u00f3n en M\u00e9xico, por Mauricio Barba\" \/><\/a><\/p>\n<h2 class=\"posttitle \"><a title=\"Enlace Permanente a Situaci\u00f3n de los medios de comunicaci\u00f3n en M\u00e9xico, por Mauricio Barba\" href=\"http:\/\/www.eloriente.net\/home\/2015\/11\/13\/situacion-de-los-medios-de-comunicacion-en-mexico-por-mauricio-barba\/\" rel=\"bookmark\">Situaci\u00f3n de los medios de comunicaci\u00f3n en M\u00e9xico, por Mauricio Barba<\/a><\/h2>\n<\/div>\n<p>eloriente.net\/Morelos 3.0* 13 de noviembre de 2015 La influencia de los medios de comunicaci\u00f3n ha sido un factor determinante en el desarrollo de las sociedades modernas, al grado\u2026<\/p>\n<p class=\"postmeta\"><span class=\"meta_date\">noviembre 13, 2015<\/span><\/p>\n<\/div>\n\n\t\t\t  <div \n\t\t\t  \tclass = \"fb-comments\" \n\t\t\t  \tdata-href = \"http:\/\/www.eloriente.net\/home\/2015\/11\/13\/director-preconjaguarh-el-jaguar-una-especie-fundamental-para-oaxaca\/\"\n\t\t\t  \tdata-numposts = \"10\"\n\t\t\t\tdata-colorscheme = \"dark\"\n\t\t\t\tdata-order-by = \"social\"\n\t\t\t\tdata-mobile=true>\n\t\t\t  <\/div>\n\t\t  <style>\n\t\t\t.fb_iframe_widget_fluid_desktop iframe {\n\t\t\t    width: 100% !important;\n\t\t\t}\n\t\t  <\/style>\n\t\t  ","protected":false},"excerpt":{"rendered":"<p>&nbsp; (www.eloriente.net, M\u00e9xico, a 13 de noviembre de 2015, por Valery L\u00f3pez).- Dentro del marco del Quinto Foro por la Conservaci\u00f3n del Jaguar realizado en Oaxaca desde el pasado 11 de noviembre, expertos del tema, provenientes del estado y de otras partes de la Rep\u00fablica Mexicana, hablaron sobre la importancia de la preservaci\u00f3n de este [&hellip;]<\/p>\n","protected":false},"author":44,"featured_media":3427,"comment_status":"open","ping_status":"open","sticky":false,"template":"","format":"standard","meta":{"_jetpack_memberships_contains_paid_content":false,"footnotes":""},"categories":[32,63,20,24,464],"tags":[5053,1112,956,5052,5056,5054,5055],"class_list":["post-40669","post","type-post","status-publish","format-standard","has-post-thumbnail","hentry","category-entradas","category-estados","category-medio-ambiente","category-mexico-y-el-mundo","category-oaxaca-estados","tag-foro-por-la-conservacion-del-jaguar","tag-jaguar","tag-medio-ambiente-2","tag-preconjaguarh","tag-preservacion","tag-quinto","tag-v-foro"],"jetpack_featured_media_url":"http:\/\/www.eloriente.net\/home\/wp-content\/uploads\/2012\/09\/jaguar.jpg","jetpack_sharing_enabled":true,"_links":{"self":[{"href":"http:\/\/www.eloriente.net\/home\/wp-json\/wp\/v2\/posts\/40669"}],"collection":[{"href":"http:\/\/www.eloriente.net\/home\/wp-json\/wp\/v2\/posts"}],"about":[{"href":"http:\/\/www.eloriente.net\/home\/wp-json\/wp\/v2\/types\/post"}],"author":[{"embeddable":true,"href":"http:\/\/www.eloriente.net\/home\/wp-json\/wp\/v2\/users\/44"}],"replies":[{"embeddable":true,"href":"http:\/\/www.eloriente.net\/home\/wp-json\/wp\/v2\/comments?post=40669"}],"version-history":[{"count":3,"href":"http:\/\/www.eloriente.net\/home\/wp-json\/wp\/v2\/posts\/40669\/revisions"}],"predecessor-version":[{"id":40681,"href":"http:\/\/www.eloriente.net\/home\/wp-json\/wp\/v2\/posts\/40669\/revisions\/40681"}],"wp:featuredmedia":[{"embeddable":true,"href":"http:\/\/www.eloriente.net\/home\/wp-json\/wp\/v2\/media\/3427"}],"wp:attachment":[{"href":"http:\/\/www.eloriente.net\/home\/wp-json\/wp\/v2\/media?parent=40669"}],"wp:term":[{"taxonomy":"category","embeddable":true,"href":"http:\/\/www.eloriente.net\/home\/wp-json\/wp\/v2\/categories?post=40669"},{"taxonomy":"post_tag","embeddable":true,"href":"http:\/\/www.eloriente.net\/home\/wp-json\/wp\/v2\/tags?post=40669"}],"curies":[{"name":"wp","href":"https:\/\/api.w.org\/{rel}","templated":true}]}}