{"id":40710,"date":"2015-11-16T12:00:57","date_gmt":"2015-11-16T18:00:57","guid":{"rendered":"http:\/\/www.eloriente.net\/home\/?p=40710"},"modified":"2015-11-16T14:33:07","modified_gmt":"2015-11-16T20:33:07","slug":"vigilara-congreso-la-correcta-aplicacion-del-presupuesto-en-oaxaca","status":"publish","type":"post","link":"http:\/\/www.eloriente.net\/home\/2015\/11\/16\/vigilara-congreso-la-correcta-aplicacion-del-presupuesto-en-oaxaca\/","title":{"rendered":"Estaremos atentos de aplicaci\u00f3n de 85 MMDP: Adolfo Toledo"},"content":{"rendered":"<p><script src=\"\/\/pagead2.googlesyndication.com\/pagead\/js\/adsbygoogle.js\" async=\"\"><\/script><!-- BANNER ELORIENTE INCRUSTADO NOTAS --> <ins class=\"adsbygoogle\" style=\"display: inline-block; width: 300px; height: 250px;\" data-ad-client=\"ca-pub-1136171134853753\" data-ad-slot=\"7974633627\"><\/ins><script>\/\/ <![CDATA[\n(adsbygoogle = window.adsbygoogle || []).push({});\n\/\/ ]]><\/script><\/p>\n<p>&nbsp;<\/p>\n<p>eloriente.net\/Congreso del Estado de Oaxaca<\/p>\n<p>16 de noviembre de 2015<\/p>\n<p>Al recibir el V\u00a0Informe de Gobierno de la administraci\u00f3n\u00a0 estatal, el Presidente de la\u00a0Mesa Directiva de la LXII Legislatura del Congreso del Estado, Adolfo\u00a0Toledo Infanz\u00f3n,\u00a0 enfatiz\u00f3 que Oaxaca est\u00e1 por encima de intereses\u00a0partidistas, grupales o\u00a0 particulares\u201d.<\/p>\n<p>Precis\u00f3 que en el proceso legislativo &#8211;que ayer reanudaron&#8211; los\u00a0diputados y diputadas tienen la convicci\u00f3n de que Oaxaca debe crecer\u00a0\u201cno podemos distraernos de nuestras tareas, debido al ejercicio\u00a0electoral que inicia para renovar al gobernador, la legislatura y\u00a0Ayuntamientos. Por lo tanto, estaremos atentos a la clara aplicaci\u00f3n de\u00a0los 85 mil 500 millones de pesos que aprob\u00f3 el Congreso Federal para\u00a0Oaxaca\u201d.<\/p>\n<p>En la Sesi\u00f3n Solemne &#8211;con la que inici\u00f3 el Primer Periodo de Sesiones\u00a0correspondiente al Tercer A\u00f1o de Ejercicio Legislativo\u2014 Toledo\u00a0Infanz\u00f3n\u00a0 indic\u00f3 que las y los legisladores, estar\u00e1n atentos al\u00a0cumplimiento de retos y tareas de la administraci\u00f3n estatal para que\u00a0cumpla las metas propuestas \u2013a trav\u00e9s del presupuesto otorgado\u2014 en\u00a0materia de infraestructura, salud, educaci\u00f3n, desarrollo de pueblos\u00a0ind\u00edgenas y proyectos productivos, entre otros.<\/p>\n<p>Y el Poder Judicial tambi\u00e9n tiene un\u00a0 reto importante al implementar y\u00a0completar el Sistema de Juicios Orales para el 2016, dijo.<\/p>\n<p><strong>PROYECTOS DE LEY Y COMPARECENCIAS<\/strong><\/p>\n<p>El presidente de la Mesa Directiva de la LXII Legislatura del Congreso\u00a0Estatal, anunci\u00f3 que entre las tareas inmediatas de fin de a\u00f1o que\u00a0tienen las y los integrantes del Poder Legislativo se\u00a0 encuentra la\u00a0aprobaci\u00f3n del presupuesto estatal; la\u00a0 rendici\u00f3n de la cuenta<br \/>\np\u00fablica\u00a0 en el marco de la transparencia que se exige.<\/p>\n<p>A\u00f1adi\u00f3 que tambi\u00e9n se calendarizar\u00e1, de acuerdo a la Junta de\u00a0Coordinaci\u00f3n Pol\u00edtica (JCP), la comparecencia de funcionarios para\u00a0realizar la glosa el V Informe de Gobierno.<\/p>\n<p>Toledo Infanz\u00f3n anunci\u00f3 que los diputados y diputadas tienen el deber\u00a0de analizar, estudiar, dictaminar y en su caso aprobar, cumpliendo el\u00a0proceso legislativo, las iniciativas de Ley como la Educativa,\u00a0Ind\u00edgena, del Notariado y Protecci\u00f3n de las ni\u00f1as, ni\u00f1os y\u00a0adolescentes.<\/p>\n<p>\u201cEstos son los retos que tenemos y donde, por ning\u00fan motivo los\u00a0oaxaque\u00f1os, quienes formamos parte de los tres poderes, podemos\u00a0distraernos de cara al proceso electoral que viviremos en pr\u00f3ximas\u00a0semanas.\u00a0Nuestro deber legislativo, nos impone recibir el informe, lo\u00a0analizaremos y emitiremos la opini\u00f3n en comparecencias, porque por<br \/>\nencima de Oaxaca no hay ning\u00fan inter\u00e9s, particular, partidista o de\u00a0grupo, Oaxaca est\u00e1 por encima de todo ello\u201d, remarc\u00f3.<\/p>\n<p><script src=\"\/\/pagead2.googlesyndication.com\/pagead\/js\/adsbygoogle.js\" async=\"\"><\/script><!-- BANNER PEQUE\u00d1O PARA ENTRENOTAS EL ORIENTE --> <ins class=\"adsbygoogle\" style=\"display: inline-block; width: 468px; height: 60px;\" data-ad-client=\"ca-pub-1136171134853753\" data-ad-slot=\"4953536424\"><\/ins><script>\/\/ <![CDATA[\n(adsbygoogle = window.adsbygoogle || []).push({});\n\/\/ ]]><\/script><\/p>\n<p><strong>ORDEN ADMINISTRATIVO LE DAR\u00c1 OTRO GIRO AL QUEHACER LEGISLATIVO: ANTONIA\u00a0NATIVIDAD D\u00cdAZ JIM\u00c9NEZ<\/strong><\/p>\n<p>A su vez, la\u00a0 presidenta de la Junta de Coordinaci\u00f3n Pol\u00edtica (JCP),\u00a0Antonia Natividad D\u00edaz Jim\u00e9nez, anunci\u00f3 que en 10 d\u00edas, se podr\u00e1\u00a0contar con un calendario \u2013a proponer ante el pleno\u2014para efectuar la\u00a0glosa del V informe de Gobierno de la administraci\u00f3n estatal.<\/p>\n<p>La tambi\u00e9n coordinadora de la Fracci\u00f3n Parlamentaria del PAN,\u00a0adelant\u00f3 su inter\u00e9s para que la productividad legislativa se note<br \/>\n\u2013en este \u00faltimo tercio de ejercicio\u2014 analizando y aprobando en su\u00a0caso, las Leyes fundamentales que demanda la poblaci\u00f3n en materia\u00a0educativa e ind\u00edgena, la legislaci\u00f3n notarial, as\u00ed como la Ley de\u00a0Protecci\u00f3n a los Derechos de los Ni\u00f1os y Adolescentes.<\/p>\n<p>\u201cComunicaci\u00f3n y orden administrativo le dar\u00e1 otro giro al quehacer\u00a0legislativo que hoy emprendemos\u201d, dijo.<\/p>\n<p><strong>CUMPLE G\u00d3MEZ SANDOVAL CON\u00a0 ART\u00cdCULO 43 DE LA CONSTITUCI\u00d3N POL\u00cdTICA\u00a0DE OAXACA<\/strong><\/p>\n<p>Por su parte, en cumplimiento a lo establecido en el art\u00edculo 43 de la\u00a0Constituci\u00f3n Local, el secretario general de Gobierno Alfonso G\u00f3mez\u00a0Sandoval acudi\u00f3 a la sede del Poder Legislativo para entregar el V\u00a0Informe de Gobierno que describe el Estado que guarda la Administraci\u00f3n\u00a0P\u00fablica de la Entidad.<\/p>\n<p>En su intervenci\u00f3n, G\u00f3mez Sandoval destac\u00f3 que los documentos\u00a0entregados dan cuenta de las acciones realizadas y los logros alcanzados\u00a0durante el V a\u00f1o de gobierno de acuerdo a los cuatro ejes tem\u00e1ticos y\u00a0pol\u00edticas transversales del Plan Estatal de Desarrollo de Oaxaca\u00a02011-2016.<\/p>\n<p>Previ\u00f3 a la entrega del\u00a0 V Informe de la administraci\u00f3n estatal, en\u00a0la explanada principal del H. Congreso del Estado se llev\u00f3 acabo a la\u00a0ceremonia de Honores a la bandera nacional, donde estuvieron presentes\u00a0legisladores as\u00ed como legisladoras, el oficial mayor, y directivos del\u00a0Poder Legislativo.<\/p>\n<p>Posteriormente los diputaos C\u00e9sar Javier Barroso S\u00e1nchez (PAN),\u00a0Arsenio Lorenzo Mej\u00eda Garc\u00eda, Amando Demetrio Boh\u00f3rquez Reyes, del\u00a0Partido Revolucionario Institucional (PRI); Carlos Alberto Vera Vidal,\u00a0del Partido Verde Ecologista de M\u00e9xico (PVEM) y Palem\u00f3n Gregorio\u00a0Bautista, del Partido de la Revoluci\u00f3n Democr\u00e1tica (PRD) clausuraron\u00a0los trabajos de la Diputaci\u00f3n Permanente.<\/p>\n<p><a href=\"http:\/\/www.eloriente.net\/home\/wp-content\/uploads\/2015\/11\/Congreso-Oaxaca.jpg\"><img loading=\"lazy\" decoding=\"async\" class=\"alignnone size-medium wp-image-40711\" src=\"http:\/\/www.eloriente.net\/home\/wp-content\/uploads\/2015\/11\/Congreso-Oaxaca-300x188.jpg\" alt=\"Congreso-Oaxaca\" width=\"300\" height=\"188\" srcset=\"http:\/\/www.eloriente.net\/home\/wp-content\/uploads\/2015\/11\/Congreso-Oaxaca-300x188.jpg 300w, http:\/\/www.eloriente.net\/home\/wp-content\/uploads\/2015\/11\/Congreso-Oaxaca-1024x643.jpg 1024w, http:\/\/www.eloriente.net\/home\/wp-content\/uploads\/2015\/11\/Congreso-Oaxaca-900x565.jpg 900w, http:\/\/www.eloriente.net\/home\/wp-content\/uploads\/2015\/11\/Congreso-Oaxaca.jpg 2045w\" sizes=\"(max-width: 300px) 100vw, 300px\" \/><\/a><\/p>\n<p><strong>OTRAS ENTRADAS<\/strong><\/p>\n<div class=\"featuredpost\">\n<div class=\"flow_hide\">\n<h2 class=\"posttitle bigposttitle\"><a title=\"Enlace Permanente a Resumen del Terror en Par\u00eds: Radio Francia Internacional\" href=\"http:\/\/www.eloriente.net\/home\/2015\/11\/14\/resumen-del-terror-en-paris-radio-francia-internacional\/\" rel=\"bookmark\">Resumen del Terror en Par\u00eds: Radio Francia Internacional<\/a><\/h2>\n<\/div>\n<p>eloriente.net\/RFI 14 de noviembre de 2015 ESCUCHA EL ESPECIAL DE RFI SOBRE ATENTADOS: (27:00) \u00a0 Los seis lugares donde tuvieron lugar los atentados: Los ataques terroristas sin precedentes\u2026<\/p>\n<p class=\"postmeta\"><span class=\"meta_date\">noviembre 14, 2015<\/span><\/p>\n<div class=\"toolbar-social\"><\/div>\n<\/div>\n<div class=\"featuredpost\">\n<div class=\"flow_hide\">\n<p><a href=\"http:\/\/www.eloriente.net\/home\/2015\/11\/13\/sera-28-y-29-de-noviembre-evaluacion-docente-en-oaxaca-aqui-calendario-final\/\" rel=\"bookmark\"><img decoding=\"async\" class=\"alignleft\" title=\"Ser\u00e1 28 y 29 de noviembre Evaluaci\u00f3n Docente en Oaxaca; aqu\u00ed Calendario final\" src=\"http:\/\/www.eloriente.net\/home\/wp-content\/themes\/city-desk\/timthumb.php?src=http%3A%2F%2Fwww.eloriente.net%2Fhome%2Fwp-content%2Fuploads%2F2015%2F11%2Fcalenadrio_12_nov_2.jpg&amp;q=90&amp;w=70&amp;h=45&amp;zc=1\" alt=\"Ser\u00e1 28 y 29 de noviembre Evaluaci\u00f3n Docente en Oaxaca; aqu\u00ed Calendario final\" \/><\/a><\/p>\n<h2 class=\"posttitle \"><a title=\"Enlace Permanente a Ser\u00e1 28 y 29 de noviembre Evaluaci\u00f3n Docente en Oaxaca; aqu\u00ed Calendario final\" href=\"http:\/\/www.eloriente.net\/home\/2015\/11\/13\/sera-28-y-29-de-noviembre-evaluacion-docente-en-oaxaca-aqui-calendario-final\/\" rel=\"bookmark\">Ser\u00e1 28 y 29 de noviembre Evaluaci\u00f3n Docente en Oaxaca; aqu\u00ed Calendario final<\/a><\/h2>\n<\/div>\n<p>eloriente.net\/SEP 13 de noviembre de 2015* El calendario para la Evaluaci\u00f3n del Desempe\u00f1o magisterial no tiene ni tendr\u00e1 cambios, precis\u00f3 Aurelio Nu\u00f1o Mayer, secretario de Educaci\u00f3n P\u00fablica, quien\u2026<\/p>\n<p class=\"postmeta\"><span class=\"meta_date\">noviembre 13, 2015<\/span><\/p>\n<div class=\"toolbar-social\"><\/div>\n<\/div>\n<div class=\"featuredpost\">\n<div class=\"flow_hide\">\n<p><a href=\"http:\/\/www.eloriente.net\/home\/2015\/11\/13\/las-canciones-mas-virales-de-spotify-adventure-of-a-lifetime-de-coldplay\/\" rel=\"bookmark\"><img decoding=\"async\" class=\"alignleft\" title=\"Las canciones m\u00e1s virales de Spotify: \u201cAdventure Of A Lifetime\u201d de Coldplay\" src=\"http:\/\/www.eloriente.net\/home\/wp-content\/themes\/city-desk\/timthumb.php?src=http%3A%2F%2Fwww.eloriente.net%2Fhome%2Fwp-content%2Fuploads%2F2015%2F11%2FColdplay-A-Head-Full-Of-Dreams.jpg&amp;q=90&amp;w=70&amp;h=45&amp;zc=1\" alt=\"Las canciones m\u00e1s virales de Spotify: \u201cAdventure Of A Lifetime\u201d de Coldplay\" \/><\/a><\/p>\n<h2 class=\"posttitle \"><a title=\"Enlace Permanente a Las canciones m\u00e1s virales de Spotify: \u201cAdventure Of A Lifetime\u201d de Coldplay\" href=\"http:\/\/www.eloriente.net\/home\/2015\/11\/13\/las-canciones-mas-virales-de-spotify-adventure-of-a-lifetime-de-coldplay\/\" rel=\"bookmark\">Las canciones m\u00e1s virales de Spotify: \u201cAdventure Of A Lifetime\u201d de Coldplay<\/a><\/h2>\n<\/div>\n<p>(www.eloriente.net, M\u00e9xico, a 12 de noviembre de 2015, por Valery L\u00f3pez).-\u00a0Spotify cuenta con un gran n\u00famero de listas dise\u00f1adas para ayudar a que sus usuarios conozcan m\u00fasica\u2026<\/p>\n<p class=\"postmeta\"><span class=\"meta_date\">noviembre 13, 2015<\/span><\/p>\n<\/div>\n\n\t\t\t  <div \n\t\t\t  \tclass = \"fb-comments\" \n\t\t\t  \tdata-href = \"http:\/\/www.eloriente.net\/home\/2015\/11\/16\/vigilara-congreso-la-correcta-aplicacion-del-presupuesto-en-oaxaca\/\"\n\t\t\t  \tdata-numposts = \"10\"\n\t\t\t\tdata-colorscheme = \"dark\"\n\t\t\t\tdata-order-by = \"social\"\n\t\t\t\tdata-mobile=true>\n\t\t\t  <\/div>\n\t\t  <style>\n\t\t\t.fb_iframe_widget_fluid_desktop iframe {\n\t\t\t    width: 100% !important;\n\t\t\t}\n\t\t  <\/style>\n\t\t  ","protected":false},"excerpt":{"rendered":"<p>&nbsp; eloriente.net\/Congreso del Estado de Oaxaca 16 de noviembre de 2015 Al recibir el V\u00a0Informe de Gobierno de la administraci\u00f3n\u00a0 estatal, el Presidente de la\u00a0Mesa Directiva de la LXII Legislatura del Congreso del Estado, Adolfo\u00a0Toledo Infanz\u00f3n,\u00a0 enfatiz\u00f3 que Oaxaca est\u00e1 por encima de intereses\u00a0partidistas, grupales o\u00a0 particulares\u201d. Precis\u00f3 que en el proceso legislativo &#8211;que ayer [&hellip;]<\/p>\n","protected":false},"author":44,"featured_media":40711,"comment_status":"open","ping_status":"open","sticky":false,"template":"","format":"standard","meta":{"_jetpack_memberships_contains_paid_content":false,"footnotes":""},"categories":[2434,1588,71,32,63,464,21],"tags":[4195,5041,3498,753,5086,5085],"class_list":["post-40710","post","type-post","status-publish","format-standard","has-post-thumbnail","hentry","category-lunesdepolitica","category-comunicados-y-boletines","category-elecciones","category-entradas","category-estados","category-oaxaca-estados","category-politica-y-gobierno","tag-comunicado","tag-congreso-del-estado","tag-gobernador","tag-presupuesto","tag-quinto-informe","tag-v-informe"],"jetpack_featured_media_url":"http:\/\/www.eloriente.net\/home\/wp-content\/uploads\/2015\/11\/Congreso-Oaxaca.jpg","jetpack_sharing_enabled":true,"_links":{"self":[{"href":"http:\/\/www.eloriente.net\/home\/wp-json\/wp\/v2\/posts\/40710"}],"collection":[{"href":"http:\/\/www.eloriente.net\/home\/wp-json\/wp\/v2\/posts"}],"about":[{"href":"http:\/\/www.eloriente.net\/home\/wp-json\/wp\/v2\/types\/post"}],"author":[{"embeddable":true,"href":"http:\/\/www.eloriente.net\/home\/wp-json\/wp\/v2\/users\/44"}],"replies":[{"embeddable":true,"href":"http:\/\/www.eloriente.net\/home\/wp-json\/wp\/v2\/comments?post=40710"}],"version-history":[{"count":3,"href":"http:\/\/www.eloriente.net\/home\/wp-json\/wp\/v2\/posts\/40710\/revisions"}],"predecessor-version":[{"id":40723,"href":"http:\/\/www.eloriente.net\/home\/wp-json\/wp\/v2\/posts\/40710\/revisions\/40723"}],"wp:featuredmedia":[{"embeddable":true,"href":"http:\/\/www.eloriente.net\/home\/wp-json\/wp\/v2\/media\/40711"}],"wp:attachment":[{"href":"http:\/\/www.eloriente.net\/home\/wp-json\/wp\/v2\/media?parent=40710"}],"wp:term":[{"taxonomy":"category","embeddable":true,"href":"http:\/\/www.eloriente.net\/home\/wp-json\/wp\/v2\/categories?post=40710"},{"taxonomy":"post_tag","embeddable":true,"href":"http:\/\/www.eloriente.net\/home\/wp-json\/wp\/v2\/tags?post=40710"}],"curies":[{"name":"wp","href":"https:\/\/api.w.org\/{rel}","templated":true}]}}